{"id":376659,"date":"2025-09-09T02:13:10","date_gmt":"2025-09-09T02:13:10","guid":{"rendered":"https:\/\/www.europesays.com\/fr\/376659\/"},"modified":"2025-09-09T02:13:10","modified_gmt":"2025-09-09T02:13:10","slug":"je-le-connais-pas-hyper-bien-cyril-hanouna-met-les-choses-au-point-sur-un-de-ses-chroniqueurs-le-plateau-setrangle","status":"publish","type":"post","link":"https:\/\/www.europesays.com\/fr\/376659\/","title":{"rendered":"\u00a0\u00ab\u00a0Je le connais pas hyper bien\u00a0\u00bb : Cyril Hanouna met les choses au point sur un de ses chroniqueurs, le plateau s&rsquo;\u00e9trangle"},"content":{"rendered":"<p>La rentr\u00e9e est mouvement\u00e9e pour Cyril Hanouna. Apr\u00e8s la<br \/>\nfermeture de C8 en f\u00e9vrier dernier, suite \u00e0 la d\u00e9cision de l\u2019Arcom,<br \/>\nl\u2019animateur de Touche pas \u00e0 mon poste a \u00e9t\u00e9 recrut\u00e9 par le groupe<br \/>\nM6. Depuis la rentr\u00e9e 2025, il anime donc une \u00e9mission t\u00e9l\u00e9, sur<br \/>\nW9, et une autre sur Fun Radio. Elles s\u2019appellent respectivement<br \/>\n\u201cTout beau tout neuf\u201d et \u201cTout beau tout Fun\u201d.<\/p>\n<p>Pour ces nouveaux programmes, il s\u2019est entour\u00e9 d\u2019anciens et<br \/>\n<a href=\"https:\/\/www.closermag.fr\/people\/cyril-hanouna-annonce-larrivee-dun-nouveau-chroniqueur-dans-tout-beau-tout-n9uf-et-on-a-deja-peur-du-resultat-3570869\" rel=\"nofollow noopener\" target=\"_blank\"><br \/>\nde nouveaux chroniqueurs<\/a>. Mais visiblement parmi ses fid\u00e8les,<br \/>\nun d\u2019entre eux n\u2019inspire pas vraiment confiance.<\/p>\n<p>Raymond Aabou tacl\u00e9 sur Fun Radio<\/p>\n<p>Lundi 8 septembre, Cyril Hanouna a anim\u00e9 une <a href=\"https:\/\/www.closermag.fr\/people\/je-sais-pas-quoi-dire-capucine-anav-raconte-son-reve-erotique-et-ca-fait-buguer-cyril-hanouna-3575575\" rel=\"nofollow noopener\" target=\"_blank\"><br \/>\nnouvelle \u00e9mission de Tout beau tout fun<\/a>, du lundi au vendredi<br \/>\nde 15 h \u00e0 18 h en direct sur Fun Radio. Ce jour-l\u00e0, il a demand\u00e9 \u00e0<br \/>\nses chroniqueurs en qui ils avaient le moins confiance dans<br \/>\nl\u2019\u00e9quipe. Pour Val\u00e9rie B\u00e9na\u00efm, la r\u00e9ponse ne se fait pas attendre :<br \/>\n<strong>il s\u2019agit de Raymond Aabou<\/strong> : \u201cIl ne tiendra<br \/>\npas, il est fracass\u00e9\u201d, dit-elle, en pr\u00e9cisant que ce soit dans<br \/>\nla vie ou dans l\u2019\u00e9mission. M\u00eame r\u00e9ponse pour Shana Lousteau<br \/>\n<a href=\"https:\/\/www.closermag.fr\/non-classe\/par-jour-capucine-anav-grassement-payee-par-cyril-hanouna-3576516\" rel=\"nofollow noopener\" target=\"_blank\"><br \/>\net Capucine Anav<\/a>. Toutes les trois \u00e9voquent notamment la<br \/>\nproximit\u00e9 entre Cyril Hanouna et le chroniqueur. L\u2019animateur se<br \/>\nsent alors oblig\u00e9 de mettre les choses au clair : \u201c<strong>Je<br \/>\nne le connais pas hyper bien. Je l\u2019ai vu deux fois dans son camion,<br \/>\non a sympathis\u00e9\u2026<\/strong> Je lui ai offert deux cocktails cet \u00e9t\u00e9\u2026<br \/>\nDe l\u00e0 \u00e0 dire qu\u2019on est tout le temps ensemble, c\u2019est un pas que je<br \/>\nne franchirai pas.\u00a0\u00bb<\/p>\n<p>En studio, tous les chroniqueurs sont totalement hilares.<br \/>\nD\u2019autant plus que juste avant, les trois femmes venaient d\u2019\u00e9voquer<br \/>\nla semaine de vacances que les deux hommes ont pass\u00e9e ensemble cet<br \/>\n\u00e9t\u00e9. <strong>Cyril Hanouna serait-il g\u00ean\u00e9 ?<\/strong><\/p>\n<p>Cyril Hanouna et Raymond Aabou : des<br \/>\nvacances ensemble ?<\/p>\n<p>En effet, il y a quelques semaines, le magazine Public<br \/>\navait d\u00e9voil\u00e9 que Cyril Hanouna passait ses vacances dans sa<br \/>\nsublime <a href=\"https:\/\/www.closermag.fr\/people\/cyril-hanouna-a-quoi-ressemble-sa-luxueuse-maison-a-saint-tropez-3460760\" rel=\"nofollow noopener\" target=\"_blank\"><br \/>\nmaison proche de Saint-Tropez<\/a>, <a href=\"https:\/\/www.closermag.fr\/people\/cyril-hanouna-avant-de-retrouver-sa-maison-de-saint-tropez-il-sest-offert-des-vacances-tres-bling-bling-3570428\" rel=\"nofollow noopener\" target=\"_blank\"><br \/>\naux c\u00f4t\u00e9s de Raymond Aabou<\/a>. Un lieu paradisiaque, d\u00e9crit comme<br \/>\nune \u201cvilla moderne de style californien, avec un grand bassin,<br \/>\nqui s\u00a0\u00bb\u00e9tend sur 5000 m\u00e8tres carr\u00e9s et donne sur des<br \/>\nvignes\u201d.<\/p>\n<p>Mais ce n\u2019est pas tout !\u00a0 Il l\u2019aurait m\u00eame suivi lors de sa<br \/>\nvir\u00e9e entre amis aux \u00c9tats-Unis, lorsqu\u2019il \u00e9tait parti \u00e0 Las Vegas<br \/>\net Los Angeles. Finalement, ils seraient plus proches que ce que<br \/>\nCyril Hanouna ne laisse penser.<\/p>\n","protected":false},"excerpt":{"rendered":"La rentr\u00e9e est mouvement\u00e9e pour Cyril Hanouna. Apr\u00e8s la fermeture de C8 en f\u00e9vrier dernier, suite \u00e0 la&hellip;\n","protected":false},"author":2,"featured_media":376660,"comment_status":"","ping_status":"","sticky":false,"template":"","format":"standard","meta":{"footnotes":""},"categories":[1359],"tags":[548,1083,58,59,1011,27,973,43025],"class_list":{"0":"post-376659","1":"post","2":"type-post","3":"status-publish","4":"format-standard","5":"has-post-thumbnail","7":"category-people","8":"tag-article-simple","9":"tag-cyril-hanouna","10":"tag-divertissement","11":"tag-entertainment","12":"tag-fr","13":"tag-france","14":"tag-people","15":"tag-raymond-aabou"},"share_on_mastodon":{"url":"https:\/\/pubeurope.com\/@fr\/115171924662847552","error":""},"_links":{"self":[{"href":"https:\/\/www.europesays.com\/fr\/wp-json\/wp\/v2\/posts\/376659","targetHints":{"allow":["GET"]}}],"collection":[{"href":"https:\/\/www.europesays.com\/fr\/wp-json\/wp\/v2\/posts"}],"about":[{"href":"https:\/\/www.europesays.com\/fr\/wp-json\/wp\/v2\/types\/post"}],"author":[{"embeddable":true,"href":"https:\/\/www.europesays.com\/fr\/wp-json\/wp\/v2\/users\/2"}],"replies":[{"embeddable":true,"href":"https:\/\/www.europesays.com\/fr\/wp-json\/wp\/v2\/comments?post=376659"}],"version-history":[{"count":0,"href":"https:\/\/www.europesays.com\/fr\/wp-json\/wp\/v2\/posts\/376659\/revisions"}],"wp:featuredmedia":[{"embeddable":true,"href":"https:\/\/www.europesays.com\/fr\/wp-json\/wp\/v2\/media\/376660"}],"wp:attachment":[{"href":"https:\/\/www.europesays.com\/fr\/wp-json\/wp\/v2\/media?parent=376659"}],"wp:term":[{"taxonomy":"category","embeddable":true,"href":"https:\/\/www.europesays.com\/fr\/wp-json\/wp\/v2\/categories?post=376659"},{"taxonomy":"post_tag","embeddable":true,"href":"https:\/\/www.europesays.com\/fr\/wp-json\/wp\/v2\/tags?post=376659"}],"curies":[{"name":"wp","href":"https:\/\/api.w.org\/{rel}","templated":true}]}}