{"id":37666,"date":"2025-04-20T01:23:17","date_gmt":"2025-04-20T01:23:17","guid":{"rendered":"https:\/\/www.europesays.com\/fr\/37666\/"},"modified":"2025-04-20T01:23:17","modified_gmt":"2025-04-20T01:23:17","slug":"midi-dix-bordeaux-veut-prolonger-soufiane-bahassa-huis-clos-evite-j26-national-2-en-details","status":"publish","type":"post","link":"https:\/\/www.europesays.com\/fr\/37666\/","title":{"rendered":"Midi Dix : Bordeaux veut prolonger Soufiane Bahassa, Huis Clos \u00e9vit\u00e9, J26 National 2 en d\u00e9tails"},"content":{"rendered":"<p>\n    18\/04 &#8211; 12:39 | Il y a<br \/>\n    2 jours\n  <\/p>\n<p><strong>C&rsquo;est le retour de ce rendez-vous d&rsquo;actu \u00e0 mi-journ\u00e9e ce vendredi. Nous profitons de la pause pour faire un point complet sur l&rsquo;actualit\u00e9 des Girondins de Bordeaux avec une revue de presse et des infos. Nous d\u00e9taillons ce qu&rsquo;il faut savoir \u00e0 24h du match d\u00e9cisif face au Stade Briochin.<\/strong><\/p>\n<p>    <a href=\"https:\/\/www.webgirondins.com\/actualites-categorie-webgirondins-tv-12\" target=\"_blank\" rel=\"noopener\">#WebGirondins TV<\/a><\/p>\n<p>  COMMENTAIRES<br \/>\n  ()<\/p>\n","protected":false},"excerpt":{"rendered":"18\/04 &#8211; 12:39 | Il y a 2 jours C&rsquo;est le retour de ce rendez-vous d&rsquo;actu \u00e0 mi-journ\u00e9e&hellip;\n","protected":false},"author":2,"featured_media":37667,"comment_status":"","ping_status":"","sticky":false,"template":"","format":"standard","meta":{"footnotes":""},"categories":[2817],"tags":[1111,47,11,3396,8251,1997,6692,3949,154,7679,1777,674,11962,4560,1011,27,1987,6691,3465,11961,3238,12,3946,2219,11965,3948,471,4048,11964,9741,11963,25,8133,4053,8250,6949,9870,4568],"class_list":{"0":"post-37666","1":"post","2":"type-post","3":"status-publish","4":"format-standard","5":"has-post-thumbnail","7":"category-bordeaux","8":"tag-actu","9":"tag-actualite","10":"tag-actualites","11":"tag-avec","12":"tag-bahassa","13":"tag-bordeaux","14":"tag-clos","15":"tag-complet","16":"tag-des","17":"tag-details","18":"tag-eu","19":"tag-europe","20":"tag-evite","21":"tag-faire","22":"tag-fr","23":"tag-france","24":"tag-girondins","25":"tag-huis","26":"tag-journee","27":"tag-midi","28":"tag-national","29":"tag-news","30":"tag-nous","31":"tag-nouvelle-aquitaine","32":"tag-pause","33":"tag-point","34":"tag-pour","35":"tag-presse","36":"tag-profitons","37":"tag-prolonger","38":"tag-rendez","39":"tag-republique-francaise","40":"tag-retour","41":"tag-revue","42":"tag-soufiane","43":"tag-vendredi","44":"tag-veut","45":"tag-vous"},"share_on_mastodon":{"url":"https:\/\/pubeurope.com\/@fr\/114367679925563931","error":""},"_links":{"self":[{"href":"https:\/\/www.europesays.com\/fr\/wp-json\/wp\/v2\/posts\/37666","targetHints":{"allow":["GET"]}}],"collection":[{"href":"https:\/\/www.europesays.com\/fr\/wp-json\/wp\/v2\/posts"}],"about":[{"href":"https:\/\/www.europesays.com\/fr\/wp-json\/wp\/v2\/types\/post"}],"author":[{"embeddable":true,"href":"https:\/\/www.europesays.com\/fr\/wp-json\/wp\/v2\/users\/2"}],"replies":[{"embeddable":true,"href":"https:\/\/www.europesays.com\/fr\/wp-json\/wp\/v2\/comments?post=37666"}],"version-history":[{"count":0,"href":"https:\/\/www.europesays.com\/fr\/wp-json\/wp\/v2\/posts\/37666\/revisions"}],"wp:featuredmedia":[{"embeddable":true,"href":"https:\/\/www.europesays.com\/fr\/wp-json\/wp\/v2\/media\/37667"}],"wp:attachment":[{"href":"https:\/\/www.europesays.com\/fr\/wp-json\/wp\/v2\/media?parent=37666"}],"wp:term":[{"taxonomy":"category","embeddable":true,"href":"https:\/\/www.europesays.com\/fr\/wp-json\/wp\/v2\/categories?post=37666"},{"taxonomy":"post_tag","embeddable":true,"href":"https:\/\/www.europesays.com\/fr\/wp-json\/wp\/v2\/tags?post=37666"}],"curies":[{"name":"wp","href":"https:\/\/api.w.org\/{rel}","templated":true}]}}