{"id":376661,"date":"2025-09-09T02:14:27","date_gmt":"2025-09-09T02:14:27","guid":{"rendered":"https:\/\/www.europesays.com\/fr\/376661\/"},"modified":"2025-09-09T02:14:27","modified_gmt":"2025-09-09T02:14:27","slug":"claude-vulpian-lhomme-au-demi-siecle-dengagement-dans-la-vie-politique-a-saint-martin-de-crau-expose-ses-peintures","status":"publish","type":"post","link":"https:\/\/www.europesays.com\/fr\/376661\/","title":{"rendered":"Claude Vulpian, l&rsquo;homme au demi-si\u00e8cle d&rsquo;engagement dans la vie politique \u00e0 Saint-Martin-de-Crau, expose ses peintures"},"content":{"rendered":"<p>Un homme politique, un arboriculteur, un syndicaliste agricole, un artiste-peintre et m\u00eame un confr\u00e8re. Claude Vulpian a eu plusieurs vies, parfois men\u00e9es de front. \u00ab\u00a0J\u2019\u00e9tais correspondant \u00e0 <a href=\"https:\/\/www.laprovence.com\/article\/politique\/1003634176848814\/municipales-2026-a-saint-martin-de-crau-severine-dellanegra-sera-candidate-guy-bono-et-tania-teixier-se-preparent\" target=\"_blank\" rel=\"noopener\">Saint-Martin-de-Crau<\/a> pour La Provence dans les ann\u00e9es 1970&Prime;, r\u00e9v\u00e8le l\u2019homme de 88\u00a0ans, dont les peintures, une autre de ses passions, seront expos\u00e9es du 9 au 28\u00a0septembre au <a href=\"https:\/\/www.laprovence.com\/article\/sortie-loisirs\/38555180983677\/la-jeunesse-saint-martinoise-a-vecu-une-soiree-memorable-samedi-28-juin-au-summer-festiv-halles\" target=\"_blank\" rel=\"noopener\">Centre de d\u00e9veloppement culturel <\/a>(CDC) de Saint-Martin-de-Crau. \u00ab\u00a0Pour moi, il n\u2019\u00e9tait pas question de faire une exposition. Je peins pour moi, pour ma famille. Mais Jean-Louis Aubertin, le directeur du CDC, m\u2019a propos\u00e9 de la faire dans le cadre du centenaire de la commune.\u00a0\u00bb L\u2019argument d\u00e9cisif pour convaincre Claude Vulpian qui a mis son activit\u00e9 artistique entre parenth\u00e8ses pendant toute la dur\u00e9e de son engagement politique. Environ 65 toiles \u00e0 d\u00e9couvrir entre portraits, paysages, sc\u00e8nes de f\u00eates traditionnelles, bouquets de fleurs\u2026<\/p>\n<p>Claude Vulpian, \u00e9lu pendant 49 ans sans discontinuer<\/p>\n<p>\u00ab\u00a0En cinquante ans, j\u2019ai peint un seul tableau et c\u2019\u00e9tait les armoiries de la commune que j\u2019ai offertes \u00e0 la ville allemande avec laquelle Saint-Martin est jumel\u00e9e\u00a0\u00bb, affirme-t-il. Mais ce n\u2019est pas tant pour montrer ses toiles que pour saisir l\u2019op&#8230;<\/p>\n","protected":false},"excerpt":{"rendered":"Un homme politique, un arboriculteur, un syndicaliste agricole, un artiste-peintre et m\u00eame un confr\u00e8re. Claude Vulpian a eu&hellip;\n","protected":false},"author":2,"featured_media":376662,"comment_status":"","ping_status":"","sticky":false,"template":"","format":"standard","meta":{"footnotes":""},"categories":[1358],"tags":[17,1348,1384,1385,7859,251,51053,1446,51052,1386,58,59,1011,27,5910,4717,51051],"class_list":{"0":"post-376661","1":"post","2":"type-post","3":"status-publish","4":"format-standard","5":"has-post-thumbnail","7":"category-arts-et-design","8":"tag-17","9":"tag-arts","10":"tag-arts-and-design","11":"tag-arts-et-design","12":"tag-claude","13":"tag-culture","14":"tag-dengagement","15":"tag-dans","16":"tag-demi-siecle","17":"tag-design","18":"tag-divertissement","19":"tag-entertainment","20":"tag-fr","21":"tag-france","22":"tag-lhomme","23":"tag-vie","24":"tag-vulpian"},"share_on_mastodon":{"url":"https:\/\/pubeurope.com\/@fr\/115171928525357597","error":""},"_links":{"self":[{"href":"https:\/\/www.europesays.com\/fr\/wp-json\/wp\/v2\/posts\/376661","targetHints":{"allow":["GET"]}}],"collection":[{"href":"https:\/\/www.europesays.com\/fr\/wp-json\/wp\/v2\/posts"}],"about":[{"href":"https:\/\/www.europesays.com\/fr\/wp-json\/wp\/v2\/types\/post"}],"author":[{"embeddable":true,"href":"https:\/\/www.europesays.com\/fr\/wp-json\/wp\/v2\/users\/2"}],"replies":[{"embeddable":true,"href":"https:\/\/www.europesays.com\/fr\/wp-json\/wp\/v2\/comments?post=376661"}],"version-history":[{"count":0,"href":"https:\/\/www.europesays.com\/fr\/wp-json\/wp\/v2\/posts\/376661\/revisions"}],"wp:featuredmedia":[{"embeddable":true,"href":"https:\/\/www.europesays.com\/fr\/wp-json\/wp\/v2\/media\/376662"}],"wp:attachment":[{"href":"https:\/\/www.europesays.com\/fr\/wp-json\/wp\/v2\/media?parent=376661"}],"wp:term":[{"taxonomy":"category","embeddable":true,"href":"https:\/\/www.europesays.com\/fr\/wp-json\/wp\/v2\/categories?post=376661"},{"taxonomy":"post_tag","embeddable":true,"href":"https:\/\/www.europesays.com\/fr\/wp-json\/wp\/v2\/tags?post=376661"}],"curies":[{"name":"wp","href":"https:\/\/api.w.org\/{rel}","templated":true}]}}