{"id":376663,"date":"2025-09-09T02:15:10","date_gmt":"2025-09-09T02:15:10","guid":{"rendered":"https:\/\/www.europesays.com\/fr\/376663\/"},"modified":"2025-09-09T02:15:10","modified_gmt":"2025-09-09T02:15:10","slug":"villefranche-de-rouergue-une-rencontre-dedicaces-avec-michele-nevert-2","status":"publish","type":"post","link":"https:\/\/www.europesays.com\/fr\/376663\/","title":{"rendered":"Villefranche-de-Rouergue. Une rencontre d\u00e9dicaces avec Mich\u00e8le Nevert"},"content":{"rendered":"<p>La librairie La Folle Avoine organise une rencontre-d\u00e9dicaces ce jeudi 11 septembre \u00e0 18 heures \u00e0 l\u2019h\u00f4tel des Fleurines, avec Mich\u00e8le Nevert, autrice du livre \u00ab\u00a0L\u2019Envol\u00e9\u00a0\u00bb que nous avons pr\u00e9sent\u00e9 dans notre \u00e9dition du mardi 12 ao\u00fbt.<\/p>\n<p>Originaire de Villefranche, issue d\u2019une famille bien connue, Mich\u00e8le Nevert vit depuis de nombreuses ann\u00e9es au Qu\u00e9bec, o\u00f9 elle a men\u00e9 une brillante carri\u00e8re universitaire.<\/p>\n<p>Dans \u00ab\u00a0L\u2019Envol\u00e9\u00a0\u00bb, publi\u00e9 dans la collection La Brune des \u00c9ditions du Rouergue, l\u2019\u00e9crivaine revient sur un drame intime : la mort accidentelle de son fr\u00e8re a\u00een\u00e9, \u00e0 l\u2019\u00e2ge de neuf ans. Cette disparition, dont le souvenir avait \u00e9t\u00e9 comme effac\u00e9 par le silence impos\u00e9 \u00e0 la famille, a marqu\u00e9 son enfance, son adolescence puis sa vie d\u2019adulte. \u00ab\u00a0Une v\u00e9ritable amn\u00e9sie a enfoui tout de l\u2019existence de ce gar\u00e7on, de nos ann\u00e9es partag\u00e9es et des mois qui ont suivi la trag\u00e9die\u00a0\u00bb, confie-t-elle.<\/p>\n<p>Par cette autofiction, Mich\u00e8le Nevert cherche \u00e0 contrer cette dissolution de la m\u00e9moire et \u00e0 faire barrage symbolique contre l\u2019oubli. \u00ab\u00a0L\u2019Envol\u00e9\u00a0\u00bb, un titre qui renvoie \u00e0 cette forme de disparition inexpliqu\u00e9e et en m\u00eame temps \u00e0 l\u2019attrait de la famille pour les oiseaux qu\u2019elle convoque tout au long de son r\u00e9cit, est un livre bouleversant. Personne ne peut ressortir indemne de sa lecture.<\/p>\n","protected":false},"excerpt":{"rendered":"La librairie La Folle Avoine organise une rencontre-d\u00e9dicaces ce jeudi 11 septembre \u00e0 18 heures \u00e0 l\u2019h\u00f4tel des&hellip;\n","protected":false},"author":2,"featured_media":376664,"comment_status":"","ping_status":"","sticky":false,"template":"","format":"standard","meta":{"footnotes":""},"categories":[1357],"tags":[1379,58,59,1011,27,1380],"class_list":{"0":"post-376663","1":"post","2":"type-post","3":"status-publish","4":"format-standard","5":"has-post-thumbnail","7":"category-livres","8":"tag-books","9":"tag-divertissement","10":"tag-entertainment","11":"tag-fr","12":"tag-france","13":"tag-livres"},"share_on_mastodon":{"url":"https:\/\/pubeurope.com\/@fr\/115171932499250678","error":""},"_links":{"self":[{"href":"https:\/\/www.europesays.com\/fr\/wp-json\/wp\/v2\/posts\/376663","targetHints":{"allow":["GET"]}}],"collection":[{"href":"https:\/\/www.europesays.com\/fr\/wp-json\/wp\/v2\/posts"}],"about":[{"href":"https:\/\/www.europesays.com\/fr\/wp-json\/wp\/v2\/types\/post"}],"author":[{"embeddable":true,"href":"https:\/\/www.europesays.com\/fr\/wp-json\/wp\/v2\/users\/2"}],"replies":[{"embeddable":true,"href":"https:\/\/www.europesays.com\/fr\/wp-json\/wp\/v2\/comments?post=376663"}],"version-history":[{"count":0,"href":"https:\/\/www.europesays.com\/fr\/wp-json\/wp\/v2\/posts\/376663\/revisions"}],"wp:featuredmedia":[{"embeddable":true,"href":"https:\/\/www.europesays.com\/fr\/wp-json\/wp\/v2\/media\/376664"}],"wp:attachment":[{"href":"https:\/\/www.europesays.com\/fr\/wp-json\/wp\/v2\/media?parent=376663"}],"wp:term":[{"taxonomy":"category","embeddable":true,"href":"https:\/\/www.europesays.com\/fr\/wp-json\/wp\/v2\/categories?post=376663"},{"taxonomy":"post_tag","embeddable":true,"href":"https:\/\/www.europesays.com\/fr\/wp-json\/wp\/v2\/tags?post=376663"}],"curies":[{"name":"wp","href":"https:\/\/api.w.org\/{rel}","templated":true}]}}