{"id":376665,"date":"2025-09-09T02:16:11","date_gmt":"2025-09-09T02:16:11","guid":{"rendered":"https:\/\/www.europesays.com\/fr\/376665\/"},"modified":"2025-09-09T02:16:11","modified_gmt":"2025-09-09T02:16:11","slug":"a-pau-francois-bayrou-attendu-de-pied-ferme","status":"publish","type":"post","link":"https:\/\/www.europesays.com\/fr\/376665\/","title":{"rendered":"\u00c0 Pau, Fran\u00e7ois Bayrou attendu de pied ferme"},"content":{"rendered":"<p><strong>REPORTAGE &#8211;<\/strong> D\u00e9chu de son mandat national, l\u2019ex-premier ministre pourrait annoncer sa candidature locale. Ses adversaires sont d\u00e9j\u00e0 en campagne.<\/p>\n<p class=\"fig-paragraph\">\u00ab\u00a0Vous voulez que je vous pr\u00e9sente le futur maire de Pau\u00a0? C\u2019est elle, Margaux Taillefer\u00a0\u00bb, pointe Marc Pauly, retrait\u00e9 sans domicile fixe et figure embl\u00e9matique de la cit\u00e9 royale, en d\u00e9signant la une de Sud-Ouest. Samedi, cette collaboratrice d\u2019Edwige Diaz, d\u00e9put\u00e9e de Gironde et vice-pr\u00e9sidente du Rassemblement national, a, \u00e0 26\u00a0ans, \u00e9t\u00e9 investie t\u00eate de liste dans\u00a0<a href=\"http:\/\/www.lefigaro.fr\/conjoncture\/sous-les-mandats-de-francois-bayrou-la-dette-de-pau-a-presque-double-20241216\" data-fig-type=\"NewsFlash\" data-gtm-custom-categorie=\"navigation\" data-gtm-custom-action=\"crossclick\" data-gtm-custom-label=\"Contextuel\" data-gtm-event=\"customEventSPE\" data-fig-domain=\"LEFIGARO\" rel=\"nofollow noopener\" target=\"_blank\">la ville dirig\u00e9e par Fran\u00e7ois Bayrou depuis 2014<\/a>. Le parti de Marine Le Pen compte bien profiter de la situation difficile du d\u00e9sormais ex-premier ministre pour lui ravir son mandat local en r\u00e9it\u00e9rant son exploit des derni\u00e8res l\u00e9gislatives, soit 29\u00a0% des suffrages contre moins de 7\u00a0% lors des municipales de 2020. Pour pr\u00e9venir \u00ab\u00a0le tsunami de l\u2019ultra-droite\u00a0\u00bb, Marc Pauly appelle, depuis son banc, les passants \u00e0\u00a0<a href=\"http:\/\/www.lefigaro.fr\/politique\/mouvement-du-10-septembre-le-gouvernement-dans-le-flou-face-au-spectre-du-retour-gilets-jaunes-20250818\" data-fig-type=\"Article\" data-gtm-custom-categorie=\"navigation\" data-gtm-custom-action=\"crossclick\" data-gtm-custom-label=\"Contextuel\" data-gtm-event=\"customEventSPE\" data-fig-domain=\"LEFIGARO\" rel=\"nofollow noopener\" target=\"_blank\">se mobiliser le 10 septembre<\/a>\u00a0\u00ab\u00a0pour qu\u2019il y ait des vrais changements pour nos enfants et petits-enfants\u00a0\u00bb.<\/p>\n<p class=\"fig-body-link\">\n            \u00c0 lire aussi<br \/>\n        <a class=\"fig-body-link__link fig-premium-mark\" href=\"http:\/\/www.lefigaro.fr\/politique\/francois-bayrou-un-bref-combat-au-sommet-jusqu-au-saut-dans-le-vide-20250907\" data-fig-type=\"Article\" data-gtm-custom-categorie=\"navigation\" data-gtm-custom-action=\"crossclick\" data-gtm-custom-label=\"Contextuel\" data-gtm-event=\"customEventSPE\" data-fig-domain=\"LEFIGARO\" rel=\"nofollow noopener\" target=\"_blank\">Fran\u00e7ois Bayrou, un bref combat au sommet jusqu\u2019au saut dans le vide<br \/>\n    <\/a>\n<\/p>\n<p class=\"fig-paragraph\">Jean-Fran\u00e7ois Blanco, \u00e9lu de l\u2019opposition depuis 2020 et investi par Les \u00c9cologistes en juillet\u2026<\/p>\n<p class=\"fig-premium-paywall__infos\">\n        Cet article est r\u00e9serv\u00e9 aux abonn\u00e9s.        Il vous reste 79% \u00e0 d\u00e9couvrir.\n    <\/p>\n<p>                <img  data- alt=\"Le Figaro\" class=\"fig-img--complete fig-img\"\/><\/p>\n<p class=\"fig-premium-paywall__title\">Vous avez envie de lire la suite ?<\/p>\n<p class=\"fig-premium-paywall__subtitle\">D\u00e9bloquez tous les articles imm\u00e9diatement.<\/p>\n<p class=\"fig-premium-paywall__connect\">\n                D\u00e9j\u00e0 abonn\u00e9\u00a0?                <a class=\"fig-premium-paywall__connect-link\" href=\"https:\/\/connect.lefigaro.fr\/login?client=horizon_web&amp;type=main&amp;redirect_uri=https%3A%2F%2Fwww.lefigaro.fr%2Fpolitique%2Fa-pau-le-premier-ministre-sortant-attendu-de-pied-ferme-20250908\" data-js-gtm=\"{&quot;customCategorie&quot;: &quot;conversion&quot;, &quot;customAction&quot;: &quot;before_Landing_Connexion_paywall_auto&quot;, &quot;customLabel&quot;: &quot;bGVmaWdhcm8uZnJfXzFmMDhjZDVjLTU2YWMtNjU5Mi1iMDU2LWI5NzU3ZTI4NmY5NV9fQXJ0aWNsZQ==_\u00c0 Pau, Fran\u00e7ois Bayrou attendu de pied ferme_89&quot;, &quot;customIDSPE&quot;: &quot;bGVmaWdhcm8uZnJfXzFmMDhjZDVjLTU2YWMtNjU5Mi1iMDU2LWI5NzU3ZTI4NmY5NV9fQXJ0aWNsZQ==&quot;, &quot;event&quot;: &quot;customEventSPE&quot;}\" rel=\"nofollow noopener\" target=\"_blank\"><br \/>\n                    Connectez-vous<br \/>\n                <\/a>\n            <\/p>\n","protected":false},"excerpt":{"rendered":"REPORTAGE &#8211; D\u00e9chu de son mandat national, l\u2019ex-premier ministre pourrait annoncer sa candidature locale. Ses adversaires sont d\u00e9j\u00e0&hellip;\n","protected":false},"author":2,"featured_media":376666,"comment_status":"","ping_status":"","sticky":false,"template":"","format":"standard","meta":{"footnotes":""},"categories":[1356],"tags":[58,59,1011,27,431,6374,252,1364],"class_list":{"0":"post-376665","1":"post","2":"type-post","3":"status-publish","4":"format-standard","5":"has-post-thumbnail","7":"category-television","8":"tag-divertissement","9":"tag-entertainment","10":"tag-fr","11":"tag-france","12":"tag-francois-bayrou","13":"tag-pau","14":"tag-television","15":"tag-tv"},"share_on_mastodon":{"url":"https:\/\/pubeurope.com\/@fr\/115171936430562864","error":""},"_links":{"self":[{"href":"https:\/\/www.europesays.com\/fr\/wp-json\/wp\/v2\/posts\/376665","targetHints":{"allow":["GET"]}}],"collection":[{"href":"https:\/\/www.europesays.com\/fr\/wp-json\/wp\/v2\/posts"}],"about":[{"href":"https:\/\/www.europesays.com\/fr\/wp-json\/wp\/v2\/types\/post"}],"author":[{"embeddable":true,"href":"https:\/\/www.europesays.com\/fr\/wp-json\/wp\/v2\/users\/2"}],"replies":[{"embeddable":true,"href":"https:\/\/www.europesays.com\/fr\/wp-json\/wp\/v2\/comments?post=376665"}],"version-history":[{"count":0,"href":"https:\/\/www.europesays.com\/fr\/wp-json\/wp\/v2\/posts\/376665\/revisions"}],"wp:featuredmedia":[{"embeddable":true,"href":"https:\/\/www.europesays.com\/fr\/wp-json\/wp\/v2\/media\/376666"}],"wp:attachment":[{"href":"https:\/\/www.europesays.com\/fr\/wp-json\/wp\/v2\/media?parent=376665"}],"wp:term":[{"taxonomy":"category","embeddable":true,"href":"https:\/\/www.europesays.com\/fr\/wp-json\/wp\/v2\/categories?post=376665"},{"taxonomy":"post_tag","embeddable":true,"href":"https:\/\/www.europesays.com\/fr\/wp-json\/wp\/v2\/tags?post=376665"}],"curies":[{"name":"wp","href":"https:\/\/api.w.org\/{rel}","templated":true}]}}