{"id":376667,"date":"2025-09-09T02:17:14","date_gmt":"2025-09-09T02:17:14","guid":{"rendered":"https:\/\/www.europesays.com\/fr\/376667\/"},"modified":"2025-09-09T02:17:14","modified_gmt":"2025-09-09T02:17:14","slug":"vanessa-paradis-fait-de-rares-confidences-sur-ses-enfants-lily-rose-et-jack","status":"publish","type":"post","link":"https:\/\/www.europesays.com\/fr\/376667\/","title":{"rendered":"Vanessa Paradis fait de rares confidences sur ses enfants Lily-Rose et Jack"},"content":{"rendered":"<p class=\"mb-4 text-lg md:leading-8 break-words\">Un travail familial. Ce dimanche 7 septembre, <a href=\"https:\/\/www.google.com\/url?sa=t&amp;source=web&amp;rct=j&amp;opi=89978449&amp;url=https:\/\/www.elle.fr\/Personnalites\/Vanessa-Paradis&amp;ved=2ahUKEwilqJT6vciPAxUDZqQEHXYUGKQQFnoECAoQAQ&amp;usg=AOvVaw0UjB-8oe4hA4mEjVpimk5g\" rel=\"nofollow noopener\" target=\"_blank\" data-ylk=\"slk:Vanessa Paradis;elm:context_link;itc:0;sec:content-canvas\" class=\"link \">Vanessa Paradis<\/a> \u00e9tait l\u2019invit\u00e9 d\u2019Anthony Martin dans l\u2019\u00e9mission \u00ab\u00a0Laissez-vous tenter\u00a0\u00bb sur l\u2019antenne d\u2019RTL. \u00c0 cette occasion, la m\u00e8re de Lily-Rose et Jack Deep a pu \u00e9voquer la sortie de son dernier album. Un album qui comprend entre autres des collaborations avec ses enfants.<\/p>\n<p class=\"mb-4 text-lg md:leading-8 break-words\">Vanessa Paradis va d\u00e9voiler le 10 octobre prochain son nouvel album \u00ab\u00a0Le retour des beaux jours\u00a0\u00bb. Une cr\u00e9ation pour laquelle elle a pu compter sur ses enfants Lily-Rose et Jack. En effet, lors de son apparition sur les ondes de RTL , l\u2019ex-femme de Johnny Depp a r\u00e9v\u00e9l\u00e9 la participation de ses enfants dans son album et notamment sa collaboration avec son fils cadet Jack sur le titre \u00ab\u00a0\u00c9lement\u00a0\u00bb.<\/p>\n<p class=\"mb-4 text-lg md:leading-8 break-words\">Lire aussi : <a href=\"https:\/\/www.elle.fr\/People\/La-vie-des-people\/News\/Enfant-star-Vanessa-Paradis-entre-conte-de-fee-et-surmediatisation#\" rel=\"nofollow noopener\" target=\"_blank\" data-ylk=\"slk:Enfant star : Vanessa Paradis, entre conte de f\u00e9e et surm\u00e9diatisation;elm:context_link;itc:0;sec:content-canvas\" class=\"link \">Enfant star : Vanessa Paradis, entre conte de f\u00e9e et surm\u00e9diatisation<\/a><\/p>\n<p class=\"mb-4 text-lg md:leading-8 break-words\">\u00c0 ce sujet, Vanessa Paradis t\u00e9moigne et r\u00e9v\u00e8le que cette collaboration \u00ab\u00a0est n\u00e9e, parce qu\u2019\u00e0 force de l\u2019entendre composer des choses trop belles, \u00e0 c\u00f4t\u00e9 de moi \u2013 et moi qui cherche \u00e0 \u00e9crire des bonnes chansons \u2013, bah je lui ai demand\u00e9 si je pouvais avoir ce morceau, parmi les autres qu\u2019il fait, et il m\u2019a beaucoup inspir\u00e9e parce que c\u2019est un super compositeur.\u00a0\u00bb<\/p>\n<p>Des enfants talentueux<\/p>\n<p class=\"mb-4 text-lg md:leading-8 break-words\">Jack n\u2019est pas le seul a avoir particip\u00e9 \u00e0 la cr\u00e9ation de ce nouvel album de Vanessa Paradis. En effet, Vanessa Paradis poursuit ses rares confidences en \u00e9voquant la collaboration avec sa fille <a href=\"https:\/\/www.google.com\/url?sa=t&amp;source=web&amp;rct=j&amp;opi=89978449&amp;url=https:\/\/www.elle.fr\/Personnalites\/lily-rose-depp&amp;ved=2ahUKEwjTrbKKvsiPAxXvWaQEHbG1BpwQFnoECBsQAQ&amp;usg=AOvVaw0J99iIsAbEnKM_sn3Q5A4d\" rel=\"nofollow noopener\" target=\"_blank\" data-ylk=\"slk:Lily-Rose Depp;elm:context_link;itc:0;sec:content-canvas\" class=\"link \">Lily-Rose Depp<\/a> qui de son c\u00f4t\u00e9 entreprend une carri\u00e8re d\u2019actrice.<\/p>\n<p class=\"mb-4 text-lg md:leading-8 break-words\">Lily-Rose Depp sera \u00e0 l\u2019origine de l\u2019\u00e9criture d\u2019un des textes chant\u00e9 par sa m\u00e8re dans ce nouvel album.\u00c7a me pla\u00eet\u00a0! Je ne le ferais pas si ce qu\u2019ils font ne me plaisait pas. [&#8230;] Il se trouve que ce qu\u2019ils font m\u2019inspire beaucoup\u00a0\u00bb Elle ajoute : \u00abJe fais plein d\u2019autres choses avec eux. Il n\u2019y a pas de probl\u00e8me pour passer du temps avec eux.\u00a0\u00bb<\/p>\n<p class=\"mb-4 text-lg md:leading-8 break-words\"><a href=\"https:\/\/www.elle.fr\/People\/La-vie-des-people\/News\/Vanessa-Paradis-fait-de-rares-confidences-sur-ses-enfants-Lily-Rose-et-Jack-4379002\" rel=\"nofollow noopener\" target=\"_blank\" data-ylk=\"slk:Voir l&#039;article original sur ELLE;elm:context_link;itc:0;sec:content-canvas\" class=\"link \">Voir l&rsquo;article original sur ELLE<\/a><\/p>\n","protected":false},"excerpt":{"rendered":"Un travail familial. Ce dimanche 7 septembre, Vanessa Paradis \u00e9tait l\u2019invit\u00e9 d\u2019Anthony Martin dans l\u2019\u00e9mission \u00ab\u00a0Laissez-vous tenter\u00a0\u00bb sur&hellip;\n","protected":false},"author":2,"featured_media":376668,"comment_status":"","ping_status":"","sticky":false,"template":"","format":"standard","meta":{"footnotes":""},"categories":[1355],"tags":[58,1719,59,1011,27,51054,10244,51055,32402,1361,873,10245],"class_list":{"0":"post-376667","1":"post","2":"type-post","3":"status-publish","4":"format-standard","5":"has-post-thumbnail","7":"category-musique","8":"tag-divertissement","9":"tag-enfants","10":"tag-entertainment","11":"tag-fr","12":"tag-france","13":"tag-jack","14":"tag-johnny-depp","15":"tag-lily-rose","16":"tag-lily-rose-depp","17":"tag-music","18":"tag-musique","19":"tag-vanessa-paradis"},"share_on_mastodon":{"url":"https:\/\/pubeurope.com\/@fr\/115171940404830578","error":""},"_links":{"self":[{"href":"https:\/\/www.europesays.com\/fr\/wp-json\/wp\/v2\/posts\/376667","targetHints":{"allow":["GET"]}}],"collection":[{"href":"https:\/\/www.europesays.com\/fr\/wp-json\/wp\/v2\/posts"}],"about":[{"href":"https:\/\/www.europesays.com\/fr\/wp-json\/wp\/v2\/types\/post"}],"author":[{"embeddable":true,"href":"https:\/\/www.europesays.com\/fr\/wp-json\/wp\/v2\/users\/2"}],"replies":[{"embeddable":true,"href":"https:\/\/www.europesays.com\/fr\/wp-json\/wp\/v2\/comments?post=376667"}],"version-history":[{"count":0,"href":"https:\/\/www.europesays.com\/fr\/wp-json\/wp\/v2\/posts\/376667\/revisions"}],"wp:featuredmedia":[{"embeddable":true,"href":"https:\/\/www.europesays.com\/fr\/wp-json\/wp\/v2\/media\/376668"}],"wp:attachment":[{"href":"https:\/\/www.europesays.com\/fr\/wp-json\/wp\/v2\/media?parent=376667"}],"wp:term":[{"taxonomy":"category","embeddable":true,"href":"https:\/\/www.europesays.com\/fr\/wp-json\/wp\/v2\/categories?post=376667"},{"taxonomy":"post_tag","embeddable":true,"href":"https:\/\/www.europesays.com\/fr\/wp-json\/wp\/v2\/tags?post=376667"}],"curies":[{"name":"wp","href":"https:\/\/api.w.org\/{rel}","templated":true}]}}