{"id":376669,"date":"2025-09-09T02:18:30","date_gmt":"2025-09-09T02:18:30","guid":{"rendered":"https:\/\/www.europesays.com\/fr\/376669\/"},"modified":"2025-09-09T02:18:30","modified_gmt":"2025-09-09T02:18:30","slug":"24-heures-apres-sa-sortie-le-nouveau-thriller-haletant-de-denzel-washington-et-spike-lee-est-desormais-numero-1-dans-plus-de-99-pays-dans-le-monde","status":"publish","type":"post","link":"https:\/\/www.europesays.com\/fr\/376669\/","title":{"rendered":"24 heures apr\u00e8s sa sortie, le nouveau thriller haletant de Denzel Washington et Spike Lee est d\u00e9sormais num\u00e9ro 1 dans plus de 99 pays dans le monde"},"content":{"rendered":"<p>La suite apr\u00e8s la publicit\u00e9<\/p>\n<p>Un magnat de la musique new-yorkais, r\u00e9put\u00e9 pour avoir les \u00ab\u00a0meilleures oreilles de l&rsquo;industrie\u00a0\u00bb, voit sa vie basculer quand une demande de ran\u00e7on le plonge dans un dilemme d\u00e9chirant. C&rsquo;est le pitch de \u00ab\u00a0Highest 2 Lowest\u00a0\u00bb, disponible sur AppleTV+ depuis le 5 septembre.\u00a0<\/p>\n<p>En \u00e0 peine 24h, le film s&rsquo;est hiss\u00e9 en t\u00eate du classement du mondial, d\u00e9crochant la place de\u00a0 num\u00e9ro 1 dans pas moins de 99 pays, dont la France, les \u00c9tats-Unis et jusqu&rsquo;au Japon, selon les donn\u00e9es du site sp\u00e9cialis\u00e9 Flixpatrol. \u00c0 titre de comparaison, la s\u00e9rie num\u00e9ro 1 d&rsquo;Apple en ce moment, \u00ab\u00a0Invasion\u00a0\u00bb arrive \u00e0 la premi\u00e8re place dans seulement 38 pays.\u00a0<\/p>\n<p>Denzel Washington dans un thriller nerveux avec New York comme d\u00e9cor\u00a0<\/p>\n<p>Il faut dire que les cin\u00e9philes retrouvent un duo culte. Pr\u00e9sent\u00e9 hors comp\u00e9tition au dernier Festival de Cannes, le long-m\u00e9trage marque les retrouvailles entre <a href=\"https:\/\/www.ozap.com\/personnalite\/denzel-washington_e821\" rel=\"nofollow noopener\" target=\"_blank\">Denzel Washington<\/a> et le r\u00e9alisateur Spike Lee. Il s&rsquo;agit de leur cinqui\u00e8me collaboration, 35 ans apr\u00e8s \u00ab\u00a0Mo&rsquo; Better Blues\u00a0\u00bb et presque vingt ans apr\u00e8s\u00a0le c\u00e9l\u00e8bre \u00ab\u00a0Inside Man\u00a0\u00bb.<\/p>\n<p>Denzel Washington incarne David King, un patron de label richissime dont le quotidien de luxe s&rsquo;\u00e9croule le jour o\u00f9 un enl\u00e8vement vient bouleverser son univers. L&rsquo;enfant kidnapp\u00e9 n&rsquo;est pas son fils, mais celui de son chauffeur (Jeffrey Wright), pla\u00e7ant le personnage face \u00e0 un choix impossible : payer ou pr\u00e9server son empire. Inspir\u00e9 de \u00ab\u00a0Entre le ciel et l&rsquo;enfer\u00a0\u00bb d&rsquo;Akira Kurosawa, le film transpose l&rsquo;intrigue classique dans les rues de New York, au c\u0153ur de l&rsquo;industrie musicale. <strong>Purem\u00e9dias<\/strong> vous propose de d\u00e9couvrir la bande-annonce ci-dessus.\u00a0<\/p>\n<p><a href=\"https:\/\/www.ozap.com\/actu\/netflix-24-heures-apres-sa-sortie-cette-mini-serie-espagnole-de-3-episodes-avec-une-star-de-la-casa-de-papel-detrone-ma-vie-avec-les-walter-boys-et-hostage-au-sommet-du-top-mondial\/651399\" rel=\"nofollow noopener\" target=\"_blank\"><strong>\u00c0 LIRE AUSSI : Netflix : 24 heures apr\u00e8s sa sortie, cette mini-s\u00e9rie espagnole de 3 \u00e9pisodes avec une star de \u00ab\u00a0La Casa de Papel\u00a0\u00bb d\u00e9tr\u00f4ne \u00ab\u00a0Ma vie avec les Walter Boys\u00a0\u00bb et \u00ab\u00a0Hostage\u00a0\u00bb au sommet du top mondial<\/strong><\/a><\/p>\n<p>La sortie du film s&rsquo;accompagne d&rsquo;une large couverture m\u00e9diatique. Aux \u00c9tats-Unis, \u00ab\u00a0Highest 2 Lowest\u00a0\u00bb, qui est produit par la soci\u00e9t\u00e9 ind\u00e9pendante A24, a m\u00eame eu droit \u00e0 une exploitation en salles, contrairement \u00e0 la France o\u00f9 il est uniquement disponible en streaming.\u00a0Autour de Denzel Washington, on retrouve un casting m\u00ealant visages familiers et nouveaux venus : Jeffrey Wright (\u00ab\u00a0Westworld\u00a0\u00bb), Ilfenesh Hadera (\u00ab\u00a0Billions\u00a0\u00bb), mais aussi le rappeur A$AP Rocky, qui effectue ici sa premi\u00e8re v\u00e9ritable incursion dans le cin\u00e9ma. Une apparition tardive, mais remarqu\u00e9e, notamment gr\u00e2ce \u00e0 une bande originale o\u00f9 r\u00e9sonnent ses compositions.<\/p>\n<p>Si les critiques se sont montr\u00e9es tr\u00e8s partag\u00e9es depuis Cannes, les spectateurs semblent, eux, r\u00e9pondre pr\u00e9sents. Avec sa mise en sc\u00e8ne nerveuse, son dilemme moral au cordeau et son d\u00e9cor urbain contemporain, le film coche toutes les cases du thriller grand public.\u00a0<\/p>\n","protected":false},"excerpt":{"rendered":"La suite apr\u00e8s la publicit\u00e9 Un magnat de la musique new-yorkais, r\u00e9put\u00e9 pour avoir les \u00ab\u00a0meilleures oreilles de&hellip;\n","protected":false},"author":2,"featured_media":376670,"comment_status":"","ping_status":"","sticky":false,"template":"","format":"standard","meta":{"footnotes":""},"categories":[1354],"tags":[58,59,1346,1011,27,1360],"class_list":{"0":"post-376669","1":"post","2":"type-post","3":"status-publish","4":"format-standard","5":"has-post-thumbnail","7":"category-films","8":"tag-divertissement","9":"tag-entertainment","10":"tag-films","11":"tag-fr","12":"tag-france","13":"tag-movies"},"share_on_mastodon":{"url":"https:\/\/pubeurope.com\/@fr\/115171944238253156","error":""},"_links":{"self":[{"href":"https:\/\/www.europesays.com\/fr\/wp-json\/wp\/v2\/posts\/376669","targetHints":{"allow":["GET"]}}],"collection":[{"href":"https:\/\/www.europesays.com\/fr\/wp-json\/wp\/v2\/posts"}],"about":[{"href":"https:\/\/www.europesays.com\/fr\/wp-json\/wp\/v2\/types\/post"}],"author":[{"embeddable":true,"href":"https:\/\/www.europesays.com\/fr\/wp-json\/wp\/v2\/users\/2"}],"replies":[{"embeddable":true,"href":"https:\/\/www.europesays.com\/fr\/wp-json\/wp\/v2\/comments?post=376669"}],"version-history":[{"count":0,"href":"https:\/\/www.europesays.com\/fr\/wp-json\/wp\/v2\/posts\/376669\/revisions"}],"wp:featuredmedia":[{"embeddable":true,"href":"https:\/\/www.europesays.com\/fr\/wp-json\/wp\/v2\/media\/376670"}],"wp:attachment":[{"href":"https:\/\/www.europesays.com\/fr\/wp-json\/wp\/v2\/media?parent=376669"}],"wp:term":[{"taxonomy":"category","embeddable":true,"href":"https:\/\/www.europesays.com\/fr\/wp-json\/wp\/v2\/categories?post=376669"},{"taxonomy":"post_tag","embeddable":true,"href":"https:\/\/www.europesays.com\/fr\/wp-json\/wp\/v2\/tags?post=376669"}],"curies":[{"name":"wp","href":"https:\/\/api.w.org\/{rel}","templated":true}]}}