{"id":376675,"date":"2025-09-09T02:21:18","date_gmt":"2025-09-09T02:21:18","guid":{"rendered":"https:\/\/www.europesays.com\/fr\/376675\/"},"modified":"2025-09-09T02:21:18","modified_gmt":"2025-09-09T02:21:18","slug":"le-monde-du-cinema-boycotte-les-instances-israeliennes-impliquees-dans-le-genocide","status":"publish","type":"post","link":"https:\/\/www.europesays.com\/fr\/376675\/","title":{"rendered":"le monde du cin\u00e9ma boycotte les instances isra\u00e9liennes \u00ab\u00a0impliqu\u00e9es dans le g\u00e9nocide\u00a0\u00bb"},"content":{"rendered":"<p>        <img decoding=\"async\" loading=\"lazy\" src=\"https:\/\/www.europesays.com\/fr\/wp-content\/uploads\/2025\/09\/557a905_upload-1-gojsuwc3iws3-design-sans-titre.jpg\"  width=\"728\" height=\"410\" alt=\"Charlotte Le Bon, Olivia Coleman et Josh O\u2019Connor figurent parmi les signataires de cette lettre ouverte.\"\/>  <\/p>\n<p>Montage Le HuffPost avec Getty<\/p>\n<p>Charlotte Le Bon, Olivia Coleman et Josh O\u2019Connor figurent parmi les signataires de cette lettre ouverte.<\/p>\n<p class=\"asset asset-text\">CIN\u00c9MA &#8211; Josh O\u2019Connor, <a href=\"https:\/\/www.huffingtonpost.fr\/divertissement\/article\/ayo-edebiri-la-star-de-the-bear-menacee-de-mort-apres-une-fake-news-propagee-par-elon-musk_247398.html\" rel=\"nofollow noopener\" target=\"_blank\">Ayo Edebiri<\/a>, mais aussi Ken Loach, <a href=\"https:\/\/www.huffingtonpost.fr\/culture\/article\/le-message-tres-politique-de-tilda-swinton-sur-la-scene-du-festival-du-film-de-berlin_246221.html\" rel=\"nofollow noopener\" target=\"_blank\">Tilda Swinton<\/a> et B\u00e9atrice Dalle s\u2019unissent pour \u00ab\u00a0mettre fin \u00e0 la complicit\u00e9\u00a0\u00bb. Comme l\u2019a relay\u00e9 le Guardian, ce lundi 8\u00a0septembre, plusieurs centaines de visages du cin\u00e9ma s\u2019engagent \u00e0 ne plus collaborer avec les instances isra\u00e9liennes qu\u2019elles jugent complices de <a href=\"https:\/\/www.huffingtonpost.fr\/international\/article\/la-colonie-e1-le-vaste-projet-d-israel-en-cisjordanie-pour-enterrer-tout-possible-etat-palestinien_253839.html\" rel=\"nofollow noopener\" target=\"_blank\">l\u2019oppression des Palestiniens<\/a>.<\/p>\n<p class=\"asset asset-text\">\u00ab\u00a0Nous reconnaissons le pouvoir que le cin\u00e9ma a de fa\u00e7onner les perceptions. En cette p\u00e9riode de crise urgente, o\u00f9 nombre de nos gouvernements continuent de permettre le carnage \u00e0 Gaza, nous devons tout mettre en \u0153uvre afin de lutter contre la complicit\u00e9 avec cette horreur sans fin\u00a0\u00bb, expliquent-ils dans <a href=\"https:\/\/drive.google.com\/file\/d\/1QBOaIp0AYgyiwTs35kKxbU-FFgGFNHvS\/view\" target=\"_blank\" rel=\"noopener nofollow\" title=\"Nouvelle fen\u00eatre\">leur lettre ouverte<\/a>.<\/p>\n<p class=\"asset asset-text\">Avant d\u2019ajouter\u00a0: \u00ab\u00a0D\u00e9fendre l\u2019\u00e9galit\u00e9, la justice, et la libert\u00e9 pour tous est un devoir moral profond que nul d\u2019entre nous ne peut ignorer. Nous devons donc d\u00e9noncer d\u00e8s maintenant les pr\u00e9judices caus\u00e9s au peuple palestinien.\u00a0\u00bb<\/p>\n<p class=\"asset asset-text\">Outre les noms cit\u00e9s plus haut, figurent aussi <a href=\"https:\/\/filmworkersforpalestine.org\/#endingcomplicity\" target=\"_blank\" rel=\"noopener nofollow\" title=\"Nouvelle fen\u00eatre\">sur le site<\/a> ceux d\u2019Olivia Coleman, de Javier Bardem, de la r\u00e9alisatrice Ava DuVernay, des stars de la derni\u00e8re saison de The White Lotus Aime Lou Wood et Charlotte Le\u00a0Bon, ainsi que ceux du cin\u00e9aste qu\u00e9b\u00e9cois Xavier Dolan ou des actrices fran\u00e7aises Nina Meurisse, Blanche Gardin et Cam\u00e9lia Jordana.<\/p>\n<p>                     Les institutions vis\u00e9es    <\/p>\n<p class=\"asset asset-text\">\u00ab\u00a0Nous nous engageons \u00e0 ne pas projeter de films, \u00e0 ne pas appara\u00eetre dans des institutions cin\u00e9matographiques isra\u00e9liennes, ni \u00e0 ne pas collaborer avec elles (y compris les festivals, les cin\u00e9mas, les cha\u00eenes de t\u00e9l\u00e9vision et les soci\u00e9t\u00e9s de production) impliqu\u00e9es dans le g\u00e9nocide et l\u2019apartheid contre le peuple palestinien\u00a0\u00bb, poursuivent-ils.<\/p>\n<p class=\"asset asset-text\">Comment identifier ces institutions\u00a0? \u00c0 cette question, les signataires apportent plusieurs \u00e9l\u00e9ments de r\u00e9ponse. Ils \u00e9voquent les diffuseurs priv\u00e9s et publics, qui \u00ab\u00a0participent depuis des d\u00e9cennies \u00e0 la dissimulation, \u00e0 la n\u00e9gation et \u00e0 la justification des crimes de guerre commis par Isra\u00ebl\u00a0\u00bb.<\/p>\n<p class=\"asset asset-text\">Ils pointent \u00e9galement du doigt certains festivals, comme le Festival du film de J\u00e9rusalem, le Festival international du film d\u2019Ha\u00effa, Docaviv et TLVfest, qu\u2019ils estiment continuer \u00e0 \u00ab\u00a0collaborer avec le gouvernement isra\u00e9lien\u00a0\u00bb. Quant \u00e0 \u00ab\u00a0la grande majorit\u00e9 des soci\u00e9t\u00e9s de production\u00a0et de distribution\u00a0\u00bb, elles \u00ab\u00a0n\u2019ont jamais pleinement endoss\u00e9 les droits internationalement reconnus du peuple palestinien\u00a0\u00bb, selon eux.<\/p>\n<p class=\"asset asset-text\">Cependant, pr\u00e9cisent les signataires, il existe \u00ab\u00a0quelques entit\u00e9s cin\u00e9matographiques isra\u00e9liennes qui ne sont pas complices\u00a0\u00bb. Leur engagement ne les interdit pas non plus de travailler avec des individus isra\u00e9liens. Il vise la complicit\u00e9 institutionnelle, et non l\u2019identit\u00e9.<\/p>\n<p>    Le boycott culturel de l\u2019apartheid    <\/p>\n<p class=\"asset asset-text\">S\u2019appuyant sur les propos de la Cour internationale de justice, qui a estim\u00e9 au mois de janvier qu\u2019il existait un risque de g\u00e9nocide \u00e0 Gaza, ce mouvement d\u2019ampleur dans le monde du cin\u00e9ma s\u2019inspire du grand boycott culturel men\u00e9 par une fronde d\u2019artistes contre le r\u00e9gime de l\u2019apartheid en Afrique du Sud \u00e0 l\u2019\u00e9poque. Plusieurs cin\u00e9astes, comme Martin Scorsese, avaient par exemple refus\u00e9 d\u2019y projeter leurs films.<\/p>\n<p class=\"asset asset-text\">Alors que The Voice of Hind Rajab, un nouveau long-m\u00e9trage tr\u00e8s attendu sur une fillette de six ans tu\u00e9e par les forces isra\u00e9liennes \u00e0 Gaza en 2024, a cr\u00e9\u00e9 beaucoup d\u2019\u00e9moi \u00e0 la derni\u00e8re Mostra de Venise (et re\u00e7u une standing ovation de 23\u00a0minutes), plusieurs dizaines de cin\u00e9astes palestiniens ont accus\u00e9, il y a un an, Hollywood d\u2019avoir contribu\u00e9 \u00e0 la d\u00e9shumanisation du peuple palestinien au cours des derni\u00e8res d\u00e9cennies.<\/p>\n<p class=\"asset asset-text\">Des mots forts qu\u2019ils avaient accompagn\u00e9s d\u2019un appel \u00ab\u00a0\u00e0 d\u00e9noncer ce g\u00e9nocide et l\u2019effacement, le racisme et la censure qui le rendent possible\u00a0\u00bb, d\u2019une part. De l\u2019autre, \u00ab\u00a0\u00e0 faire tout ce qui est humainement possible pour mettre fin \u00e0 la complicit\u00e9 avec cette horreur indescriptible\u00a0\u00bb, ont-ils \u00e9crit dans leur lettre relay\u00e9e par le magazine <a href=\"https:\/\/variety.com\/2024\/film\/global\/palestinian-filmmakers-accuse-hollywood-dehumanizing-gaza-israel-1236120786\/\" target=\"_blank\" rel=\"noopener nofollow\" title=\"Nouvelle fen\u00eatre\">Variety<\/a>. La r\u00e9ponse de leurs pairs est en cours.<\/p>\n","protected":false},"excerpt":{"rendered":"Montage Le HuffPost avec Getty Charlotte Le Bon, Olivia Coleman et Josh O\u2019Connor figurent parmi les signataires de&hellip;\n","protected":false},"author":2,"featured_media":376676,"comment_status":"","ping_status":"","sticky":false,"template":"","format":"standard","meta":{"footnotes":""},"categories":[8],"tags":[650,251,58,59,1011,27,665,664],"class_list":{"0":"post-376675","1":"post","2":"type-post","3":"status-publish","4":"format-standard","5":"has-post-thumbnail","7":"category-divertissement","8":"tag-cinema","9":"tag-culture","10":"tag-divertissement","11":"tag-entertainment","12":"tag-fr","13":"tag-france","14":"tag-gaza","15":"tag-israel"},"share_on_mastodon":{"url":"https:\/\/pubeurope.com\/@fr\/115171956382057603","error":""},"_links":{"self":[{"href":"https:\/\/www.europesays.com\/fr\/wp-json\/wp\/v2\/posts\/376675","targetHints":{"allow":["GET"]}}],"collection":[{"href":"https:\/\/www.europesays.com\/fr\/wp-json\/wp\/v2\/posts"}],"about":[{"href":"https:\/\/www.europesays.com\/fr\/wp-json\/wp\/v2\/types\/post"}],"author":[{"embeddable":true,"href":"https:\/\/www.europesays.com\/fr\/wp-json\/wp\/v2\/users\/2"}],"replies":[{"embeddable":true,"href":"https:\/\/www.europesays.com\/fr\/wp-json\/wp\/v2\/comments?post=376675"}],"version-history":[{"count":0,"href":"https:\/\/www.europesays.com\/fr\/wp-json\/wp\/v2\/posts\/376675\/revisions"}],"wp:featuredmedia":[{"embeddable":true,"href":"https:\/\/www.europesays.com\/fr\/wp-json\/wp\/v2\/media\/376676"}],"wp:attachment":[{"href":"https:\/\/www.europesays.com\/fr\/wp-json\/wp\/v2\/media?parent=376675"}],"wp:term":[{"taxonomy":"category","embeddable":true,"href":"https:\/\/www.europesays.com\/fr\/wp-json\/wp\/v2\/categories?post=376675"},{"taxonomy":"post_tag","embeddable":true,"href":"https:\/\/www.europesays.com\/fr\/wp-json\/wp\/v2\/tags?post=376675"}],"curies":[{"name":"wp","href":"https:\/\/api.w.org\/{rel}","templated":true}]}}