{"id":37668,"date":"2025-04-20T01:24:12","date_gmt":"2025-04-20T01:24:12","guid":{"rendered":"https:\/\/www.europesays.com\/fr\/37668\/"},"modified":"2025-04-20T01:24:12","modified_gmt":"2025-04-20T01:24:12","slug":"toulouse-plan-100-000-arbres-plantes-dici-2030-quel-bilan-a-mi-chemin","status":"publish","type":"post","link":"https:\/\/www.europesays.com\/fr\/37668\/","title":{"rendered":"Toulouse. Plan 100 000 arbres plant\u00e9s d&rsquo;ici 2030 : quel bilan \u00e0 mi-chemin\u00a0?"},"content":{"rendered":"<p>            Par<br \/>\n        <strong><br \/>\n            <a href=\"https:\/\/actu.fr\/auteur\/nina-hossein-zadeh\" title=\"Consulter tous les articles de Nina Hossein-Zadeh\" rel=\"nofollow noopener\" target=\"_blank\">Nina Hossein-Zadeh<\/a><br \/>\n        <\/strong><\/p>\n<p>        Publi\u00e9 le<\/p>\n<p>            18 avr. 2025 \u00e0 7h12        <\/p>\n<p>La promesse sera-t-elle tenue ? En 2019, la mairie de <a href=\"https:\/\/actu.fr\/toulouse\/\" rel=\"nofollow noopener\" target=\"_blank\"><strong>Toulouse<\/strong><\/a> lan\u00e7ait <a href=\"https:\/\/actu.fr\/occitanie\/toulouse_31555\/toulouse-objectif-100-000-arbres-plantes-dici-2030-voici-sites-selectionnes-ville_28461794.html\" rel=\"nofollow noopener\" target=\"_blank\">le plan 100\u2009000 arbres plant\u00e9s d\u2019ici 2030.<\/a> <strong>Cinq ans<\/strong> apr\u00e8s le lancement du programme, \u00e0 mi-parcours, le maire <strong>Jean-Luc Moudenc <\/strong>a fait <strong>un bilan d\u2019\u00e9tape<\/strong>\u00a0ce jeudi 17 avril 2025. Ce qu\u2019il faut savoir.<\/p>\n<p>La rue de Metz se v\u00e9g\u00e9talise<\/p>\n<p class=\" wall-content\">C\u2019est dans la rue de Metz que le locataire du Capitole a retrouv\u00e9<strong> Cl\u00e9ment Riquet,<\/strong> \u00e9lu en charge des espaces verts et<strong> Laurence Katzenmayer<\/strong>, maire de quartier.<strong> Le quartier, qui op\u00e8re sa mue pour se pi\u00e9tonniser<\/strong>, a fra\u00eechement accueilli de nouveaux arbres.<\/p>\n<p class=\" wall-content\">Des <strong>magnolias<\/strong>, des <strong>poiriers<\/strong> et des <strong>noisetiers<\/strong> bordent d\u00e9sormais cette art\u00e8re. Pelle \u00e0 la main, Jean-Luc Moudenc se f\u00e9licite.<strong> \u00ab\u2009C\u2019est le dernier arbre plant\u00e9 de la rue de Metz<\/strong>, dans le cadre des travaux. D\u2019autres plantations sont \u00e0 venir dans quelques mois sur le parvis du mus\u00e9e des Augustins \u00e0 l\u2019issue des travaux\u2009\u00bb, indique-t-il.<\/p>\n<p class=\" wall-content\">Ici, les arbres ont \u00e9t\u00e9 plant\u00e9s selon le proc\u00e9d\u00e9 de Stockholm, indique Cl\u00e9ment Riquet. <strong>Le budget allou\u00e9 pour cette v\u00e9g\u00e9talisation est de 220\u2009000\u00a0euros pour les arbres<\/strong>, ainsi que pour les travaux d\u2019am\u00e9nagements des r\u00e9seaux.<\/p>\n<p class=\" wall-content\">\n<p>Un bilan favorable \u00e0 mi-parcours<\/p>\n<p class=\" wall-content\">\u00ab\u20092025 est l\u2019ann\u00e9e du mi-chemin\u2009\u00bb, poursuit Jean-Luc Moudenc, qui se f\u00e9licite d\u2019\u00eatre \u00ab\u2009en avance\u2009\u00bb sur le programme. <strong>Plus de 74\u2009000 arbres ont \u00e9t\u00e9 plant\u00e9s au 31\u00a0d\u00e9cembre 2024.<\/strong> \u00ab\u2009On devrait atteindre les 80\u2009% \u00e0 la fin du mandat, ce qui est tr\u00e8s entra\u00eenant pour la suite\u2009\u00bb.<\/p>\n<p class=\" wall-content\">M\u00eame enthousiasme pour l\u2019\u00e9lu en charge des espaces verts qui se dit \u00ab\u00a0satisfait de voir que \u00e7a avance bien sur tous les types de fonciers.<\/p>\n<p>      <img   decoding=\"async\" loading=\"lazy\" src=\"https:\/\/www.europesays.com\/fr\/wp-content\/uploads\/2025\/04\/capture-decran-2025-04-17-115653-960x640.png\" alt=\"Entre 2020 et avril 2025, la mairie de Toulouse a plant\u00e9 74 174 arbres sur le plan fix\u00e9 \u00e0 100 000. \" width=\"960\" height=\"640\"\/><br \/>\n    Entre 2020 et avril\u00a02025, la mairie de Toulouse a plant\u00e9 74\u2009174 arbres, sur le plan fix\u00e9 \u00e0 100\u2009000, dans les diff\u00e9rents quartiers. (\u00a9Toulouse M\u00e9tropole)Un objectif de triplement des plantations<\/p>\n<p class=\" wall-content\">Ce vaste programme, port\u00e9 par le maire Jean-Luc Moudenc et son \u00e9quipe municipale, vise \u00ab\u2009\u00e0 <strong>tripler la cadence de plantation en embarquant tout le monde\u2009\u00bb,<\/strong> indique Cl\u00e9ment Riquet.<\/p>\n<p class=\" wall-content\">Pour cela, la mairie a multipli\u00e9 les projets de v\u00e9g\u00e9talisation. Outre les cours oasis dans les \u00e9coles et le d\u00e9ploiement des espaces verts des Ehpad, la mairie de Toulouse a <strong>multipli\u00e9 par quatre les jardins partag\u00e9s.<\/strong> \u00ab\u2009On en compte 28 et il y en aura 30 d\u2019ici la fin d\u2019ann\u00e9e\u2009\u00bb, pr\u00e9cise Jean-Luc Moudenc.<\/p>\n<p class=\" wall-content\"><a href=\"https:\/\/actu.fr\/occitanie\/toulouse_31555\/toulouse-5-000-arbres-en-cours-de-plantation-sur-ce-site-au-bord-du-peripherique_60618103.html\" rel=\"nofollow noopener\" target=\"_blank\">Des Argoulets, o\u00f9 5\u2009000 nouveaux arbres ont \u00e9t\u00e9 mis en terre en janvier\u00a02024<\/a>, en passant par l\u2019\u00e9crin de verdure qui entoure La Grave, ou encore les grands parcs des quartiers Montaudran et Saint-Martin-du-Touch, l\u2019objectif affich\u00e9 par la mairie est de <strong>lutter contre les \u00eelots de chaleur.<\/strong><\/p>\n<p class=\" wall-content\">C\u2019est d\u2019ailleurs le premier crit\u00e8re \u00e9tudi\u00e9, avec la faisabilit\u00e9, pour d\u00e9terminer les espaces \u00e0 v\u00e9g\u00e9taliser, confirme Jean-Luc Moudenc.<\/p>\n<p>Pour le bien-\u00eatre des Toulousains<\/p>\n<p class=\" wall-content\">L\u2019hiver 2023-2024 aura \u00e9t\u00e9 marqu\u00e9 par une intense campagne de v\u00e9g\u00e9talisation, entre <strong>les 20\u2009000 arbres plant\u00e9s<\/strong> dans les diff\u00e9rents quartiers de Toulouse et les <strong>12\u2009000 mis en terre sur l\u2019\u00eele du Ramier.<\/strong> Elle se poursuivra jusqu\u2019\u00e0 la fin du mandat.<\/p>\n<p class=\" wall-content\">Pour Cl\u00e9ment Riquet, c\u2019est avant tout pour \u00ab\u2009le bien-\u00eatre des Toulousains\u2009\u00bb, qui peuvent aussi profiter de nouveaux espaces de rencontres.<\/p>\n<p>Le secteur priv\u00e9 met aussi la main \u00e0 la terre<\/p>\n<p class=\" wall-content\">Mais la mairie de Toulouse n\u2019est pas la seule \u00e0 porter ce projet de plantations. Le plan int\u00e8gre \u00e9galement les contributions d\u2019autres acteurs publics et priv\u00e9s.<\/p>\n<p class=\" wall-content\"><strong>Airbus<\/strong> participe activement \u00e0 cette dynamique avec <strong>la plantation de 2\u2009000 arbres sur son propre site toulousain<\/strong>, ainsi que <strong>Thal\u00e8s<\/strong> \u00ab\u2009qui a du foncier dans le secteur de Francazal\u2009\u00bb, rappelle Jean-Luc Moudenc.<\/p>\n<p class=\" wall-content\">Les <strong>copropri\u00e9t\u00e9s<\/strong> sont \u00e9galement accompagn\u00e9es \u00e0 hauteur de 75 \u20ac par arbre, pour un total de 750 \u20ac par an, pour \u00ab\u2009donner un effet levier dans le secteur priv\u00e9.\u2009\u00bb Environ un tiers des arbres plant\u00e9s dans le cadre du plan concerne des espaces priv\u00e9s.<\/p>\n<p>\u00ab\u2009J\u2019ai bon espoir que \u00e7a soit termin\u00e9 plus t\u00f4t\u2009\u00bb<\/p>\n<p class=\" wall-content\">Mais alors que les \u00e9lections municipales pointent le bout de leur nez, comment Jean-Luc Moudenc per\u00e7oit l\u2019apr\u00e8s-2026\u2009?<\/p>\n<p class=\" wall-content\">\u00ab\u00a0Normalement, <strong>d\u2019ici 2030, j\u2019ai bon espoir que \u00e7a soit termin\u00e9 plus t\u00f4t\u00a0\u00bb. <\/strong>Reste \u00e0 savoir si les \u00e9lecteurs lui confieront un nouveau mandat pour achever son projet, ou si ses adversaires politiques reprendront le flambeau\u2026<\/p>\n<p class=\" wall-content\">Suivez toute l\u2019actualit\u00e9 de vos villes et m\u00e9dias favoris en vous inscrivant \u00e0 <a href=\"https:\/\/moncompte.actu.fr\" title=\"D\u00e9couvez Mon Actu\" rel=\"nofollow noopener\" data-trk=\"{&quot;cta&quot;:{&quot;action&quot;:&quot;https:\\\/\\\/moncompte.actu.fr&quot;,&quot;category&quot;:&quot;mon compte&quot;,&quot;from&quot;:&quot;article footer&quot;,&quot;name&quot;:&quot;Mon actu&quot;,&quot;type&quot;:&quot;cta&quot;}}\" target=\"_blank\">Mon Actu<\/a>.<\/p>\n","protected":false},"excerpt":{"rendered":"Par Nina Hossein-Zadeh Publi\u00e9 le 18 avr. 2025 \u00e0 7h12 La promesse sera-t-elle tenue ? En 2019, la&hellip;\n","protected":false},"author":2,"featured_media":37669,"comment_status":"","ping_status":"","sticky":false,"template":"","format":"standard","meta":{"footnotes":""},"categories":[2816],"tags":[1111,11,1777,674,1011,27,12,2680,25,104,2312,1090],"class_list":{"0":"post-37668","1":"post","2":"type-post","3":"status-publish","4":"format-standard","5":"has-post-thumbnail","7":"category-toulouse","8":"tag-actu","9":"tag-actualites","10":"tag-eu","11":"tag-europe","12":"tag-fr","13":"tag-france","14":"tag-news","15":"tag-occitanie","16":"tag-republique-francaise","17":"tag-societe","18":"tag-toulouse","19":"tag-toulouse-metropole"},"share_on_mastodon":{"url":"https:\/\/pubeurope.com\/@fr\/114367684082014121","error":""},"_links":{"self":[{"href":"https:\/\/www.europesays.com\/fr\/wp-json\/wp\/v2\/posts\/37668","targetHints":{"allow":["GET"]}}],"collection":[{"href":"https:\/\/www.europesays.com\/fr\/wp-json\/wp\/v2\/posts"}],"about":[{"href":"https:\/\/www.europesays.com\/fr\/wp-json\/wp\/v2\/types\/post"}],"author":[{"embeddable":true,"href":"https:\/\/www.europesays.com\/fr\/wp-json\/wp\/v2\/users\/2"}],"replies":[{"embeddable":true,"href":"https:\/\/www.europesays.com\/fr\/wp-json\/wp\/v2\/comments?post=37668"}],"version-history":[{"count":0,"href":"https:\/\/www.europesays.com\/fr\/wp-json\/wp\/v2\/posts\/37668\/revisions"}],"wp:featuredmedia":[{"embeddable":true,"href":"https:\/\/www.europesays.com\/fr\/wp-json\/wp\/v2\/media\/37669"}],"wp:attachment":[{"href":"https:\/\/www.europesays.com\/fr\/wp-json\/wp\/v2\/media?parent=37668"}],"wp:term":[{"taxonomy":"category","embeddable":true,"href":"https:\/\/www.europesays.com\/fr\/wp-json\/wp\/v2\/categories?post=37668"},{"taxonomy":"post_tag","embeddable":true,"href":"https:\/\/www.europesays.com\/fr\/wp-json\/wp\/v2\/tags?post=37668"}],"curies":[{"name":"wp","href":"https:\/\/api.w.org\/{rel}","templated":true}]}}