{"id":376681,"date":"2025-09-09T02:24:12","date_gmt":"2025-09-09T02:24:12","guid":{"rendered":"https:\/\/www.europesays.com\/fr\/376681\/"},"modified":"2025-09-09T02:24:12","modified_gmt":"2025-09-09T02:24:12","slug":"donald-trump-affirme-que-les-violences-conjugales-sont-des-delits-moins-graves","status":"publish","type":"post","link":"https:\/\/www.europesays.com\/fr\/376681\/","title":{"rendered":"Donald Trump affirme que les violences conjugales sont des d\u00e9lits \u00abmoins graves\u00bb"},"content":{"rendered":"<p>Le pr\u00e9sident am\u00e9ricain a \u00e9t\u00e9 accus\u00e9 lundi de minimiser la gravit\u00e9 des violences conjugales, apr\u00e8s avoir dit dans un discours qu\u2019il s\u2019agissait de d\u00e9lits \u00abmoins graves\u00bb ne devant pas appara\u00eetre dans les statistiques.<\/p>\n<p class=\"fig-paragraph\"><a href=\"https:\/\/www.lefigaro.fr\/tag\/donald-trump\" target=\"_blank\" rel=\"sponsored noopener\" data-gtm-custom-categorie=\"navigation\" data-gtm-custom-action=\"crossclick\" data-gtm-custom-label=\"Contextuel\" data-gtm-event=\"customEventSPE\">Donald Trump<\/a>\u00a0a \u00e9t\u00e9 accus\u00e9 lundi de minimiser la gravit\u00e9 des\u00a0<a href=\"https:\/\/www.lefigaro.fr\/tag\/violences-conjugales\" target=\"_blank\" rel=\"sponsored noopener\" data-gtm-custom-categorie=\"navigation\" data-gtm-custom-action=\"crossclick\" data-gtm-custom-label=\"Contextuel\" data-gtm-event=\"customEventSPE\">violences conjugales<\/a>, apr\u00e8s avoir dit dans un discours qu&rsquo;il s&rsquo;agissait de d\u00e9lits \u00abmoins graves\u00bb ne devant pas appara\u00eetre dans les statistiques.<\/p>\n<p class=\"fig-paragraph\">Le pr\u00e9sident am\u00e9ricain, qui assure avoir r\u00e9tabli l&rsquo;ordre dans la ville de Washington, a reproch\u00e9 \u00e0 ses opposants de gonfler les chiffres de la criminalit\u00e9 afin de ternir son bilan. \u00abDes choses beaucoup moins graves, des choses qui se passent \u00e0 la maison, ils appellent \u00e7a des crimes\u00bb, a dit Donald Trump pendant un discours consacr\u00e9 \u00e0 la libert\u00e9 de religion.<\/p>\n<p>                                    <a class=\"fig-a11y-skip a11y-hidden\" href=\"#fig-a11y-skip-main-inarticle\"><br \/>\n        Passer la publicit\u00e9<br \/>\n    <\/a><\/p>\n<p class=\"fig-paragraph\">\u00abSi un homme a une petite dispute avec sa femme, ils disent que c&rsquo;est un crime\u00bb, a-t-il ajout\u00e9, suscitant quelques rires dans l&rsquo;assistance, selon une journaliste de l&rsquo;AFP pr\u00e9sente sur place.<\/p>\n<p>Trump \u00abaveugle\u00bb<\/p>\n<p class=\"fig-paragraph\">\u00abDonald Trump nous a montr\u00e9, une nouvelle fois, ce que sont ses convictions\u00bb, a d\u00e9plor\u00e9 Kim Villanueva, pr\u00e9sidente de NOW, un collectif d&rsquo;association de d\u00e9fense des droits des femmes. Elle lui a reproch\u00e9 d&rsquo;\u00eatre \u00abaveugle\u00bb au probl\u00e8me, dans une d\u00e9claration transmise \u00e0 l&rsquo;AFP.<\/p>\n<p class=\"fig-paragraph\">Kris Mayes, procureure g\u00e9n\u00e9rale d\u00e9mocrate de l&rsquo;Arizona, a elle \u00e9crit sur X\u00a0: \u00abSi, Monsieur le pr\u00e9sident, les violences conjugales sont un crime.\u00bb<\/p>\n<p class=\"fig-paragraph\">Environ 41% des femmes et 26% des hommes aux \u00c9tats-Unis sont confront\u00e9s dans leur vie \u00e0 des violences sexuelles, des violences physiques ou du harc\u00e8lement de la part de leurs partenaires intimes, selon une enqu\u00eate publi\u00e9e par la principale agence sanitaire am\u00e9ricaine (Centres pour le contr\u00f4le et la pr\u00e9vention des maladies, ou CDC).<\/p>\n","protected":false},"excerpt":{"rendered":"Le pr\u00e9sident am\u00e9ricain a \u00e9t\u00e9 accus\u00e9 lundi de minimiser la gravit\u00e9 des violences conjugales, apr\u00e8s avoir dit dans&hellip;\n","protected":false},"author":2,"featured_media":376682,"comment_status":"","ping_status":"","sticky":false,"template":"","format":"standard","meta":{"footnotes":""},"categories":[5],"tags":[11,75,1011,27,14,12,798,28],"class_list":{"0":"post-376681","1":"post","2":"type-post","3":"status-publish","4":"format-standard","5":"has-post-thumbnail","7":"category-international","8":"tag-actualites","9":"tag-donald-trump","10":"tag-fr","11":"tag-france","12":"tag-international","13":"tag-news","14":"tag-violences-conjugales","15":"tag-world"},"share_on_mastodon":{"url":"https:\/\/pubeurope.com\/@fr\/115171967778599872","error":""},"_links":{"self":[{"href":"https:\/\/www.europesays.com\/fr\/wp-json\/wp\/v2\/posts\/376681","targetHints":{"allow":["GET"]}}],"collection":[{"href":"https:\/\/www.europesays.com\/fr\/wp-json\/wp\/v2\/posts"}],"about":[{"href":"https:\/\/www.europesays.com\/fr\/wp-json\/wp\/v2\/types\/post"}],"author":[{"embeddable":true,"href":"https:\/\/www.europesays.com\/fr\/wp-json\/wp\/v2\/users\/2"}],"replies":[{"embeddable":true,"href":"https:\/\/www.europesays.com\/fr\/wp-json\/wp\/v2\/comments?post=376681"}],"version-history":[{"count":0,"href":"https:\/\/www.europesays.com\/fr\/wp-json\/wp\/v2\/posts\/376681\/revisions"}],"wp:featuredmedia":[{"embeddable":true,"href":"https:\/\/www.europesays.com\/fr\/wp-json\/wp\/v2\/media\/376682"}],"wp:attachment":[{"href":"https:\/\/www.europesays.com\/fr\/wp-json\/wp\/v2\/media?parent=376681"}],"wp:term":[{"taxonomy":"category","embeddable":true,"href":"https:\/\/www.europesays.com\/fr\/wp-json\/wp\/v2\/categories?post=376681"},{"taxonomy":"post_tag","embeddable":true,"href":"https:\/\/www.europesays.com\/fr\/wp-json\/wp\/v2\/tags?post=376681"}],"curies":[{"name":"wp","href":"https:\/\/api.w.org\/{rel}","templated":true}]}}