{"id":376683,"date":"2025-09-09T02:26:18","date_gmt":"2025-09-09T02:26:18","guid":{"rendered":"https:\/\/www.europesays.com\/fr\/376683\/"},"modified":"2025-09-09T02:26:18","modified_gmt":"2025-09-09T02:26:18","slug":"frederic-pechier-invite-a-la-matinale-de-rtl-un-dispositif-indecent-liberation","status":"publish","type":"post","link":"https:\/\/www.europesays.com\/fr\/376683\/","title":{"rendered":"Fr\u00e9d\u00e9ric P\u00e9chier invit\u00e9 \u00e0 la matinale de RTL, un dispositif ind\u00e9cent \u2013 Lib\u00e9ration"},"content":{"rendered":"<p class=\"sc-cPiKLX AiZTS text-element\">C\u2019est l\u2019histoire d\u2019un homme qui, alors qu\u2019un livre racontant son histoire vient tout juste de para\u00eetre, est l\u2019invit\u00e9 de 8 h 15 de Marc-Olivier Fogiel sur RTL. Dite ainsi, l\u2019histoire para\u00eet connue, une op\u00e9ration de promotion matinale comme on voit tant en cette rentr\u00e9e. Sauf que l\u2019homme en question <a href=\"https:\/\/www.liberation.fr\/societe\/police-justice\/proces-de-frederic-pechier-a-besancon-lanesthesiste-star-et-les-empoisonnements-en-serie-20250908_53XZZA7VTNHSHPFCZ27LAVZXHM\/\" target=\"_blank\" rel=\"nofollow noopener\" title=\"https:\/\/www.liberation.fr\/societe\/police-justice\/proces-de-frederic-pechier-a-besancon-lanesthesiste-star-et-les-empoisonnements-en-serie-20250908_53XZZA7VTNHSHPFCZ27LAVZXHM\/\">compara\u00eet le jour m\u00eame aux assises du Doubs<\/a>, libre, pr\u00e9cisons-le, mais accus\u00e9 de 30 empoisonnements dont 12 mortels, pour un proc\u00e8s qui s\u2019annonce fleuve et se terminera le 19 d\u00e9cembre. Fr\u00e9d\u00e9ric P\u00e9chier, l\u2019ex-anesth\u00e9siste de Besan\u00e7on, \u00e9tait donc venu pr\u00e9senter \u00absa\u00bb v\u00e9rit\u00e9 au micro de Marc-Olivier Fogiel ce lundi 8 septembre. <\/p>\n<p class=\"sc-cPiKLX AiZTS text-element\">On est rest\u00e9e comme deux ronds de flan en apprenant la chose, parce qu\u2019une telle d\u00e9marche n\u2019est pas banale : un accus\u00e9 inaugurant son proc\u00e8s comme invit\u00e9 sp\u00e9cial d\u2019une matinale. Et pourquoi pas <a href=\"https:\/\/www.liberation.fr\/societe\/police-justice\/jai-deja-tue-une-fois-cedric-jubillar-ses-pseudo-compagnes-et-ses-eniemes-confessions-20250723_O2WW7NI6NNGN5AVQ4KF5NOVFBI\/\" target=\"_blank\" rel=\"noreferrer nofollow noopener\" title=\"https:\/\/www.liberation.fr\/societe\/police-justice\/jai-deja-tue-un &lt;div style=\" clear:=\"\" both=\"\"><\/p>\n","protected":false},"excerpt":{"rendered":"C\u2019est l\u2019histoire d\u2019un homme qui, alors qu\u2019un livre racontant son histoire vient tout juste de para\u00eetre, est l\u2019invit\u00e9&hellip;\n","protected":false},"author":2,"featured_media":376684,"comment_status":"","ping_status":"","sticky":false,"template":"","format":"standard","meta":{"footnotes":""},"categories":[2],"tags":[11,10112,1011,27,51056,12],"class_list":{"0":"post-376683","1":"post","2":"type-post","3":"status-publish","4":"format-standard","5":"has-post-thumbnail","7":"category-actualites","8":"tag-actualites","9":"tag-besancon","10":"tag-fr","11":"tag-france","12":"tag-frederic-pechier","13":"tag-news"},"share_on_mastodon":{"url":"https:\/\/pubeurope.com\/@fr\/115171975711155788","error":""},"_links":{"self":[{"href":"https:\/\/www.europesays.com\/fr\/wp-json\/wp\/v2\/posts\/376683","targetHints":{"allow":["GET"]}}],"collection":[{"href":"https:\/\/www.europesays.com\/fr\/wp-json\/wp\/v2\/posts"}],"about":[{"href":"https:\/\/www.europesays.com\/fr\/wp-json\/wp\/v2\/types\/post"}],"author":[{"embeddable":true,"href":"https:\/\/www.europesays.com\/fr\/wp-json\/wp\/v2\/users\/2"}],"replies":[{"embeddable":true,"href":"https:\/\/www.europesays.com\/fr\/wp-json\/wp\/v2\/comments?post=376683"}],"version-history":[{"count":0,"href":"https:\/\/www.europesays.com\/fr\/wp-json\/wp\/v2\/posts\/376683\/revisions"}],"wp:featuredmedia":[{"embeddable":true,"href":"https:\/\/www.europesays.com\/fr\/wp-json\/wp\/v2\/media\/376684"}],"wp:attachment":[{"href":"https:\/\/www.europesays.com\/fr\/wp-json\/wp\/v2\/media?parent=376683"}],"wp:term":[{"taxonomy":"category","embeddable":true,"href":"https:\/\/www.europesays.com\/fr\/wp-json\/wp\/v2\/categories?post=376683"},{"taxonomy":"post_tag","embeddable":true,"href":"https:\/\/www.europesays.com\/fr\/wp-json\/wp\/v2\/tags?post=376683"}],"curies":[{"name":"wp","href":"https:\/\/api.w.org\/{rel}","templated":true}]}}