{"id":376685,"date":"2025-09-09T02:27:17","date_gmt":"2025-09-09T02:27:17","guid":{"rendered":"https:\/\/www.europesays.com\/fr\/376685\/"},"modified":"2025-09-09T02:27:17","modified_gmt":"2025-09-09T02:27:17","slug":"saint-etienne-pourquoi-les-avions-de-la-patrouille-de-france-vont-survoler-la-ville-ce-jeudi","status":"publish","type":"post","link":"https:\/\/www.europesays.com\/fr\/376685\/","title":{"rendered":"Saint-\u00c9tienne. Pourquoi les avions de la Patrouille de France vont survoler la ville ce jeudi"},"content":{"rendered":"<p>            Par<br \/>\n        <strong><br \/>\n            <a href=\"https:\/\/actu.fr\/auteur\/julien-sournies\" title=\"Consulter tous les articles de Julien Sournies\" rel=\"nofollow noopener\" target=\"_blank\">Julien Sournies<\/a><br \/>\n        <\/strong><\/p>\n<p>        Publi\u00e9 le<\/p>\n<p>            8 sept. 2025 \u00e0 12h00        <\/p>\n<p>Ne soyez pas \u00e9tonn\u00e9s d\u2019apercevoir les <strong>avions de la Patrouille de France<\/strong> au-dessus de vos t\u00eates ce jeudi 11\u00a0septembre 2025.<\/p>\n<p class=\" wall-content\">Dans le cadre de \u00ab\u2009Septembre Rouge\u2009\u00bb, mois de sensibilisation aux cancers du sang ou cancers h\u00e9matologiques depuis 2022, le Centre hospitalier universitaire (CHU) de <a href=\"https:\/\/actu.fr\/saint-etienne\/\" rel=\"nofollow noopener\" target=\"_blank\">Saint-\u00c9tienne<\/a> a en effet annonc\u00e9 sur ses r\u00e9seaux sociaux le survol de l\u2019\u00e9tablissement par la PAF.<\/p>\n<p>La PAF survolera Roanne trois jours plus tard<\/p>\n<p class=\" wall-content\">\u00ab\u2009Un moment fort rendu possible par l\u2019association ELLYE, pour sensibiliser aux cancers du sang (leuc\u00e9mies, lymphomes, my\u00e9lomes) et soutenir les patients ainsi que la recherche\u2009\u00bb, indique le CHU.<\/p>\n<p>    <a href=\"https:\/\/www.facebook.com\/plugins\/post.php?href=https%3A%2F%2Fwww.facebook.com%2FCHUSaintEtienne%2Fposts%2Fpfbid04MasbDPC87gjv79FhhDH7wZejTWKg5NVLLyMEGYbQ4nG4w6Uksr1tWsrodxS4RZul&amp;show_text=true&amp;width=350\" title=\"Ouvrie le lien\" rel=\"nofollow noopener\" target=\"_blank\">Cliquez ici pour visualiser le contenu<\/a><\/p>\n<p class=\" wall-content\">Si le panache de fum\u00e9e crach\u00e9 par les avions repr\u00e9sente habituellement le drapeau de la France, le panache tricolore pourrait c\u00e9der cette fois-ci la place \u00e0 une tra\u00een\u00e9e <strong>uniquement rouge<\/strong>, \u00e0 en croire le visuel utilis\u00e9 par l\u2019\u00e9tablissement de soins.<\/p>\n<p class=\" wall-content\">\u00c0 noter par ailleurs que cette animation dans le ciel de la capitale de la <a href=\"https:\/\/actu.fr\/auvergne-rhone-alpes\/loire_42\" rel=\"nofollow noopener\" target=\"_blank\">Loire<\/a> fera \u00e9cho \u00e0 la participation prochaine de la Patrouille de France au <strong>Meeting a\u00e9rien international de Roanne<\/strong>, qui se tiendra trois jours plus tard, le dimanche 14\u00a0septembre.<\/p>\n<p class=\" wall-content\">Personnalisez votre actualit\u00e9 en ajoutant vos villes et m\u00e9dias en favori avec <a href=\"https:\/\/moncompte.actu.fr\" title=\"D\u00e9couvez Mon Actu\" rel=\"nofollow noopener\" data-trk=\"{&quot;cta&quot;:{&quot;action&quot;:&quot;https:\\\/\\\/moncompte.actu.fr&quot;,&quot;category&quot;:&quot;mon compte&quot;,&quot;from&quot;:&quot;article footer&quot;,&quot;name&quot;:&quot;Mon actu&quot;,&quot;type&quot;:&quot;cta&quot;}}\" target=\"_blank\">Mon Actu<\/a>.<\/p>\n","protected":false},"excerpt":{"rendered":"Par Julien Sournies Publi\u00e9 le 8 sept. 2025 \u00e0 12h00 Ne soyez pas \u00e9tonn\u00e9s d\u2019apercevoir les avions de&hellip;\n","protected":false},"author":2,"featured_media":376686,"comment_status":"","ping_status":"","sticky":false,"template":"","format":"standard","meta":{"footnotes":""},"categories":[9653],"tags":[1111,11,2430,101,1777,674,1011,27,12,25,4001,71,104],"class_list":{"0":"post-376685","1":"post","2":"type-post","3":"status-publish","4":"format-standard","5":"has-post-thumbnail","7":"category-saint-etienne","8":"tag-actu","9":"tag-actualites","10":"tag-auvergne-rhone-alpes","11":"tag-cancer","12":"tag-eu","13":"tag-europe","14":"tag-fr","15":"tag-france","16":"tag-news","17":"tag-republique-francaise","18":"tag-saint-etienne","19":"tag-sante","20":"tag-societe"},"share_on_mastodon":{"url":"https:\/\/pubeurope.com\/@fr\/115171979650693656","error":""},"_links":{"self":[{"href":"https:\/\/www.europesays.com\/fr\/wp-json\/wp\/v2\/posts\/376685","targetHints":{"allow":["GET"]}}],"collection":[{"href":"https:\/\/www.europesays.com\/fr\/wp-json\/wp\/v2\/posts"}],"about":[{"href":"https:\/\/www.europesays.com\/fr\/wp-json\/wp\/v2\/types\/post"}],"author":[{"embeddable":true,"href":"https:\/\/www.europesays.com\/fr\/wp-json\/wp\/v2\/users\/2"}],"replies":[{"embeddable":true,"href":"https:\/\/www.europesays.com\/fr\/wp-json\/wp\/v2\/comments?post=376685"}],"version-history":[{"count":0,"href":"https:\/\/www.europesays.com\/fr\/wp-json\/wp\/v2\/posts\/376685\/revisions"}],"wp:featuredmedia":[{"embeddable":true,"href":"https:\/\/www.europesays.com\/fr\/wp-json\/wp\/v2\/media\/376686"}],"wp:attachment":[{"href":"https:\/\/www.europesays.com\/fr\/wp-json\/wp\/v2\/media?parent=376685"}],"wp:term":[{"taxonomy":"category","embeddable":true,"href":"https:\/\/www.europesays.com\/fr\/wp-json\/wp\/v2\/categories?post=376685"},{"taxonomy":"post_tag","embeddable":true,"href":"https:\/\/www.europesays.com\/fr\/wp-json\/wp\/v2\/tags?post=376685"}],"curies":[{"name":"wp","href":"https:\/\/api.w.org\/{rel}","templated":true}]}}