{"id":376689,"date":"2025-09-09T02:31:29","date_gmt":"2025-09-09T02:31:29","guid":{"rendered":"https:\/\/www.europesays.com\/fr\/376689\/"},"modified":"2025-09-09T02:31:29","modified_gmt":"2025-09-09T02:31:29","slug":"comment-la-meuse-se-prepare-t-elle-a-la-journee-de-mobilisation-du-10-septembre","status":"publish","type":"post","link":"https:\/\/www.europesays.com\/fr\/376689\/","title":{"rendered":"comment la Meuse se pr\u00e9pare-t-elle \u00e0 la journ\u00e9e de mobilisation du 10 septembre\u00a0?"},"content":{"rendered":"<p>            Par<br \/>\n        <strong><br \/>\n            <a href=\"https:\/\/actu.fr\/auteur\/caroline-canault\" title=\"Consulter tous les articles de Agence de presse APEI\" target=\"_blank\" rel=\"noopener\">Agence de presse APEI<\/a><br \/>\n        <\/strong><\/p>\n<p>        Publi\u00e9 le<\/p>\n<p>            8 sept. 2025 \u00e0 11h24        <\/p>\n<p>En Lorraine, les premi\u00e8res actions du week-end ont donn\u00e9 le ton. Entre Nancy, Metz ou encore Saint-Avold,<strong> plusieurs rendez-vous sont d\u00e9j\u00e0 connus<\/strong> et ont \u00e9t\u00e9 relay\u00e9s par <a href=\"https:\/\/france3-regions.franceinfo.fr\/grand-est\/meurthe-et-moselle\/nancy\/bloquons-tout-a-quoi-faut-il-s-attendre-en-lorraine-le-10-septembre-3212765.html\" target=\"_blank\" rel=\"noopener\">France 3 Grand Est<\/a>. Dans <a href=\"https:\/\/actu.fr\/grand-est\/meuse_55\" target=\"_blank\" rel=\"noopener\">la Meuse,<\/a> les discussions vont bon train pour rejoindre la mobilisation nationale \u00ab\u00a0Bloquons tout !\u00a0\u00bb.<\/p>\n<p>Dans la Meuse : une mobilisation encore incertaine<\/p>\n<p class=\" wall-content\">Difficile, pour l\u2019heure, de dresser <strong>un tableau pr\u00e9cis des actions meusiennes<\/strong>. L\u00e0 o\u00f9 la Meurthe-et-Moselle et la Moselle annoncent plusieurs rassemblements et manifestations (\u00e0 Nancy d\u00e8s 6h au rond-point de Essey-l\u00e8s-Nancy, \u00e0 Metz \u00e0 14h), <strong>la Meuse demeure plus discr\u00e8te<\/strong>. Aucun blocage massif de routes, gares ou infrastructures strat\u00e9giques n\u2019est officiellement pr\u00e9vu.<\/p>\n<p>Verdun : premi\u00e8res pierres d\u2019organisation<\/p>\n<p class=\" wall-content\">\u00c0 Verdun, <strong>une trentaine de personnes se sont retrouv\u00e9es mercredi dernier<\/strong> pour poser les jalons de la mobilisation, a relay\u00e9 <a href=\"https:\/\/www.estrepublicain.fr\/social\/2025\/09\/04\/bloquons-tout-rendez-vous-est-donne-le-10-septembre\" target=\"_blank\" rel=\"noopener\">L\u2019Est R\u00e9publicain<\/a>. Au c\u0153ur des \u00e9changes : la volont\u00e9 de rendre visibles les revendications du mouvement, qui m\u00eale justice sociale, fiscale et \u00e9cologique, mais aussi<strong> la chute annonc\u00e9e du gouvernement Bayrou<\/strong> et la mise en place d\u2019un r\u00e9f\u00e9rendum d\u2019initiative citoyenne.<\/p>\n<p>Commercy : pique-nique citoyen<\/p>\n<p class=\" wall-content\">C\u2019est sans doute l\u2019appel le plus concret : \u00e0 Commercy, rendez-vous est donn\u00e9 \u00e0 <strong>10 heures, place du Fer \u00e0 Cheval<\/strong>, pour un \u00ab pique-nique citoyen \u00bb selon le site <a href=\"https:\/\/manif-est.info\/Grand-Est-Bloquons-tout-Manifestations-et-actions-du-10-septembre-3557.html\" target=\"_blank\" rel=\"noopener\">Manif-Est.info,<\/a> le m\u00e9dia participatif de lutte du Grand Est. Un moment pr\u00e9sent\u00e9 comme convivial mais r\u00e9solument politique.<\/p>\n<p class=\" wall-content\">Dans un tract diffus\u00e9 sur les r\u00e9seaux sociaux, <a href=\"https:\/\/www.facebook.com\/SUDCT55\/\" target=\"_blank\" rel=\"noopener\">le Syndicat meusien des agents territoriaux Sud CT 55<\/a> mart\u00e8le :<\/p>\n<p class=\" wall-content\">\u00ab Le 10, bloquons tout ! Ce n\u2019est que le d\u00e9but ! Trop, c\u2019est trop ! <strong>Nous ne pouvons plus les laisser faire !<\/strong> Gr\u00e8ves, blocages ! Macron, d\u00e9gage ! Nous, travailleurs et travailleuses du service public, humili\u00e9\u00b7es, d\u00e9pouill\u00e9\u00b7es, d\u00e9ni\u00e9\u00b7es, vol\u00e9\u00b7es, maltrait\u00e9\u00b7es, \u00e7a suffit ! \u00bb<\/p>\n<p>Votre r\u00e9gion, votre actu !<\/p>\n<p>Recevez chaque jour les infos qui comptent pour vous.<\/p>\n<p>\t<a href=\"https:\/\/actu.fr\/newsletter\" class=\"ac-btn ac-btn--corner ac-btn--medium ac-btn--blue800\" target=\"_blank\" rel=\"noopener\">S&rsquo;incrire<\/a><\/p>\n<p>    <a href=\"https:\/\/www.facebook.com\/plugins\/post.php?href=https%3A%2F%2Fwww.facebook.com%2Fphoto.php%3Ffbid%3D1203381771823106%26set%3Da.553662643461692%26type%3D3&amp;show_text=true&amp;width=350\" title=\"Ouvrie le lien\" target=\"_blank\" rel=\"noopener\">Cliquez ici pour visualiser le contenu<\/a><\/p>\n<p>Un climat d\u2019attente<\/p>\n<p class=\" wall-content\">La journ\u00e9e du 10 septembre pourrait donc prendre une tonalit\u00e9 diff\u00e9rente dans la Meuse, plus diffuse que dans les grandes villes voisines, mais non moins d\u00e9termin\u00e9e. Si pour l\u2019heure, aucune action spectaculaire n\u2019est confirm\u00e9e,<strong> la dynamique locale laisse entrevoir des surprises.<\/strong> Les collectifs et syndicats meusiens devraient pr\u00e9ciser le calendrier d\u2019ici mercredi.<\/p>\n<p class=\" wall-content\">Personnalisez votre actualit\u00e9 en ajoutant vos villes et m\u00e9dias en favori avec <a href=\"https:\/\/moncompte.actu.fr\" title=\"D\u00e9couvez Mon Actu\" rel=\"nofollow noopener\" data-trk=\"{&quot;cta&quot;:{&quot;action&quot;:&quot;https:\\\/\\\/moncompte.actu.fr&quot;,&quot;category&quot;:&quot;mon compte&quot;,&quot;from&quot;:&quot;article footer&quot;,&quot;name&quot;:&quot;Mon actu&quot;,&quot;type&quot;:&quot;cta&quot;}}\" target=\"_blank\">Mon Actu<\/a>.<\/p>\n","protected":false},"excerpt":{"rendered":"Par Agence de presse APEI Publi\u00e9 le 8 sept. 2025 \u00e0 11h24 En Lorraine, les premi\u00e8res actions du&hellip;\n","protected":false},"author":2,"featured_media":376690,"comment_status":"","ping_status":"","sticky":false,"template":"","format":"standard","meta":{"footnotes":""},"categories":[9635],"tags":[1111,11,1777,674,3696,1011,27,431,775,6151,1272,1702,12,25],"class_list":{"0":"post-376689","1":"post","2":"type-post","3":"status-publish","4":"format-standard","5":"has-post-thumbnail","7":"category-nancy","8":"tag-actu","9":"tag-actualites","10":"tag-eu","11":"tag-europe","12":"tag-evenements","13":"tag-fr","14":"tag-france","15":"tag-francois-bayrou","16":"tag-grand-est","17":"tag-greve","18":"tag-manifestations","19":"tag-nancy","20":"tag-news","21":"tag-republique-francaise"},"share_on_mastodon":{"url":"https:\/\/pubeurope.com\/@fr\/115171995418760311","error":""},"_links":{"self":[{"href":"https:\/\/www.europesays.com\/fr\/wp-json\/wp\/v2\/posts\/376689","targetHints":{"allow":["GET"]}}],"collection":[{"href":"https:\/\/www.europesays.com\/fr\/wp-json\/wp\/v2\/posts"}],"about":[{"href":"https:\/\/www.europesays.com\/fr\/wp-json\/wp\/v2\/types\/post"}],"author":[{"embeddable":true,"href":"https:\/\/www.europesays.com\/fr\/wp-json\/wp\/v2\/users\/2"}],"replies":[{"embeddable":true,"href":"https:\/\/www.europesays.com\/fr\/wp-json\/wp\/v2\/comments?post=376689"}],"version-history":[{"count":0,"href":"https:\/\/www.europesays.com\/fr\/wp-json\/wp\/v2\/posts\/376689\/revisions"}],"wp:featuredmedia":[{"embeddable":true,"href":"https:\/\/www.europesays.com\/fr\/wp-json\/wp\/v2\/media\/376690"}],"wp:attachment":[{"href":"https:\/\/www.europesays.com\/fr\/wp-json\/wp\/v2\/media?parent=376689"}],"wp:term":[{"taxonomy":"category","embeddable":true,"href":"https:\/\/www.europesays.com\/fr\/wp-json\/wp\/v2\/categories?post=376689"},{"taxonomy":"post_tag","embeddable":true,"href":"https:\/\/www.europesays.com\/fr\/wp-json\/wp\/v2\/tags?post=376689"}],"curies":[{"name":"wp","href":"https:\/\/api.w.org\/{rel}","templated":true}]}}