{"id":376695,"date":"2025-09-09T02:34:22","date_gmt":"2025-09-09T02:34:22","guid":{"rendered":"https:\/\/www.europesays.com\/fr\/376695\/"},"modified":"2025-09-09T02:34:22","modified_gmt":"2025-09-09T02:34:22","slug":"decouvrez-les-jep-2025-a-montpellier","status":"publish","type":"post","link":"https:\/\/www.europesays.com\/fr\/376695\/","title":{"rendered":"D\u00e9couvrez les JEP 2025 \u00e0 Montpellier"},"content":{"rendered":"<p class=\"p3\">Cette ann\u00e9e, la ville propose un voyage unique \u00e0 travers deux th\u00e8mes principaux : l\u2019incroyable richesse de son patrimoine architectural et une comm\u00e9moration sp\u00e9ciale en l\u2019honneur d\u2019une figure locale embl\u00e9matique.<\/p>\n<p><b>Montpellier, un \u00e9crin architectural \u00e0 ciel ouvert<\/b><\/p>\n<p class=\"p3\">D\u00e9couvrez le visage pluriel de Montpellier. Des ruelles m\u00e9di\u00e9vales de l\u2019\u00c9cusson aux majestueux h\u00f4tels particuliers, en passant par les audaces architecturales contemporaines, la ville est un v\u00e9ritable livre d\u2019histoire. Ces journ\u00e9es sont l\u2019occasion parfaite de vous plonger dans ce patrimoine pr\u00e9serv\u00e9 et valoris\u00e9 pour les g\u00e9n\u00e9rations futures.<\/p>\n<p class=\"p3\">Au programme, des visites et des spectacles qui mettent en lumi\u00e8re ces tr\u00e9sors :<\/p>\n<ul class=\"ul1\">\n<li class=\"li3\"><b>L\u2019H\u00f4tel de Varennes<\/b> ouvre ses portes pour des d\u00e9monstrations de lutherie ancienne et des concerts de musique m\u00e9di\u00e9vale.<\/li>\n<li class=\"li3\">L\u2019<b>H\u00f4tel de Lunas<\/b> accueille la <b>God Bless Compagnie<\/b> pour un spectacle de th\u00e9\u00e2tre sur le th\u00e8me de l\u2019habitat collectif.<\/li>\n<li class=\"li3\">Ne manquez pas un concert de gospel \u00e0 la <b>Maison des Ch\u0153urs<\/b> ou une projection de clips musicaux qui c\u00e9l\u00e8brent le patrimoine montpelli\u00e9rain au <b>Rockstore<\/b>.<\/li>\n<\/ul>\n<p><b>Hommage vibrant \u00e0 Max Rouquette, po\u00e8te de l\u2019Occitanie<\/b><\/p>\n<p class=\"p3\">Cette ann\u00e9e marque un moment fort avec la c\u00e9l\u00e9bration des <b>20 ans de la disparition de Max Rouquette<\/b>, po\u00e8te, \u00e9crivain et m\u00e9decin occitan, dont l\u2019\u0153uvre est un hymne \u00e0 la beaut\u00e9 du territoire. Un grand \u00e9v\u00e9nement est organis\u00e9 autour de l\u2019inauguration de la nouvelle <b>place Max Rouquette<\/b> et de ses environs, enti\u00e8rement r\u00e9am\u00e9nag\u00e9s pour devenir un nouvel espace de vie.<\/p>\n<p class=\"p3\">Le nouveau lieu, avec ses jardins, ses espaces de jeux et sa cascade, sera le th\u00e9\u00e2tre de festivit\u00e9s tout au long du week-end :<\/p>\n<ul class=\"ul1\">\n<li class=\"li3\"><b>Samedi \u00e0 11h<\/b>, ne manquez pas la c\u00e9r\u00e9monie d\u2019inauguration, suivie d\u2019une danse participative et d\u2019un buffet r\u00e9publicain.<\/li>\n<li class=\"li3\">L\u2019aqueduc Saint-Cl\u00e9ment s\u2019illuminera \u00e0 21h le samedi pour un spectacle de lumi\u00e8res inspir\u00e9 de l\u2019univers po\u00e9tique de Rouquette.<\/li>\n<li class=\"li3\">Assistez \u00e0 des <b>siestes sonores<\/b> au pied des arches, des d\u00e9monstrations de tambourin (un sport qu\u2019il a contribu\u00e9 \u00e0 p\u00e9renniser) et des bals occitans endiabl\u00e9s.<\/li>\n<\/ul>\n<p><b>Sur les traces de Max Rouquette dans la ville<\/b><\/p>\n<p class=\"p3\">La c\u00e9l\u00e9bration de l\u2019\u00e9crivain ne se limite pas \u00e0 la nouvelle place. Vous pourrez le red\u00e9couvrir \u00e0 travers toute la ville :<\/p>\n<ul class=\"ul1\">\n<li class=\"li3\">Une <b>balade litt\u00e9raire<\/b> dans l\u2019\u00c9cusson vous fera sillonner les rues de Montpellier au rythme de ses textes.<\/li>\n<li class=\"li3\">Au <b>Domaine Bonnier de la Mosson<\/b>, un concert de violon sera accompagn\u00e9 de lectures de ses po\u00e8mes.<\/li>\n<li class=\"li3\">Le <b>Mus\u00e9e Fabre<\/b> propose une visite guid\u00e9e explorant ses amiti\u00e9s avec des artistes majeurs.<\/li>\n<\/ul>\n<p><b>Des activit\u00e9s pour toute la famille !<\/b><\/p>\n<p class=\"p3\">Les Journ\u00e9es du Patrimoine sont aussi l\u2019occasion de partager des moments ludiques et cr\u00e9atifs avec les enfants :<\/p>\n<ul class=\"ul1\">\n<li class=\"li3\">\u00c0 la <b>Tuilerie de Massane<\/b>, les plus jeunes pourront assister \u00e0 un spectacle musical avec des instruments faits \u00e0 partir de mat\u00e9riaux naturels.<\/li>\n<li class=\"li3\">L\u2019<b>H\u00f4tel de Ville<\/b> se transforme en atelier <b>LEGO<\/b> g\u00e9ant pour construire une \u0153uvre collaborative autour de l\u2019architecture.<\/li>\n<li class=\"li3\">La <b>M\u00e9diath\u00e8que \u00c9mile Zola<\/b> propose un atelier \u00ab\u00a0Montpellier en pop-up\u00a0\u00bb pour cr\u00e9er une maquette de la ville.<\/li>\n<li class=\"li3\">Au <b>Mus\u00e9e Fabre<\/b>, les tout-petits pourront partir \u00e0 la recherche des \u00ab\u00a0petites b\u00eates\u00a0\u00bb cach\u00e9es dans les \u0153uvres, en s\u2019inspirant des po\u00e8mes de Max Rouquette.<\/li>\n<\/ul>\n<p class=\"p3\">Pour plus d\u2019informations et pour les inscriptions, rendez-vous sur<a href=\"http:\/\/jep.montpellier.fr\" rel=\"nofollow noopener\" target=\"_blank\"> <b>jep.montpellier.fr<\/b><\/a>. Pr\u00e9parez-vous \u00e0 c\u00e9l\u00e9brer le patrimoine sous toutes ses formes !<\/p>\n","protected":false},"excerpt":{"rendered":"Cette ann\u00e9e, la ville propose un voyage unique \u00e0 travers deux th\u00e8mes principaux : l\u2019incroyable richesse de son&hellip;\n","protected":false},"author":2,"featured_media":376696,"comment_status":"","ping_status":"","sticky":false,"template":"","format":"standard","meta":{"footnotes":""},"categories":[9599],"tags":[1111,11,1777,674,1011,27,2208,12,2680,25],"class_list":{"0":"post-376695","1":"post","2":"type-post","3":"status-publish","4":"format-standard","5":"has-post-thumbnail","7":"category-montpellier","8":"tag-actu","9":"tag-actualites","10":"tag-eu","11":"tag-europe","12":"tag-fr","13":"tag-france","14":"tag-montpellier","15":"tag-news","16":"tag-occitanie","17":"tag-republique-francaise"},"share_on_mastodon":{"url":"https:\/\/pubeurope.com\/@fr\/115172007202894169","error":""},"_links":{"self":[{"href":"https:\/\/www.europesays.com\/fr\/wp-json\/wp\/v2\/posts\/376695","targetHints":{"allow":["GET"]}}],"collection":[{"href":"https:\/\/www.europesays.com\/fr\/wp-json\/wp\/v2\/posts"}],"about":[{"href":"https:\/\/www.europesays.com\/fr\/wp-json\/wp\/v2\/types\/post"}],"author":[{"embeddable":true,"href":"https:\/\/www.europesays.com\/fr\/wp-json\/wp\/v2\/users\/2"}],"replies":[{"embeddable":true,"href":"https:\/\/www.europesays.com\/fr\/wp-json\/wp\/v2\/comments?post=376695"}],"version-history":[{"count":0,"href":"https:\/\/www.europesays.com\/fr\/wp-json\/wp\/v2\/posts\/376695\/revisions"}],"wp:featuredmedia":[{"embeddable":true,"href":"https:\/\/www.europesays.com\/fr\/wp-json\/wp\/v2\/media\/376696"}],"wp:attachment":[{"href":"https:\/\/www.europesays.com\/fr\/wp-json\/wp\/v2\/media?parent=376695"}],"wp:term":[{"taxonomy":"category","embeddable":true,"href":"https:\/\/www.europesays.com\/fr\/wp-json\/wp\/v2\/categories?post=376695"},{"taxonomy":"post_tag","embeddable":true,"href":"https:\/\/www.europesays.com\/fr\/wp-json\/wp\/v2\/tags?post=376695"}],"curies":[{"name":"wp","href":"https:\/\/api.w.org\/{rel}","templated":true}]}}