{"id":376697,"date":"2025-09-09T02:35:16","date_gmt":"2025-09-09T02:35:16","guid":{"rendered":"https:\/\/www.europesays.com\/fr\/376697\/"},"modified":"2025-09-09T02:35:16","modified_gmt":"2025-09-09T02:35:16","slug":"la-ville-a-visage-humain-lexpo-photo-choc-dhabitat-et-humanisme","status":"publish","type":"post","link":"https:\/\/www.europesays.com\/fr\/376697\/","title":{"rendered":"\u00ab\u00a0La Ville \u00e0 visage humain\u00a0\u00bb, l&rsquo;expo-photo choc d\u2019Habitat et Humanisme"},"content":{"rendered":"<p>            Par<br \/>\n        <strong><br \/>\n            <a href=\"https:\/\/actu.fr\/auteur\/g-martin\" title=\"Consulter tous les articles de Gil Martin\" rel=\"nofollow noopener\" target=\"_blank\">Gil Martin<\/a><br \/>\n        <\/strong><\/p>\n<p>        Publi\u00e9 le<\/p>\n<p>            8 sept. 2025 \u00e0 12h15        <\/p>\n<p>A l\u2019occasion du 40\u00e8me anniversaire du <strong>Mouvement Habitat et Humanisme<\/strong>, l\u2019association Habitat et Humanisme H\u00e9rault organise une exposition photo, \u00ab\u00a0l<strong>a ville \u00e0 visage humain<\/strong>\u00ab\u00a0, t\u00e9moignant de quatre d\u00e9cennies d\u2019engagement en faveur des personnes en situation de pr\u00e9carit\u00e9.<\/p>\n<p>Portraits et sc\u00e8nes de vie<\/p>\n<p class=\" wall-content\">Cette exposition gratuite et ouvert au public sera visible du 8 au 12 Septembre 2025 <strong>\u00e0 la Maison des Relations Internationales<\/strong> : \u00ab A travers une s\u00e9rie de portraits, de sc\u00e8nes de vie et de t\u00e9moignages, cette exposition met en lumi\u00e8re les histoires de celles et ceux qui, <strong>gr\u00e2ce \u00e0 un logement adapt\u00e9 et un accompagnement de proximit\u00e9<\/strong>, retrouvent une place dans la soci\u00e9t\u00e9 et confiance en l\u2019avenir \u00bb, explique l\u2019association.<\/p>\n<blockquote class=\"ac-article-quote wall-content\">\n<p>\u00ab\u00a0Ces images invitent \u00e0 d\u00e9passer les pr\u00e9jug\u00e9s, \u00e0 retisser du lien, et \u00e0 porter un nouveau regard sur la pr\u00e9carit\u00e9\u00a0\u00bb<\/p>\n<p>    <strong>Habitat et Humanisme H\u00e9rault<\/strong>\n            <\/p><\/blockquote>\n<p class=\" wall-content\">Chaque photo raconte un parcours, une rencontre, une reconstruction, \u00ab illustrant la force de la solidarit\u00e9 et du collectif \u00bb, rappelle l\u2019association, pour qui cette exposition est une invitation <strong>\u00e0 la rencontre et au changement de regard<\/strong> : \u00ab Dans un contexte o\u00f9 plus de 4 millions de personnes en France souffrent de mal-logement et o\u00f9 l\u2019isolement aggrave l\u2019exclusion, Habitat et Humanisme permet aux plus fragiles (familles en difficult\u00e9, personnes \u00e2g\u00e9es isol\u00e9es, jeunes en rupture, r\u00e9fugi\u00e9s\u2026) de retrouver un toit et une place dans la soci\u00e9t\u00e9. Plus qu\u2019un simple h\u00e9bergement, <strong>le logement devient un point d\u2019ancrage<\/strong> pour se reconstruire et b\u00e2tir un projet de vie \u00bb.<\/p>\n<p>    <a href=\"https:\/\/www.google.com\/maps\/embed?pb=!1m18!1m12!1m3!1d2888.672691582451!2d3.87788737557359!3d43.613356171103995!2m3!1f0!2f0!3f0!3m2!1i1024!2i768!4f13.1!3m3!1m2!1s0x12b6aff25ac5a2a1%3A0x5ad2a0518f808bd5!2sMaison%20des%20relations%20internationales%20Nelson%20Mandela!5e0!3m2!1sfr!2sfr!4v1757089273889!5m2!1sfr!2sfr\" title=\"Ouvrie le lien\" rel=\"nofollow noopener\" target=\"_blank\">Cliquez ici pour visualiser le contenu<\/a><\/p>\n<p>Vid\u00e9os : en ce moment sur ActuLa volont\u00e9 d\u2019agir au quotidien<\/p>\n<p class=\" wall-content\">Cette exposition sera \u00e9galement un hommage <strong>\u00e0 l\u2019engagement des b\u00e9n\u00e9voles<\/strong> d\u2019Habitat et Humanisme qui agissent au quotidien pour une soci\u00e9t\u00e9 plus solidaire : \u00ab Cette exposition incarne une conviction forte port\u00e9e par l\u2019association depuis sa cr\u00e9ation : de la rencontre na\u00eet la transformation\u2026 En donnant \u00e0 voir autrement les parcours de celles et ceux que la soci\u00e9t\u00e9 laisse \u00e0 l\u2019\u00e9cart, <strong>ces images invitent \u00e0 d\u00e9passer les pr\u00e9jug\u00e9s<\/strong>, \u00e0 retisser du lien, et \u00e0 porter <strong>un nouveau regard sur la pr\u00e9carit\u00e9<\/strong> \u00bb.<\/p>\n<p><strong>&gt; <\/strong>Exposition-photo \u00ab La Ville \u00e0 visage humain \u00bb,\u00a0Par Habitat et Humanisme H\u00e9rault\u00a0Maison des Relations Internationales Nelson Mandela \u00a0Du 8 au 12 septembre 2025\u00a0Vernissage ce mardi 9 septembre \u00e0 17h30<br \/>Acc\u00e8s grand public gratuit du lundi au vendredi (sauf mardi apr\u00e8s-midi)\u00a0De 9h \u00e0 12h et de 14h \u00e0 17h<\/p>\n<p>Votre r\u00e9gion, votre actu !<\/p>\n<p>Recevez chaque jour les infos qui comptent pour vous.<\/p>\n<p>\t<a href=\"https:\/\/actu.fr\/newsletter\" class=\"ac-btn ac-btn--corner ac-btn--medium ac-btn--blue800\" rel=\"nofollow noopener\" target=\"_blank\">S&rsquo;incrire<\/a><br \/>\n250 familles soutenues dans l&rsquo;H\u00e9rault<\/p>\n<p>Le Mouvement Habitat et Humanisme compte 58 associations pr\u00e9sentes dans 89 d\u00e9partements fran\u00e7ais, plus de 5 600 b\u00e9n\u00e9voles et quelques 2 450 salari\u00e9s qui \u0153uvrent au quotidien en faveur du logement et de l\u2019insertion des personnes en difficult\u00e9 et pour la recr\u00e9ation des liens sociaux.<br \/>Dans l\u2019H\u00e9rault, les 24 salari\u00e9s soutenus par pr\u00e8s de 130 b\u00e9n\u00e9voles soutiennent plus de 250 familles qui b\u00e9n\u00e9ficient d\u2019un accompagnement bienveillant, personnalis\u00e9 ou collectif, favorisant la confiance en soi et la (re)cr\u00e9ation de liens sociaux.<br \/>Apr\u00e8s l\u2019ouverture \u00e0 Montpellier de la pension de famille les Fr\u00e8res Grimm en 2024, l\u2019association va r\u00e9aliser prochainement des travaux d\u2019extension de la pension de famille Les Jardins de Bagnols, \u00e0 B\u00e9ziers, permettant de loger 10 nouvelles personnes en situation de grande fragilit\u00e9 d\u2019ici l\u2019automne 2026.<br \/>Prochain rendez-vous : le 20 octobre prochain, pour un concert solidaire au profit de l\u2019association aura lieu \u00e0 l\u2019Op\u00e9ra avec Emmanuel Pi DJOB et Rhoda SCOTT.<\/p>\n<p class=\" wall-content\">.<\/p>\n<p class=\" wall-content\">Personnalisez votre actualit\u00e9 en ajoutant vos villes et m\u00e9dias en favori avec <a href=\"https:\/\/moncompte.actu.fr\" title=\"D\u00e9couvez Mon Actu\" rel=\"nofollow noopener\" data-trk=\"{&quot;cta&quot;:{&quot;action&quot;:&quot;https:\\\/\\\/moncompte.actu.fr&quot;,&quot;category&quot;:&quot;mon compte&quot;,&quot;from&quot;:&quot;article footer&quot;,&quot;name&quot;:&quot;Mon actu&quot;,&quot;type&quot;:&quot;cta&quot;}}\" target=\"_blank\">Mon Actu<\/a>.<\/p>\n","protected":false},"excerpt":{"rendered":"Par Gil Martin Publi\u00e9 le 8 sept. 2025 \u00e0 12h15 A l\u2019occasion du 40\u00e8me anniversaire du Mouvement Habitat&hellip;\n","protected":false},"author":2,"featured_media":376698,"comment_status":"","ping_status":"","sticky":false,"template":"","format":"standard","meta":{"footnotes":""},"categories":[9599],"tags":[1111,11,1777,674,1011,27,2208,12,2680,25,104],"class_list":{"0":"post-376697","1":"post","2":"type-post","3":"status-publish","4":"format-standard","5":"has-post-thumbnail","7":"category-montpellier","8":"tag-actu","9":"tag-actualites","10":"tag-eu","11":"tag-europe","12":"tag-fr","13":"tag-france","14":"tag-montpellier","15":"tag-news","16":"tag-occitanie","17":"tag-republique-francaise","18":"tag-societe"},"share_on_mastodon":{"url":"https:\/\/pubeurope.com\/@fr\/115172011102022007","error":""},"_links":{"self":[{"href":"https:\/\/www.europesays.com\/fr\/wp-json\/wp\/v2\/posts\/376697","targetHints":{"allow":["GET"]}}],"collection":[{"href":"https:\/\/www.europesays.com\/fr\/wp-json\/wp\/v2\/posts"}],"about":[{"href":"https:\/\/www.europesays.com\/fr\/wp-json\/wp\/v2\/types\/post"}],"author":[{"embeddable":true,"href":"https:\/\/www.europesays.com\/fr\/wp-json\/wp\/v2\/users\/2"}],"replies":[{"embeddable":true,"href":"https:\/\/www.europesays.com\/fr\/wp-json\/wp\/v2\/comments?post=376697"}],"version-history":[{"count":0,"href":"https:\/\/www.europesays.com\/fr\/wp-json\/wp\/v2\/posts\/376697\/revisions"}],"wp:featuredmedia":[{"embeddable":true,"href":"https:\/\/www.europesays.com\/fr\/wp-json\/wp\/v2\/media\/376698"}],"wp:attachment":[{"href":"https:\/\/www.europesays.com\/fr\/wp-json\/wp\/v2\/media?parent=376697"}],"wp:term":[{"taxonomy":"category","embeddable":true,"href":"https:\/\/www.europesays.com\/fr\/wp-json\/wp\/v2\/categories?post=376697"},{"taxonomy":"post_tag","embeddable":true,"href":"https:\/\/www.europesays.com\/fr\/wp-json\/wp\/v2\/tags?post=376697"}],"curies":[{"name":"wp","href":"https:\/\/api.w.org\/{rel}","templated":true}]}}