{"id":376703,"date":"2025-09-09T02:38:49","date_gmt":"2025-09-09T02:38:49","guid":{"rendered":"https:\/\/www.europesays.com\/fr\/376703\/"},"modified":"2025-09-09T02:38:49","modified_gmt":"2025-09-09T02:38:49","slug":"gieres-rue-des-glairons-24-luminaires-rendus-inoperants-apres-des-vols-de-cables-electriques","status":"publish","type":"post","link":"https:\/\/www.europesays.com\/fr\/376703\/","title":{"rendered":"Gi\u00e8res. Rue des Glairons, 24 luminaires rendus inop\u00e9rants apr\u00e8s des vols de c\u00e2bles \u00e9lectriques"},"content":{"rendered":"<p>Le week-end dernier, les luminaires du tron\u00e7on de la rue des Glairons le long des berges de l\u2019Is\u00e8re et contournant la Plaine des sports ont \u00e9t\u00e9 d\u00e9pouill\u00e9s de leurs c\u00e2bles \u00e9lectriques. Au total, 24 lampadaires ont ainsi \u00e9t\u00e9 rendus inop\u00e9rants. Les coffrets \u00e9lectriques en pied de m\u00e2t ont \u00e9t\u00e9 cass\u00e9s ou ont disparu et les c\u00e2bles enterr\u00e9s entre les luminaires ont \u00e9t\u00e9 vol\u00e9s sur une longueur de 500 m\u00e8tres.<\/p>\n<p>La section, cycles et voitures, de la rue des Glairons situ\u00e9e entre la rue des Viaires et la piste cyclable de la rue de l\u2019Is\u00e8re ne sera plus \u00e9clair\u00e9 le temps des r\u00e9parations.<\/p>\n<p>Ce contenu est bloqu\u00e9 car vous n&rsquo;avez pas accept\u00e9 les cookies et autres traceurs.<\/p>\n<p>En cliquant sur \u00ab J\u2019accepte \u00bb, les cookies et autres traceurs seront d\u00e9pos\u00e9s et vous pourrez visualiser les contenus  (<a href=\"\" class=\"consentModule_policy\" target=\"_blank\" title=\"Consulter la politique de protection des donn\u00e9es du fournisseur\">plus d&rsquo;informations<\/a>).<\/p>\n<p>En cliquant sur \u00ab J\u2019accepte tous les cookies \u00bb, vous autorisez des d\u00e9p\u00f4ts de cookies et autres traceurs pour le stockage de vos donn\u00e9es sur nos sites et applications \u00e0 des fins de personnalisation et de ciblage publicitaire.<\/p>\n<p class=\"consentModule_secondaryText\">Vous gardez la possibilit\u00e9 de retirer votre consentement \u00e0 tout moment en consultant notre <a href=\"https:\/\/www.ledauphine.com\/protection-des-donnees\" target=\"_blank\" title=\"Consulter notre politique de protection des donn\u00e9es\" rel=\"noopener\">politique de protection des donn\u00e9es<\/a>. <br \/>&#13;<br \/>\n            <a href=\"https:\/\/www.ledauphine.com\/faits-divers-justice\/2025\/09\/08\/javascript:Didomi.notice.show()\" class=\"consentModule_cmp\" target=\"_blank\" rel=\"noopener\">G\u00e9rer mes choix<\/a>&#13;\n        <\/p>\n<p>&#13;<br \/>\n                        J&rsquo;accepte&#13;<br \/>\n            J&rsquo;accepte tous les cookies&#13;\n        <\/p>\n","protected":false},"excerpt":{"rendered":"Le week-end dernier, les luminaires du tron\u00e7on de la rue des Glairons le long des berges de l\u2019Is\u00e8re&hellip;\n","protected":false},"author":2,"featured_media":376704,"comment_status":"","ping_status":"","sticky":false,"template":"","format":"standard","meta":{"footnotes":""},"categories":[9566],"tags":[1111,11,2430,112,1777,674,274,1011,27,12505,2731,7000,12,25],"class_list":{"0":"post-376703","1":"post","2":"type-post","3":"status-publish","4":"format-standard","5":"has-post-thumbnail","7":"category-grenoble","8":"tag-actu","9":"tag-actualites","10":"tag-auvergne-rhone-alpes","11":"tag-edition-grenoble-agglomeration","12":"tag-eu","13":"tag-europe","14":"tag-faits-divers-justice","15":"tag-fr","16":"tag-france","17":"tag-gieres","18":"tag-grenoble","19":"tag-lagglomeration","20":"tag-news","21":"tag-republique-francaise"},"share_on_mastodon":{"url":"https:\/\/pubeurope.com\/@fr\/115172026814037841","error":""},"_links":{"self":[{"href":"https:\/\/www.europesays.com\/fr\/wp-json\/wp\/v2\/posts\/376703","targetHints":{"allow":["GET"]}}],"collection":[{"href":"https:\/\/www.europesays.com\/fr\/wp-json\/wp\/v2\/posts"}],"about":[{"href":"https:\/\/www.europesays.com\/fr\/wp-json\/wp\/v2\/types\/post"}],"author":[{"embeddable":true,"href":"https:\/\/www.europesays.com\/fr\/wp-json\/wp\/v2\/users\/2"}],"replies":[{"embeddable":true,"href":"https:\/\/www.europesays.com\/fr\/wp-json\/wp\/v2\/comments?post=376703"}],"version-history":[{"count":0,"href":"https:\/\/www.europesays.com\/fr\/wp-json\/wp\/v2\/posts\/376703\/revisions"}],"wp:featuredmedia":[{"embeddable":true,"href":"https:\/\/www.europesays.com\/fr\/wp-json\/wp\/v2\/media\/376704"}],"wp:attachment":[{"href":"https:\/\/www.europesays.com\/fr\/wp-json\/wp\/v2\/media?parent=376703"}],"wp:term":[{"taxonomy":"category","embeddable":true,"href":"https:\/\/www.europesays.com\/fr\/wp-json\/wp\/v2\/categories?post=376703"},{"taxonomy":"post_tag","embeddable":true,"href":"https:\/\/www.europesays.com\/fr\/wp-json\/wp\/v2\/tags?post=376703"}],"curies":[{"name":"wp","href":"https:\/\/api.w.org\/{rel}","templated":true}]}}