{"id":376710,"date":"2025-09-09T02:42:18","date_gmt":"2025-09-09T02:42:18","guid":{"rendered":"https:\/\/www.europesays.com\/fr\/376710\/"},"modified":"2025-09-09T02:42:18","modified_gmt":"2025-09-09T02:42:18","slug":"a-strasbourg-faire-sa-rentree-a-luniversite-coute-de-plus-en-plus-cher","status":"publish","type":"post","link":"https:\/\/www.europesays.com\/fr\/376710\/","title":{"rendered":"\u00e0 Strasbourg, faire sa rentr\u00e9e \u00e0 l\u2019universit\u00e9 co\u00fbte de plus en plus cher"},"content":{"rendered":"<p><b>L\u2019AFGES (Association f\u00e9d\u00e9rative g\u00e9n\u00e9rale des \u00e9tudiants de Strasbourg) a publi\u00e9 il y a quelques jours sa traditionnelle enqu\u00eate sur le co\u00fbt de la rentr\u00e9e \u00e9tudiante \u00e0 Strasbourg. Sans grande surprise, presque tous les postes de d\u00e9penses augmentent cette ann\u00e9e encore, gardant en pr\u00e9carit\u00e9 constante les \u00e9tudiant(e)s strasbourgeois(es).<\/b><\/p>\n<p>Comme chaque ann\u00e9e, <a href=\"https:\/\/www.instagram.com\/afges_officiel\/\" target=\"_blank\" rel=\"noopener\">l\u2019AFGES<\/a> a publi\u00e9 d\u00e9but septembre le compte-rendu de <strong>son enqu\u00eate sur le co\u00fbt de la rentr\u00e9e \u00e9tudiante.<\/strong> Logement, courses, frais universitaires : <strong>tout augmente pour les \u00e9tudiant(e)s \u00e0 Strasbourg.<\/strong> <\/p>\n<p>Au total, un(e) \u00e9tudiant(e) non-boursier\/\u00e8re qui n\u2019habite plus au domicile familial devra d\u00e9bourser <b>pr\u00e8s de 3216,87\u20ac <\/b>au mois de septembre. Ce qui constitue une augmentation de <b>50,46\u20ac<\/b> <strong>par rapport \u00e0 la rentr\u00e9e 2024\/2025. <\/strong>Quant aux \u00e9tudiant(e)s qui ont la bourse \u00e9chelon 7 log\u00e9(e)s en chambre universitaire, ils et elles devront d\u00e9bourser <b>1736,73 \u20ac<\/b>, soit<b> 42,43 \u20ac <\/b>suppl\u00e9mentaires cette ann\u00e9e.<\/p>\n<p>    <img width=\"800\" height=\"600\" src=\"https:\/\/www.europesays.com\/fr\/wp-content\/uploads\/2025\/09\/274871616_542174173726911_2504330022769085637_n-scaled.jpg\" class=\"attachment-image-size-L size-image-size-L\" alt=\"facult\u00e9 \u00e9tudiants universit\u00e9\" decoding=\"async\" loading=\"lazy\"  \/>         \u00a9 Coraline Lafon \/ Pokaa <\/p>\n<p><strong>Pour calculer son indicateur,<\/strong> l\u2019AFGES comptabilise<strong> les frais de la vie quotidienne<\/strong> comme le loyer, les charges, l\u2019alimentation, les transports, les forfaits t\u00e9l\u00e9phone et Internet. <strong>Mais aussi les frais ponctuels, directement li\u00e9s aux \u00e9tudes,<\/strong> comme les frais d\u2019inscription, la CVEC, les frais d\u2019agence, l\u2019assurance logement, ou encore le mat\u00e9riel n\u00e9cessaire pour \u00e9tudier.<\/p>\n<p><strong>Ces cinq derni\u00e8res ann\u00e9es<\/strong>, le co\u00fbt de la rentr\u00e9e calcul\u00e9 par l\u2019AFGES n\u2019a cess\u00e9 d\u2019augmenter. Fix\u00e9 \u00e0<b> 2230\u20ac en 2020<\/b>, c\u2019est presque <b>1000\u20ac de diff\u00e9rence <\/b>qui sont \u00e0 d\u00e9bourser aujourd\u2019hui. Avec toutes ces d\u00e9penses, <strong>la moiti\u00e9 des \u00e9tudiant(e)s<\/strong> doivent trouver un job pendant leurs \u00e9tudes. Pour \u00e9conomiser, tous les moyens sont bons, y compris <strong>sauter des repas, comme le font 66% des \u00e9tudiant(e)s chaque semaine.<\/strong><\/p>\n<p>    <img width=\"800\" height=\"533\" src=\"https:\/\/www.europesays.com\/fr\/wp-content\/uploads\/2025\/09\/etudiants-strasbourgeois-galere-confinement-8.jpg\" class=\"attachment-image-size-L size-image-size-L\" alt=\"etudiants frigo vide pr\u00e9carit\u00e9 pauvret\u00e9 alimentation\" decoding=\"async\" loading=\"lazy\"  \/>         \u00a9 Mathilde Piaud \/ Pokaa <\/p>\n<p>Des \u00e9tudes qui co\u00fbtent de plus en plus cher<\/p>\n<p>En dehors des d\u00e9penses li\u00e9es au fait d\u2019\u00e9tudier \u00e0 Strasbourg, <strong>les frais universitaires, eux aussi, augmentent \u00e0 la rentr\u00e9e 2025.<\/strong> Pour les non-boursiers\/\u00e8res, il faudra d\u00e9bourser <strong>178\u20ac pour s\u2019inscrire en licence<\/strong> (soit 3\u20ac de plus par rapport \u00e0 l\u2019an dernier), <strong>245\u20ac pour s\u2019inscrire en master<\/strong> (soir 4\u20ac de plus) et<strong> 397\u20ac pour s\u2019inscrire en doctorat<\/strong> (soit 6\u20ac de plus).<\/p>\n<p>Obligatoire, sauf exon\u00e9ration, <strong>la CVEC<\/strong> (Contribution de vie \u00e9tudiante et de campus) est \u00e9galement plus \u00e9lev\u00e9e et <strong>passe de 103\u20ac \u00e0 105\u20ac.<\/strong> Mais encore faut-il avoir les moyens de se procurer le mat\u00e9riel indispensable pour suivre les cours de sa fili\u00e8re. Et l\u00e0, les prix explosent : 9,69% d\u2019augmentation, soit un co\u00fbt de 238,52\u20ac.<\/p>\n<p>                <a href=\"https:\/\/pokaa.fr\/2025\/09\/07\/aides-etudiantes-5-astuces-pour-sen-sortir-financierement-quand-on-vit-a-strasbourg\/\" target=\"_blank\" rel=\"noopener\"><br \/>\n                    <img width=\"450\" height=\"270\" src=\"https:\/\/www.europesays.com\/fr\/wp-content\/uploads\/2025\/09\/230603-pka-mega-mousse-party-3-450x270.jpg\" class=\"attachment-card-horizontal--same-subject size-card-horizontal--same-subject wp-post-image\" alt=\"\" decoding=\"async\" loading=\"lazy\"\/>                <\/a><\/p>\n<p>    <img width=\"800\" height=\"533\" src=\"https:\/\/www.europesays.com\/fr\/wp-content\/uploads\/2025\/09\/campus-esplanade-2-800x533.jpg\" class=\"attachment-image-size-L size-image-size-L\" alt=\"Campus Esplanade 2\" decoding=\"async\" loading=\"lazy\"  \/>         \u00a9 Mathilde Piaud \/ Pokaa <\/p>\n<p>L&rsquo;explosion des prix des loyers <\/p>\n<p>Pour les \u00e9tudiant(e)s, le premier poste de d\u00e9pense reste \u00e9videmment le loyer. Aujourd\u2019hui \u00e0 Strasbourg,<strong> le prix moyen est de 580\u20ac pour un studio<\/strong> et de <strong>383,40\u20ac pour une chambre<\/strong> ou un studio Crous. <\/p>\n<p>Malgr\u00e9 la construction en cours d\u2019une <strong>nouvelle r\u00e9sidence place d\u2019Islande<\/strong> et <a href=\"https:\/\/pokaa.fr\/2025\/06\/23\/strasbourg-une-nouvelle-residence-etudiante-de-57-logements-ouvrira-en-septembre\/\" target=\"_blank\" rel=\"noopener\">l\u2019inauguration de l\u2019ancienne Chambre r\u00e9gionale des comptes<\/a>\u00a0transform\u00e9e en r\u00e9sidence, les \u00e9tudiant(e)s <strong>manquent cruellement de logements.\u00a0\u00a0<\/strong><\/p>\n<p>                <a href=\"https:\/\/pokaa.fr\/2025\/09\/01\/strasbourg-6-aides-et-bons-plans-logement-quand-on-est-etudiante\/\" target=\"_blank\" rel=\"noopener\"><br \/>\n                    <img width=\"450\" height=\"270\" src=\"https:\/\/www.europesays.com\/fr\/wp-content\/uploads\/2025\/09\/z2-450x270.png\" class=\"attachment-card-horizontal--same-subject size-card-horizontal--same-subject wp-post-image\" alt=\"\" decoding=\"async\" loading=\"lazy\"\/>                <\/a><\/p>\n<p>Dans une ville qui accueille environ <strong>57 000 \u00e9tudiant(e)s<\/strong> chaque ann\u00e9e, les <strong>4 920 places<\/strong> propos\u00e9es par le Crous ne suffisent pas. Un seul logement Crous est disponible pour 17 \u00e9tudiant(e)s ! Les demandes de logements Crous sont <strong>quatre fois plus importantes que les places disponibles<\/strong> dans la capitale alsacienne.<\/p>\n<p>Comme chaque ann\u00e9e, <strong><a href=\"https:\/\/pokaa.fr\/2025\/08\/27\/etudiantes-en-galere-a-strasbourg-lafges-propose-des-logements-provisoires\/\" target=\"_blank\" rel=\"noopener\">l\u2019AFGES lance d\u2019ailleurs son dispositif de logement provisoire<\/a> <\/strong>pour soulager celles et ceux qui commencent les cours, tout en \u00e9tant \u00e0 la rue. Mais les places restent limit\u00e9es et de plus en plus d\u2019\u00e9tudiant(e)s se retrouvent \u00e0 loger <strong>sur le canap\u00e9 d\u2019une connaissance, chez des ami(e)s de la famille, dans des voitures, des auberges de jeunesse et parfois m\u00eame sous tente.<\/strong><\/p>\n<p>    <img width=\"800\" height=\"533\" src=\"https:\/\/www.europesays.com\/fr\/wp-content\/uploads\/2025\/09\/etudiants-reportage-photos-covid-laurent-khram-thea-2-scaled.jpg\" class=\"attachment-image-size-L size-image-size-L\" alt=\"etudiants-reportage-photos-covid-laurent-khram-thea-2\" decoding=\"async\" loading=\"lazy\"  \/>         \u00a9 Laurent Khram \/ Document remis <\/p>\n<p>L\u2019AFGES demande la r\u00e9vision du syst\u00e8me de bourse et l\u2019encadrement des loyers<\/p>\n<p>Face \u00e0 cette pr\u00e9carit\u00e9 grandissante qui frappe, ann\u00e9e apr\u00e8s ann\u00e9e, de plus en plus d\u2019\u00e9tudiant(e)s, l\u2019AFGES <strong>demande \u00e0 ce qu\u2019un encadrement des loyers<\/strong> soit mis en place \u00e0 Strasbourg. Pr\u00e9vu par la l\u00e9gislation (loi ALUR de 2014 puis loi \u00c9LAN de 2018), <strong>c\u2019est l\u2019\u00c9tat qui fixe la liste des communes \u00e9ligibles.<\/strong> La commune peut ensuite en faire la demande et la pr\u00e9fecture mettra en place la mesure par arr\u00eat\u00e9. En ce qui concerne<strong> les r\u00e9sidences Crous, l\u2019association plaide en faveur d\u2019un gel des loyers et des charges.<\/strong><\/p>\n<p>Mais elle juge \u00e9galement le syst\u00e8me d\u2019attribution des bourses actuel comme in\u00e9galitaire et complexe. Pour simplifier au maximum l\u2019acc\u00e8s aux \u00e9tudiant(e)s dans le besoin, il est n\u00e9cessaire, selon elle, de <strong>revoir les conditions d\u2019attributions,<\/strong> notamment en se basant sur<strong> les revenus du candidat et non de ses parents.<\/strong> Mais aussi d\u2019unifier ce syst\u00e8me qui laisse parfois certaines fili\u00e8res de c\u00f4t\u00e9, comme les formations sanitaires et sociales.<\/p>\n<p><script async src=\"\/\/www.instagram.com\/embed.js\"><\/script><\/p>\n","protected":false},"excerpt":{"rendered":"L\u2019AFGES (Association f\u00e9d\u00e9rative g\u00e9n\u00e9rale des \u00e9tudiants de Strasbourg) a publi\u00e9 il y a quelques jours sa traditionnelle enqu\u00eate&hellip;\n","protected":false},"author":2,"featured_media":376711,"comment_status":"","ping_status":"","sticky":false,"template":"","format":"standard","meta":{"footnotes":""},"categories":[2820],"tags":[1111,11,6379,1777,674,1011,27,775,12,51058,25,640,30161],"class_list":{"0":"post-376710","1":"post","2":"type-post","3":"status-publish","4":"format-standard","5":"has-post-thumbnail","7":"category-strasbourg","8":"tag-actu","9":"tag-actualites","10":"tag-etudiants","11":"tag-eu","12":"tag-europe","13":"tag-fr","14":"tag-france","15":"tag-grand-est","16":"tag-news","17":"tag-rentree-etudiante","18":"tag-republique-francaise","19":"tag-strasbourg","20":"tag-universite-de-strasbourg"},"share_on_mastodon":{"url":"https:\/\/pubeurope.com\/@fr\/115172038931730223","error":""},"_links":{"self":[{"href":"https:\/\/www.europesays.com\/fr\/wp-json\/wp\/v2\/posts\/376710","targetHints":{"allow":["GET"]}}],"collection":[{"href":"https:\/\/www.europesays.com\/fr\/wp-json\/wp\/v2\/posts"}],"about":[{"href":"https:\/\/www.europesays.com\/fr\/wp-json\/wp\/v2\/types\/post"}],"author":[{"embeddable":true,"href":"https:\/\/www.europesays.com\/fr\/wp-json\/wp\/v2\/users\/2"}],"replies":[{"embeddable":true,"href":"https:\/\/www.europesays.com\/fr\/wp-json\/wp\/v2\/comments?post=376710"}],"version-history":[{"count":0,"href":"https:\/\/www.europesays.com\/fr\/wp-json\/wp\/v2\/posts\/376710\/revisions"}],"wp:featuredmedia":[{"embeddable":true,"href":"https:\/\/www.europesays.com\/fr\/wp-json\/wp\/v2\/media\/376711"}],"wp:attachment":[{"href":"https:\/\/www.europesays.com\/fr\/wp-json\/wp\/v2\/media?parent=376710"}],"wp:term":[{"taxonomy":"category","embeddable":true,"href":"https:\/\/www.europesays.com\/fr\/wp-json\/wp\/v2\/categories?post=376710"},{"taxonomy":"post_tag","embeddable":true,"href":"https:\/\/www.europesays.com\/fr\/wp-json\/wp\/v2\/tags?post=376710"}],"curies":[{"name":"wp","href":"https:\/\/api.w.org\/{rel}","templated":true}]}}