{"id":376716,"date":"2025-09-09T02:45:12","date_gmt":"2025-09-09T02:45:12","guid":{"rendered":"https:\/\/www.europesays.com\/fr\/376716\/"},"modified":"2025-09-09T02:45:12","modified_gmt":"2025-09-09T02:45:12","slug":"cest-une-deception-totale-le-torchon-brule-entre-le-comite-promenade-et-le-maire-de-nice-christian-estrosi-au-sujet-de-la-securisation-de-la-prom","status":"publish","type":"post","link":"https:\/\/www.europesays.com\/fr\/376716\/","title":{"rendered":"\u00ab\u00a0C\u2019est une d\u00e9ception totale\u00a0\u00bb: Le torchon br\u00fble entre le Comit\u00e9 Promenade et le maire de Nice Christian Estrosi au sujet de la s\u00e9curisation de la Prom"},"content":{"rendered":"<p>\u00ab\u00a0C\u2019est une d\u00e9ception totale: nous avons invit\u00e9 le maire, Christian Estrosi, \u00e0 participer \u00e0 notre r\u00e9union publique sur la s\u00e9curisation de la Promenade des Anglais des Anglais mais il n\u2019est pas venu et n\u2019a envoy\u00e9 personne pour le repr\u00e9senter. \u00c0 la place, qu\u2019a-t-il fait? Il a fait distribuer des courriers \u00e0 la sortie.\u00a0\u00bb<\/p>\n<p>L\u2019exasp\u00e9ration de Kirkor Ajderhanyan, le pr\u00e9sident de l\u2019association de Promotion et de sauvegarde du front de mer \u00e0 Nice &#8211; Comit\u00e9 Promenade, est palpable. Il l\u2019a martel\u00e9 tout au long du rendez-vous lanc\u00e9 \u00e0 ses adh\u00e9rents et aux Ni\u00e7ois int\u00e9ress\u00e9s par le sujet, organis\u00e9 le jeudi 4 septembre 2025. La tension semble avoir grimp\u00e9 d\u2019un cran entre lui et la majorit\u00e9 municipale. L\u2019opposition \u00e9cologiste \u00e9tait, elle, pr\u00e9sente avec Juliette Chesnel-Leroux et Jean-Christophe Picard tandis que la voix de l\u2019UDR \u00e9tait port\u00e9e par la d\u00e9put\u00e9e Christelle d\u2019Intorni et le d\u00e9put\u00e9 europ\u00e9en Laurent Castillo tous deux excusant l\u2019absence d\u2019Eric Ciotti, candidat \u00e0 la mairie de Nice. Outre les politiques figuraient aussi des membres de l\u2019association Nice \u00e0 V\u00e9lo.<\/p>\n<p>Et Kirkor Ajderhanyan d\u2019\u00e9grainer la liste des rendez-vous manqu\u00e9s avec la Ville: \u00ab\u00a0Depuis bien longtemps, le Comit\u00e9 alerte le maire sur l\u2019ins\u00e9curit\u00e9 routi\u00e8re qui r\u00e8gne sur le front de mer. Il y a eu 29 morts en 9 ans sur la Promenade! Nous lui avons propos\u00e9 des solutions concr\u00e8tes, nous avons voulu entamer un dialogue. Le 24 mars 2024, nous avons demand\u00e9 la cr\u00e9ation d\u2019un groupe de travail sur la s\u00e9curisation de la prom sans r\u00e9ponse. J\u2019en ai reparl\u00e9 \u00e0 Anthony Borr\u00e9 [le premier adjoint au maire \u00e0 la S\u00e9curit\u00e9] le 14 juillet 2025 qui m\u2019a r\u00e9pondu que la Ville travaillait avec le pr\u00e9fet et qu\u2019ils n\u2019avaient pas besoin de nous. Lorsque nous avons envoy\u00e9 l\u2019invitation \u00e0 cette r\u00e9union publique au maire, il a demand\u00e9 \u00e0 Ga\u00ebl Nofri [l\u2019adjoint au maire aux Transports] de nous recevoir le 2 septembre 2025, soit deux jours avant, pour nous dire qu\u2019un groupe de travail allait \u00eatre constitu\u00e9. C\u2019est un peu tard. Pourquoi avoir attendu le d\u00e9but de la campagne \u00e9lectorale pour les municipales? Par souci d\u2019\u00e9quit\u00e9 entre tous les candidats, nous les solliciterons tous pour conna\u00eetre leurs propositions d\u2019am\u00e9nagement du front de mer.\u00a0\u00bb<\/p>\n<p>\u00ab\u00a0Une posture politicienne et partisane\u00a0\u00bb<\/p>\n<p>Mais ce n\u2019est pas parce que Christian Estrosi \u00e9tait absent qu\u2019il est rest\u00e9 silencieux. Dans les courriers qu\u2019il a fait distribuer \u00e0 la sortie de la r\u00e9union, apr\u00e8s avoir \u00e9nonc\u00e9 ses trois priorit\u00e9s (\u00ab\u00a0renforcer votre s\u00e9curit\u00e9\u00a0\u00bb, \u00ab\u00a0r\u00e9duire le trafic automobile\u00a0\u00bb et \u00ab\u00a0r\u00e9inventer les am\u00e9nagements\u00a0\u00bb), il \u00e9crit avoir \u00ab\u00a0d\u00e9cid\u00e9 de lancer un groupe de r\u00e9flexion\u00a0\u00bb pr\u00e9cisant que \u00ab\u00a0la concertation est ouverte \u00e0 toutes les bonnes volont\u00e9s\u00a0\u00bb. Mais c\u2019est cette phrase qui a provoqu\u00e9 l\u2019ire de Kirkor Ajderhanyan: \u00ab\u00a0Je regrette que le pr\u00e9sident du Comit\u00e9 Promenade ait choisi dans une posture politicienne et partisane de ne pas participer \u00e0 cette d\u00e9marche lors de notre rencontre du 2 septembre dernier\u00a0\u00bb.<\/p>\n<p>La r\u00e9ponse am\u00e8re du berger \u00e0 la berg\u00e8re ne s\u2019est pas fait attendre: \u00ab\u00a0Que cette question vitale qu\u2019est la s\u00e9curisation soit r\u00e9cup\u00e9r\u00e9e par la politique, cela nous attriste beaucoup!\u00a0\u00bb<\/p>\n<p>En revanche, une bonne nouvelle pour le Comit\u00e9 a \u00e9t\u00e9 annonc\u00e9e par Nadia Hulin, cheffe du bureau s\u00e9curit\u00e9 routi\u00e8re \u00e0 la pr\u00e9fecture des Alpes-Maritimes lors de la r\u00e9union: \u00ab\u00a0J\u2019ai propos\u00e9 de mettre en place une Cellule d\u2019expertise des zones accidentog\u00e8nes (Ceza) \u00e0 laquelle prendra part la M\u00e9tropole afin d\u2019\u00e9tudier vos propositions. Le pr\u00e9fet est attentif \u00e0 ce sujet.\u00a0\u00bb<\/p>\n<p>Il y a d\u00e9j\u00e0 fort \u00e0 parier que les candidats aux municipales se saisiront de ce sujet dans les mois \u00e0 venir.<\/p>\n","protected":false},"excerpt":{"rendered":"\u00ab\u00a0C\u2019est une d\u00e9ception totale: nous avons invit\u00e9 le maire, Christian Estrosi, \u00e0 participer \u00e0 notre r\u00e9union publique sur&hellip;\n","protected":false},"author":2,"featured_media":376717,"comment_status":"","ping_status":"","sticky":false,"template":"","format":"standard","meta":{"footnotes":""},"categories":[2819],"tags":[1111,11,1777,674,1011,27,12,2401,882,25,656],"class_list":{"0":"post-376716","1":"post","2":"type-post","3":"status-publish","4":"format-standard","5":"has-post-thumbnail","7":"category-nice","8":"tag-actu","9":"tag-actualites","10":"tag-eu","11":"tag-europe","12":"tag-fr","13":"tag-france","14":"tag-news","15":"tag-nice","16":"tag-provence-alpes-cote-dazur","17":"tag-republique-francaise","18":"tag-securite"},"share_on_mastodon":{"url":"https:\/\/pubeurope.com\/@fr\/115172050430499217","error":""},"_links":{"self":[{"href":"https:\/\/www.europesays.com\/fr\/wp-json\/wp\/v2\/posts\/376716","targetHints":{"allow":["GET"]}}],"collection":[{"href":"https:\/\/www.europesays.com\/fr\/wp-json\/wp\/v2\/posts"}],"about":[{"href":"https:\/\/www.europesays.com\/fr\/wp-json\/wp\/v2\/types\/post"}],"author":[{"embeddable":true,"href":"https:\/\/www.europesays.com\/fr\/wp-json\/wp\/v2\/users\/2"}],"replies":[{"embeddable":true,"href":"https:\/\/www.europesays.com\/fr\/wp-json\/wp\/v2\/comments?post=376716"}],"version-history":[{"count":0,"href":"https:\/\/www.europesays.com\/fr\/wp-json\/wp\/v2\/posts\/376716\/revisions"}],"wp:featuredmedia":[{"embeddable":true,"href":"https:\/\/www.europesays.com\/fr\/wp-json\/wp\/v2\/media\/376717"}],"wp:attachment":[{"href":"https:\/\/www.europesays.com\/fr\/wp-json\/wp\/v2\/media?parent=376716"}],"wp:term":[{"taxonomy":"category","embeddable":true,"href":"https:\/\/www.europesays.com\/fr\/wp-json\/wp\/v2\/categories?post=376716"},{"taxonomy":"post_tag","embeddable":true,"href":"https:\/\/www.europesays.com\/fr\/wp-json\/wp\/v2\/tags?post=376716"}],"curies":[{"name":"wp","href":"https:\/\/api.w.org\/{rel}","templated":true}]}}