{"id":376730,"date":"2025-09-09T02:54:47","date_gmt":"2025-09-09T02:54:47","guid":{"rendered":"https:\/\/www.europesays.com\/fr\/376730\/"},"modified":"2025-09-09T02:54:47","modified_gmt":"2025-09-09T02:54:47","slug":"braderie-de-lille-un-grand-repas-solidaire-avec-1-000-moules-frites-offertes-a-des-personnes-dans-le-besoin","status":"publish","type":"post","link":"https:\/\/www.europesays.com\/fr\/376730\/","title":{"rendered":"Braderie de Lille. Un grand repas solidaire avec 1 000 moules-frites offertes \u00e0 des personnes dans le besoin"},"content":{"rendered":"<p>            Par<br \/>\n        <strong><br \/>\n            <a href=\"https:\/\/actu.fr\/auteur\/redaction-lille\" title=\"Consulter tous les articles de R\u00e9daction Lille\" target=\"_blank\" rel=\"noopener\">R\u00e9daction Lille<\/a><br \/>\n        <\/strong><\/p>\n<p>        Publi\u00e9 le<\/p>\n<p>            8 sept. 2025 \u00e0 15h58        <\/p>\n<p data-end=\"767\">\u00ab\u00a0C\u2019est la <b>plus belle mani\u00e8re de cl\u00f4turer la braderie<\/b>\u00ab\u00a0, lance le maire de <a href=\"https:\/\/actu.fr\/hauts-de-france\/lille_59350\" target=\"_blank\" rel=\"noopener\">Lille<\/a> (Nord) <b>Arnaud Deslandes<\/b>. Pour la deuxi\u00e8me ann\u00e9e cons\u00e9cutive, un<b> repas solidaire et anti-gaspi <\/b>a \u00e9t\u00e9 organis\u00e9 au lendemain de la grande <a href=\"https:\/\/actu.fr\/tag\/braderie-de-lille\" target=\"_blank\" rel=\"noopener\">Braderie de Lille<\/a> au profit de <b>b\u00e9n\u00e9ficiaires d\u2019associations lilloises<\/b> telles que les Restos du C\u0153ur ou Abej.<\/p>\n<p>Un grand repas solidaire au lendemain de la Braderie de Lille<\/p>\n<p data-end=\"1114\" class=\" wall-content\">Chacune des huit associations membres de ce dispositif avait choisi pr\u00e9alablement entre 80 et 200 b\u00e9n\u00e9ficiaires, selon leur importance dans le paysage lillois. Sans domicile fixe, familles h\u00e9berg\u00e9es ou encore allocataires du RSA se sont vu offrir un peu de Braderie le temps d\u2019un repas, autour de la pyramide de la place Rihour entre 11h et 15h30.<\/p>\n<p>    <img   decoding=\"async\" loading=\"lazy\" class=\"size-large\" src=\"https:\/\/www.europesays.com\/fr\/wp-content\/uploads\/2025\/09\/3efde1d0eeb86d80ee1d0eeb8b32eev-960x640.jpg\" alt=\"La braderie solidaire, grand moment de partage \u00e0 Lille (Nord).\" width=\"960\" height=\"640\"\/><br \/>\n    La braderie solidaire, grand moment de partage \u00e0 Lille (Nord). \u00a9Zo\u00e9 Hondt<\/p>\n<p data-end=\"1478\" class=\" wall-content\"><b>Pr\u00e8s de 1 000 personnes en situation pr\u00e9caire<\/b> ont ainsi savour\u00e9 les symboliques moules-frites, cuisin\u00e9es pour l\u2019occasion en tr\u00e8s grande quantit\u00e9 \u2013 plus de six tonnes \u2013 par La Chicor\u00e9e. Le patron de la brasserie, Arnaud Meunier, se r\u00e9jouit de la mise en place de ce projet solidaire, qui est un moyen pour lui de \u00ab\u00a0croiser les questions environnementales et sociales\u00a0\u00bb.<\/p>\n<p data-end=\"1745\" class=\" wall-content\">Conscient du grand nombre de d\u00e9chets suite \u00e0 la Braderie de Lille, il r\u00e9cup\u00e8re des <b>moules et frites invendues \u2013 et non cuisin\u00e9es<\/b> \u2013 gr\u00e2ce \u00e0 une <b>grande collecte anticip\u00e9e<\/b> aupr\u00e8s des restaurateurs du centre-ville, par une vingtaine de b\u00e9n\u00e9voles de l\u2019association Linkee.<\/p>\n<p data-end=\"2025\" class=\" wall-content\">\u00ab\u00a0Un <b>repas chaud et assis<\/b>\u00a0\u00bb dont le maire de Lille, Arnaud Deslandes, se dit \u00ab\u00a0tr\u00e8s fier\u00a0\u00bb. \u00c9manant d\u2019un \u00ab\u00a0devoir d\u2019humanit\u00e9 et de solidarit\u00e9\u00a0\u00bb, ce Grand Repas Solidaire est selon lui \u00ab\u00a0une <b>r\u00e9ponse \u00e0 un besoin social lourd<\/b>\u00ab\u00a0. Il rappelle \u00e9galement l\u2019objectif f\u00e9d\u00e9rateur du dispositif.<\/p>\n<p data-end=\"2205\" class=\" wall-content\">C\u2019est d\u2019ailleurs ce qui a tout de suite plu \u00e0 Angel, jeune photographe b\u00e9n\u00e9vole : \u00ab\u00a0J\u2019aime le sens du partage et la bonne humeur ici\u00a0\u00bb.<\/p>\n<p data-end=\"2205\" class=\" wall-content\"><b>Zo\u00e9 Hondt<\/b><\/p>\n<p class=\" wall-content\">Personnalisez votre actualit\u00e9 en ajoutant vos villes et m\u00e9dias en favori avec <a href=\"https:\/\/moncompte.actu.fr\" title=\"D\u00e9couvez Mon Actu\" rel=\"nofollow noopener\" data-trk=\"{&quot;cta&quot;:{&quot;action&quot;:&quot;https:\\\/\\\/moncompte.actu.fr&quot;,&quot;category&quot;:&quot;mon compte&quot;,&quot;from&quot;:&quot;article footer&quot;,&quot;name&quot;:&quot;Mon actu&quot;,&quot;type&quot;:&quot;cta&quot;}}\" target=\"_blank\">Mon Actu<\/a>.<\/p>\n","protected":false},"excerpt":{"rendered":"Par R\u00e9daction Lille Publi\u00e9 le 8 sept. 2025 \u00e0 15h58 \u00ab\u00a0C\u2019est la plus belle mani\u00e8re de cl\u00f4turer la&hellip;\n","protected":false},"author":2,"featured_media":376731,"comment_status":"","ping_status":"","sticky":false,"template":"","format":"standard","meta":{"footnotes":""},"categories":[2815],"tags":[1111,11,18703,1777,674,1011,27,811,1307,12,25,104],"class_list":{"0":"post-376730","1":"post","2":"type-post","3":"status-publish","4":"format-standard","5":"has-post-thumbnail","7":"category-lille","8":"tag-actu","9":"tag-actualites","10":"tag-braderie-de-lille","11":"tag-eu","12":"tag-europe","13":"tag-fr","14":"tag-france","15":"tag-hauts-de-france","16":"tag-lille","17":"tag-news","18":"tag-republique-francaise","19":"tag-societe"},"share_on_mastodon":{"url":"https:\/\/pubeurope.com\/@fr\/115172089840456058","error":""},"_links":{"self":[{"href":"https:\/\/www.europesays.com\/fr\/wp-json\/wp\/v2\/posts\/376730","targetHints":{"allow":["GET"]}}],"collection":[{"href":"https:\/\/www.europesays.com\/fr\/wp-json\/wp\/v2\/posts"}],"about":[{"href":"https:\/\/www.europesays.com\/fr\/wp-json\/wp\/v2\/types\/post"}],"author":[{"embeddable":true,"href":"https:\/\/www.europesays.com\/fr\/wp-json\/wp\/v2\/users\/2"}],"replies":[{"embeddable":true,"href":"https:\/\/www.europesays.com\/fr\/wp-json\/wp\/v2\/comments?post=376730"}],"version-history":[{"count":0,"href":"https:\/\/www.europesays.com\/fr\/wp-json\/wp\/v2\/posts\/376730\/revisions"}],"wp:featuredmedia":[{"embeddable":true,"href":"https:\/\/www.europesays.com\/fr\/wp-json\/wp\/v2\/media\/376731"}],"wp:attachment":[{"href":"https:\/\/www.europesays.com\/fr\/wp-json\/wp\/v2\/media?parent=376730"}],"wp:term":[{"taxonomy":"category","embeddable":true,"href":"https:\/\/www.europesays.com\/fr\/wp-json\/wp\/v2\/categories?post=376730"},{"taxonomy":"post_tag","embeddable":true,"href":"https:\/\/www.europesays.com\/fr\/wp-json\/wp\/v2\/tags?post=376730"}],"curies":[{"name":"wp","href":"https:\/\/api.w.org\/{rel}","templated":true}]}}