{"id":376736,"date":"2025-09-09T02:57:19","date_gmt":"2025-09-09T02:57:19","guid":{"rendered":"https:\/\/www.europesays.com\/fr\/376736\/"},"modified":"2025-09-09T02:57:19","modified_gmt":"2025-09-09T02:57:19","slug":"top-5-des-cafes-sympas-pour-bosser-autour-des-facs-et-campus-de-lyon","status":"publish","type":"post","link":"https:\/\/www.europesays.com\/fr\/376736\/","title":{"rendered":"Top 5 des caf\u00e9s sympas pour bosser autour des facs et campus de Lyon"},"content":{"rendered":"<p><img data-recalc-dims=\"1\" fetchpriority=\"high\" decoding=\"async\" class=\"alignnone wp-image-135407 size-full\" title=\"ou reviser a lyon campus\" src=\"https:\/\/www.europesays.com\/fr\/wp-content\/uploads\/2025\/09\/coffee-shop.png\" alt=\"coffee shop r\u00e9viser lyon caf\u00e9 proche fac\" width=\"800\" height=\"470\"  \/><\/p>\n<p>Vous avez un expos\u00e9 \u00e0 finir, un m\u00e9moire \u00e0 commencer (courage \ud83d\udcaa) ou juste envie de r\u00e9viser ailleurs qu\u2019\u00e0 la BU ? Bonne nouvelle : Lyon regorge de caf\u00e9s cosy o\u00f9 on peut bosser sans se faire chasser au bout d\u2019un cappuccino.<\/p>\n<p>On vous a d\u00e9nich\u00e9 5 adresses parfaites pour alterner cours, caf\u00e9ine et cookies.<\/p>\n<p>Le Zibou Lab \u2013 Campus Saint Paul et Confluence (Lyon 2)<\/p>\n<p><img loading=\"lazy\" data-recalc-dims=\"1\" decoding=\"async\" class=\"alignnone wp-image-135399 size-medium\" title=\"r\u00e9viser caf\u00e9 lyon 2\" src=\"https:\/\/www.europesays.com\/fr\/wp-content\/uploads\/2025\/09\/2025-07-28.jpg\" alt=\"Zibou Lab\" width=\"800\" height=\"534\"  \/><\/p>\n<p>Un tiers-lieu inclusif qui coche toutes les cases : ici, vous pouvez r\u00e9viser, grignoter, papoter et m\u00eame vous cultiver. Le Zibou Lab, c\u2019est <strong>3 espaces en 1<\/strong> : Un <strong>coffee shop<\/strong> pour siroter un latte, un smoothie ou une citronnade maison, avec des g\u00e2teaux qui sentent bon la r\u00e9confort-th\u00e9rapie (cookies, carrot cake, cheesecake\u2026). \u00c0 midi, carte simple mais engag\u00e9e (sandwichs, salades, tartes) avec produits de saison, bios, locaux ou handi-fabriqu\u00e9s. Une <strong>boutique<\/strong> handi-responsable o\u00f9 vous d\u00e9nicherez des cr\u00e9ations r\u00e9alis\u00e9es par des personnes en situation de handicap. Une <strong>galerie d\u2019Art<\/strong> Spontan\u00e9 qui apporte une vraie touche inspirante entre deux paragraphes de dissertation.<\/p>\n<p>\ud83d\udccd 71 Rue Smith, 69002 Lyon<br \/>\n\u23f0 De 10h30 \u00e0 18h du mardi au vendredi et de 13h \u00e0 18h le samedi<br \/>\n\ud83e\udd33 <a href=\"https:\/\/www.instagram.com\/le_zibou_lab\/\" target=\"_blank\" rel=\"noopener nofollow\">Instagram<\/a><\/p>\n<p>Caf\u00e9 Cr\u00e8me \u2013 Sciences U Lyon et Campus de la Manufacture des Tabacs (Lyon 3)<\/p>\n<p><img loading=\"lazy\" data-recalc-dims=\"1\" decoding=\"async\" class=\"alignnone wp-image-135401 size-full\" title=\"caf\u00e9 ou travailler\" src=\"https:\/\/www.europesays.com\/fr\/wp-content\/uploads\/2025\/09\/2025-02-17-2.jpg\" alt=\"caf\u00e9 lyon 3 sans soucis\" width=\"680\" height=\"1020\"  \/><\/p>\n<p>Cach\u00e9 au d\u00e9tour d\u2019une petite rue derri\u00e8re Lyon 3,<strong> Caf\u00e9 Cr\u00e8me<\/strong> est le spot parfait si vous cherchez un QG cosy pour travailler. <strong>Tenu par des \u00e9tudiants de l\u2019Institut Bocuse<\/strong> (oui, rien que \u00e7a !), ce coffee shop r\u00e9gale autant avec ses caf\u00e9s bien dos\u00e9s que ses brunchs gourmands. Vous pouvez y poser votre ordi pour la journ\u00e9e sans vous sentir press\u00e9s de partir, r\u00e9viser tranquillement entre deux cours ou carr\u00e9ment revenir le week-end pour un brunch bien m\u00e9rit\u00e9. Bref, si vous \u00eates \u00e9tudiants \u00e0 Lyon 3 (ou pas tr\u00e8s loin), c\u2019est l\u2019adresse \u00e0 garder dans vos favoris.<\/p>\n<p>\ud83d\udccd 12 Rue Professeur Rollet, 69008 Lyon<br \/>\n\u23f0 De 08h \u00e0 19h du lundi au vendredi, de 08h30 \u00e0 19h le vendredi et de 09h30 \u00e0 17h le week-end<br \/>\n\ud83e\udd33 <a href=\"https:\/\/www.instagram.com\/cafecreme_lyon\/?hl=fr\" target=\"_blank\" rel=\"noopener nofollow\">Instagram<\/a><\/p>\n<p>Amours Chauds \u2013 Campus des Quais \u00a0(Lyon 7)<\/p>\n<p><img data-recalc-dims=\"1\" loading=\"lazy\" decoding=\"async\" class=\"alignnone wp-image-135402 size-medium\" title=\"bonnes adresses r\u00e9viser proche fac\" src=\"https:\/\/www.europesays.com\/fr\/wp-content\/uploads\/2025\/09\/2023-11-10.jpg\" alt=\"caf\u00e9 ferme tard \u00e9tudiant\" width=\"800\" height=\"800\"  \/><\/p>\n<p>Petit bijou de la Guill\u2019, Amours Chauds est votre alli\u00e9 pour les travaux de groupe qui s\u2019\u00e9ternisent. Ouvert en mode <strong>coffee shop la journ\u00e9e et bar le soir<\/strong>, c\u2019est le <strong>caf\u00e9 2-en-1<\/strong> qu\u2019on aime. Le deal ? Caf\u00e9 et grignotages la journ\u00e9e, puis ambiance plus festive en soir\u00e9e. Vous pouvez litt\u00e9ralement y <strong>rester de 8h30 \u00e0 21h30 sans voir le temps filer (et sans avoir \u00e0 changer de spot)<\/strong>. Le tout avec une d\u00e9co canon et une playlist qui donne la p\u00eache.<\/p>\n<p>\ud83d\udccd 27 Rue Cavenne, 69007 Lyon<br \/>\n\u23f0 De 08h30 \u00e0 21h30 du lundi au vendredi et de 09h30 \u00e0 18h30 le samedi<br \/>\n\ud83e\udd33 <a href=\"https:\/\/www.instagram.com\/amourschauds_lecafe\/?hl=fr\" target=\"_blank\" rel=\"noopener nofollow\">Instagram<\/a><\/p>\n<p>Caf\u00e9 librairie Vagalume \u2013 Campus Lyon Gerland (Lyon 7)<\/p>\n<p><img data-recalc-dims=\"1\" loading=\"lazy\" decoding=\"async\" class=\"alignnone wp-image-135403 size-full\" title=\"revision campus debourg\" src=\"https:\/\/www.europesays.com\/fr\/wp-content\/uploads\/2025\/09\/2023-09-12.jpg\" alt=\"caf\u00e9 gerland ou travailler apres les cours\" width=\"765\" height=\"1020\"  \/><\/p>\n<p>Caf\u00e9-librairie, <strong>Vagalume<\/strong> est l\u2019endroit parfait pour bosser tout en nourrissant son esprit (dans tous les sens du terme). Ici, les <strong>baristas sont aussi libraires<\/strong> : ils vous servent un cappuccino tout en vous conseillant votre prochaine lecture. Ajoutez \u00e0 \u00e7a quelques douceurs sucr\u00e9es, une ambiance cosy et des rayons pleins de jolies d\u00e9couvertes litt\u00e9raires, et vous obtenez le combo parfait pour couper entre deux cours.<\/p>\n<p>\ud83d\udccd 38 Pl. des Pavillons, 69007 Lyon<br \/>\n\u23f0 De 09h \u00e0 18h30 du mardi au vendredi et de 10h \u00e0 18h30 le samedi<br \/>\n\ud83e\udd33 <a href=\"https:\/\/www.instagram.com\/librairie_vagalume\/\" target=\"_blank\" rel=\"noopener nofollow\">Instagram<\/a><\/p>\n<p>Chill Coffee Shop \u2013 Campus Ren\u00e9 Cassin (Lyon 9)<\/p>\n<p><img data-recalc-dims=\"1\" loading=\"lazy\" decoding=\"async\" class=\"alignnone wp-image-135404 size-medium\" title=\"gorge de loup vais Valmy reviser\" src=\"https:\/\/www.europesays.com\/fr\/wp-content\/uploads\/2025\/09\/2024-03-02.jpg\" alt=\"caf\u00e9 lyon 9 ren\u00e9 cassin\" width=\"800\" height=\"500\"  \/><\/p>\n<p>Install\u00e9 en plein c\u0153ur de Vaise, le <strong>Chill Coffee Shop<\/strong> porte bien son nom : ici, tout est pens\u00e9 pour que vous puissiez <strong>bosser dans une ambiance d\u00e9tendue<\/strong>. Vous y trouverez caf\u00e9s de sp\u00e9cialit\u00e9, th\u00e9s bios, jus artisanaux et de d\u00e9licieuses p\u00e2tisseries maison pour accompagner vos sessions de r\u00e9visions. Le midi, une petite cuisine de march\u00e9 vient compl\u00e9ter l\u2019offre, parfaite si vous n\u2019avez pas envie de rentrer chez vous entre deux cours. En bref, c\u2019est le<strong> spot id\u00e9al pour faire une pause gourmande, travailler quelques heures ou profiter d\u2019une atmosph\u00e8re cosy<\/strong> du mardi au samedi.<\/p>\n<p>\ud83d\udccd 44 Gd Rue de Vaise, 69009 Lyon<br \/>\n\u23f0 De 08h30 \u00e0 15h du mardi au samedi<br \/>\n\ud83e\udd33 <a href=\"https:\/\/www.instagram.com\/chill.coffeeshop\" target=\"_blank\" rel=\"noopener nofollow\">Instagram<\/a><\/p>\n<p>Que vous soyez plut\u00f4t caf\u00e9ine, cookies ou carrot cake, bosseur du matin ou procrastinateur de l\u2019apr\u00e8s-midi, vous avez maintenant 5 adresses test\u00e9es et approuv\u00e9es pour r\u00e9viser autour des campus lyonnais. On ne vous promet pas d\u2019avoir 18\/20 \u00e0 vos prochains partiels, mais au moins, vous aurez boss\u00e9 dans des lieux cools.<\/p>\n<p>\n\tCes articles pourraient vous plaire, non ?\n<\/p>\n<p>\t\t\t\t\t\t\tNe rate plus aucun de nos bons plans sorties \u00e0 Lyon  Abonne-toi \u00e0 notre newsletter et re\u00e7ois, tous les vendredis midi, dans ta boite mail nos bons plans du week-end et nos derniers coups de coeur en mati\u00e8re de bars, caf\u00e9s et restos. <br \/>\ud83d\udc49\ud83c\udffb <b><a href=\"https:\/\/dashboard.mailerlite.com\/forms\/354999\/83421925757421043\/share\" rel=\"nofollow noopener\" target=\"_blank\">Inscris-toi, c&rsquo;est GRATUIT !<\/a><\/b><\/p>\n<p><script async src=\"\/\/www.instagram.com\/embed.js\"><\/script><\/p>\n","protected":false},"excerpt":{"rendered":"Vous avez un expos\u00e9 \u00e0 finir, un m\u00e9moire \u00e0 commencer (courage \ud83d\udcaa) ou juste envie de r\u00e9viser ailleurs&hellip;\n","protected":false},"author":2,"featured_media":376737,"comment_status":"","ping_status":"","sticky":false,"template":"","format":"standard","meta":{"footnotes":""},"categories":[1889],"tags":[1111,11,2430,1777,674,1011,27,2428,12,25],"class_list":{"0":"post-376736","1":"post","2":"type-post","3":"status-publish","4":"format-standard","5":"has-post-thumbnail","7":"category-lyon","8":"tag-actu","9":"tag-actualites","10":"tag-auvergne-rhone-alpes","11":"tag-eu","12":"tag-europe","13":"tag-fr","14":"tag-france","15":"tag-lyon","16":"tag-news","17":"tag-republique-francaise"},"share_on_mastodon":{"url":"https:\/\/pubeurope.com\/@fr\/115172097914601922","error":""},"_links":{"self":[{"href":"https:\/\/www.europesays.com\/fr\/wp-json\/wp\/v2\/posts\/376736","targetHints":{"allow":["GET"]}}],"collection":[{"href":"https:\/\/www.europesays.com\/fr\/wp-json\/wp\/v2\/posts"}],"about":[{"href":"https:\/\/www.europesays.com\/fr\/wp-json\/wp\/v2\/types\/post"}],"author":[{"embeddable":true,"href":"https:\/\/www.europesays.com\/fr\/wp-json\/wp\/v2\/users\/2"}],"replies":[{"embeddable":true,"href":"https:\/\/www.europesays.com\/fr\/wp-json\/wp\/v2\/comments?post=376736"}],"version-history":[{"count":0,"href":"https:\/\/www.europesays.com\/fr\/wp-json\/wp\/v2\/posts\/376736\/revisions"}],"wp:featuredmedia":[{"embeddable":true,"href":"https:\/\/www.europesays.com\/fr\/wp-json\/wp\/v2\/media\/376737"}],"wp:attachment":[{"href":"https:\/\/www.europesays.com\/fr\/wp-json\/wp\/v2\/media?parent=376736"}],"wp:term":[{"taxonomy":"category","embeddable":true,"href":"https:\/\/www.europesays.com\/fr\/wp-json\/wp\/v2\/categories?post=376736"},{"taxonomy":"post_tag","embeddable":true,"href":"https:\/\/www.europesays.com\/fr\/wp-json\/wp\/v2\/tags?post=376736"}],"curies":[{"name":"wp","href":"https:\/\/api.w.org\/{rel}","templated":true}]}}