{"id":376738,"date":"2025-09-09T02:58:21","date_gmt":"2025-09-09T02:58:21","guid":{"rendered":"https:\/\/www.europesays.com\/fr\/376738\/"},"modified":"2025-09-09T02:58:21","modified_gmt":"2025-09-09T02:58:21","slug":"lyon-un-refugie-palestinien-menace-de-se-suicider-pour-tenter-de-faire-rapatrier-sa-famille-en-france","status":"publish","type":"post","link":"https:\/\/www.europesays.com\/fr\/376738\/","title":{"rendered":"Lyon : un r\u00e9fugi\u00e9 palestinien menace de se suicider pour tenter de faire rapatrier sa famille en France"},"content":{"rendered":"<p>                                            Faits divers\n                                                                            <\/p>\n<p>\n                                            Dimanche 7 septembre \u00e0 Lyon, un jeune r\u00e9fugi\u00e9 palestinien a \u00e9t\u00e9 secouru apr\u00e8s avoir menac\u00e9 de se jeter du toit d\u2019un parking, r\u00e9clamant que sa famille, rest\u00e9e \u00e0 Gaza, soit rapatri\u00e9e. Cette situation survient dans un contexte o\u00f9 la France a temporairement suspendu l\u2019accueil des Gazaouis \u00e0 la suite de l\u2019affaire Nour Attaalah.                                        <\/p>\n<p>                                                Publi\u00e9 le 8 septembre 2025 \u00e0 16h30                                                                                            <\/p>\n<p>                                            <img loading=\"lazy\" width=\"1024\" height=\"683\" src=\"https:\/\/www.europesays.com\/fr\/wp-content\/uploads\/2025\/09\/SIPA_01189215_000009-2.jpg\" class=\"attachment-post-thumbnail size-post-thumbnail wp-post-image lazy\" alt=\"\u00c0 Lyon un Palestinien menace de se suicider pour faire rapatrier sa famille \u00a9 SYSPEO\/SIPA\" decoding=\"async\"  data-\/><\/p>\n<p>                                            \u00c0 Lyon un Palestinien menace de se suicider pour faire rapatrier sa famille \u00a9 SYSPEO\/SIPA<\/p>\n<p data-start=\"106\" data-end=\"834\">Ce dimanche 7 septembre, un jeune Palestinien d\u2019une vingtaine d\u2019ann\u00e9es a \u00e9t\u00e9 secouru \u00e0 Lyon apr\u00e8s avoir menac\u00e9 de se donner la mort depuis le toit du parking des Halles, situ\u00e9 face aux Halles Paul-Bocuse et \u00e0 l\u2019avenue Garibaldi, dans le 3e arrondissement, indique <a href=\"https:\/\/www.leprogres.fr\/faits-divers-justice\/2025\/09\/07\/un-refugie-palestinien-menace-de-se-jeter-dans-le-vide-depuis-le-parking-des-halles-de-lyon\" target=\"_blank\" rel=\"noopener nofollow\">Le Progr\u00e8s<\/a>. D\u2019apr\u00e8s la Croix-Rouge, qui a pris le temps de dialoguer avec lui, il s\u2019agissait d\u2019un r\u00e9fugi\u00e9 palestinien d\u00e9sireux de \u00ab faire rapatrier sa famille depuis Gaza \u00bb. Install\u00e9 au cinqui\u00e8me \u00e9tage, il a refus\u00e9 de descendre. Les pompiers sp\u00e9cialis\u00e9s dans les interventions en hauteur, soutenus par la police, ont mis en place un large p\u00e9rim\u00e8tre de s\u00e9curit\u00e9. La circulation a \u00e9t\u00e9 momentan\u00e9ment interrompue et plusieurs lignes de bus ont d\u00fb \u00eatre d\u00e9vi\u00e9es.<\/p>\n<p><a href=\"https:\/\/www.valeursactuelles.com\/clubvaleurs\/societe\/laffaire-nour-atallah-revele-la-vulnerabilite-de-la-france-face-a-larrivee-de-refugies-palestiniens-analyse-nicolas-pouvreau-monti\" class=\"h-flex h-align-items-center h-border-tb h-ptb-15\" rel=\"nofollow noopener\" target=\"_blank\">A\u00a0LIRE\u00a0\u00ab\u00a0L\u2019affaire Nour Atallah r\u00e9v\u00e8le la vuln\u00e9rabilit\u00e9 de la France face \u00e0 l\u2019arriv\u00e9e de r\u00e9fugi\u00e9s palestiniens\u00a0\u00bb, analyse Nicolas Pouvreau-Monti<\/a><\/p>\n<p data-start=\"836\" data-end=\"1315\">L\u2019association souligne que l\u2019homme \u00ab n\u2019appartenait \u00e0 aucune organisation militante et voulait simplement dialoguer \u00bb. Apr\u00e8s pr\u00e8s de quarante minutes de n\u00e9gociation, il s\u2019est finalement rendu calmement et a \u00e9t\u00e9 conduit \u00e0 l\u2019h\u00f4tel de police, avant d\u2019\u00eatre pris en charge m\u00e9dicalement. \u00ab Nous avons promis de faire avancer son dossier, en cours d\u2019instruction. Il s\u2019agit d\u2019une personne qui n\u2019avait rien \u00e0 perdre mais tout \u00e0 gagner \u00bb, a indiqu\u00e9 la Croix-Rouge aupr\u00e8s du Progr\u00e8s.<\/p>\n<p>Le quai d\u2019Orsay a bloqu\u00e9 l\u2019accueil des Palestiniens apr\u00e8s l\u2019affaire Nour Attaalah<\/p>\n<p data-start=\"1406\" data-end=\"1797\">Depuis le 11 juillet, les habitants de Gaza pouvaient solliciter le statut de r\u00e9fugi\u00e9 en France, conform\u00e9ment \u00e0 la convention de Gen\u00e8ve sur la protection internationale. Cependant, le minist\u00e8re des Affaires \u00e9trang\u00e8res a suspendu cet accueil apr\u00e8s la controverse provoqu\u00e9e par les propos antis\u00e9mites d\u2019une \u00e9tudiante palestinienne, le 1er ao\u00fbt dernier, le temps de mener une enqu\u00eate interne.<\/p>\n<p><a href=\"https:\/\/www.valeursactuelles.com\/societe\/une-folie-pure-marine-le-pen-denonce-laccueil-inconditionnel-des-gazaouis-en-france\" class=\"h-flex h-align-items-center h-border-tb h-ptb-15\" rel=\"nofollow noopener\" target=\"_blank\">A\u00a0LIRE\u00a0\u00ab Une folie pure \u00bb : Marine Le Pen d\u00e9nonce l\u2019accueil inconditionnel des Gazaouis en France<\/a><\/p>\n<p data-start=\"1799\" data-end=\"2388\">Pour m\u00e9moire, <a href=\"https:\/\/www.valeursactuelles.com\/societe\/letudiante-gazaouie-nour-atallah-qui-avait-relaye-des-propos-antisemites-a-quitte-la-france-pour-le-qatar\" target=\"_blank\" rel=\"noopener nofollow\">Nour Attaalah<\/a>, qui b\u00e9n\u00e9ficiait d\u2019un visa et d\u2019une bourse du gouvernement dans le cadre d\u2019un programme destin\u00e9 aux \u00e9tudiants gazaouis, devait int\u00e9grer Sciences Po Lille \u00e0 la rentr\u00e9e. La d\u00e9couverte de publications antis\u00e9mites sur ses r\u00e9seaux sociaux datant des deux derni\u00e8res ann\u00e9es, d\u00e9sormais supprim\u00e9es, a entra\u00een\u00e9 sa d\u00e9sinscription et son expulsion vers le Qatar. Selon plusieurs lanceurs d\u2019alerte, <a href=\"https:\/\/www.valeursactuelles.com\/societe\/scandale-nour-atallah-une-enquete-pour-apologie-du-terrorisme-et-de-crime-contre-lhumanite-ouverte-contre-letudiante-de-gaza\" target=\"_blank\" rel=\"noopener nofollow\">elle aurait fait l\u2019apologie d\u2019Adolf Hitler<\/a>, salu\u00e9 les attentats du 7 octobre, relay\u00e9 des appels \u00e0 ex\u00e9cuter des otages isra\u00e9liens et encourag\u00e9 \u00e0 \u00ab tuer les Juifs partout \u00bb.<\/p>\n","protected":false},"excerpt":{"rendered":"Faits divers Dimanche 7 septembre \u00e0 Lyon, un jeune r\u00e9fugi\u00e9 palestinien a \u00e9t\u00e9 secouru apr\u00e8s avoir menac\u00e9 de&hellip;\n","protected":false},"author":2,"featured_media":376739,"comment_status":"","ping_status":"","sticky":false,"template":"","format":"standard","meta":{"footnotes":""},"categories":[1889],"tags":[1111,11,2430,1777,674,1011,27,2428,12,7621,2462,2495,25,22128,2447],"class_list":{"0":"post-376738","1":"post","2":"type-post","3":"status-publish","4":"format-standard","5":"has-post-thumbnail","7":"category-lyon","8":"tag-actu","9":"tag-actualites","10":"tag-auvergne-rhone-alpes","11":"tag-eu","12":"tag-europe","13":"tag-fr","14":"tag-france","15":"tag-lyon","16":"tag-news","17":"tag-palestiniens","18":"tag-quai-dorsay","19":"tag-refugies","20":"tag-republique-francaise","21":"tag-tentative-de-suicide","22":"tag-visas"},"share_on_mastodon":{"url":"https:\/\/pubeurope.com\/@fr\/115172101540417878","error":""},"_links":{"self":[{"href":"https:\/\/www.europesays.com\/fr\/wp-json\/wp\/v2\/posts\/376738","targetHints":{"allow":["GET"]}}],"collection":[{"href":"https:\/\/www.europesays.com\/fr\/wp-json\/wp\/v2\/posts"}],"about":[{"href":"https:\/\/www.europesays.com\/fr\/wp-json\/wp\/v2\/types\/post"}],"author":[{"embeddable":true,"href":"https:\/\/www.europesays.com\/fr\/wp-json\/wp\/v2\/users\/2"}],"replies":[{"embeddable":true,"href":"https:\/\/www.europesays.com\/fr\/wp-json\/wp\/v2\/comments?post=376738"}],"version-history":[{"count":0,"href":"https:\/\/www.europesays.com\/fr\/wp-json\/wp\/v2\/posts\/376738\/revisions"}],"wp:featuredmedia":[{"embeddable":true,"href":"https:\/\/www.europesays.com\/fr\/wp-json\/wp\/v2\/media\/376739"}],"wp:attachment":[{"href":"https:\/\/www.europesays.com\/fr\/wp-json\/wp\/v2\/media?parent=376738"}],"wp:term":[{"taxonomy":"category","embeddable":true,"href":"https:\/\/www.europesays.com\/fr\/wp-json\/wp\/v2\/categories?post=376738"},{"taxonomy":"post_tag","embeddable":true,"href":"https:\/\/www.europesays.com\/fr\/wp-json\/wp\/v2\/tags?post=376738"}],"curies":[{"name":"wp","href":"https:\/\/api.w.org\/{rel}","templated":true}]}}