{"id":376740,"date":"2025-09-09T03:00:25","date_gmt":"2025-09-09T03:00:25","guid":{"rendered":"https:\/\/www.europesays.com\/fr\/376740\/"},"modified":"2025-09-09T03:00:25","modified_gmt":"2025-09-09T03:00:25","slug":"centralesupelec-trois-chercheurs-americains-bientot-accueillis","status":"publish","type":"post","link":"https:\/\/www.europesays.com\/fr\/376740\/","title":{"rendered":"CentraleSup\u00e9lec : trois chercheurs am\u00e9ricains bient\u00f4t accueillis"},"content":{"rendered":"<p><img loading=\"lazy\" decoding=\"async\" alt=\"\u00a9 Shutterstock - Les trois chercheurs interviendront dans le g\u00e9nie \u00e9lectrique, les nanomat\u00e9riaux ou encore le g\u00e9nie nucl\u00e9aire.\u00a0\" data-zoom-src=\"https:\/\/www.europesays.com\/fr\/wp-content\/uploads\/2025\/09\/initial-scientifique-laboratoire-nanotechnologie.jpg\" data-zoomable=\"\" height=\"702\" src=\"https:\/\/www.europesays.com\/fr\/wp-content\/uploads\/2025\/09\/initial-scientifique-laboratoire-nanotechnologie.jpg\" width=\"1248\"\/>  <\/p>\n<p class=\"article-desc\">\u00a9 Shutterstock &#8211; Les trois chercheurs interviendront dans le g\u00e9nie \u00e9lectrique, les nanomat\u00e9riaux ou encore le g\u00e9nie nucl\u00e9aire.\u00a0 <\/p>\n<p>\u00c0 l\u2019issue d\u2019un <strong>appel \u00e0 candidatures <\/strong>qui a abouti \u00e0 la r\u00e9ception de <strong>54 dossiers<\/strong>, trois chercheurs actuellement en poste \u00e0 <strong>Columbia University <\/strong>et \u00e0 <strong>Georgia Tech <\/strong>rejoindront <strong>CentraleSup\u00e9lec<\/strong> d\u2019ici la fin de l\u2019ann\u00e9e. Cette annonce fait suite au lancement, en mars dernier, du dispositif \u201c<strong>Safe place for science<\/strong>\u201d, <a href=\"https:\/\/mesinfos.fr\/91190-gif-sur-yvette\/chercheurs-americains-menaces-centralesupelec-propose-a-son-tour-de-les-accueillir-218721.html\" rel=\"noopener nofollow\" target=\"_blank\">que CentraleSup\u00e9lec a annonc\u00e9 rejoindre<\/a> en mobilisant un fonds de <strong>3\u202fmillions d\u2019euros<\/strong> via sa fondation. <\/p>\n<p>Le dispositif de CentraleSup\u00e9lec\u00a0 <\/p>\n<p>Concr\u00e8tement, le <strong>dispositif de CentraleSup\u00e9lec<\/strong> pr\u00e9voit la <strong>cr\u00e9ation de postes de professeurs<\/strong>, des financements pour initier des activit\u00e9s de recherche \u2014 incluant le recrutement de doctorants et stagiaires, l\u2019acquisition d\u2019\u00e9quipements exp\u00e9rimentaux ou encore des missions scientifiques \u2014 ainsi qu\u2019un appui administratif pour faciliter leur installation en France. Chaque dossier est examin\u00e9 individuellement afin de prendre en compte les besoins li\u00e9s aux travaux de recherche comme \u00e0 la situation personnelle des chercheurs. <\/p>\n<p>Les trois laur\u00e9ats, sp\u00e9cialistes reconnus dans leurs disciplines, interviendront dans des domaines consid\u00e9r\u00e9s comme strat\u00e9giques par l\u2019\u00e9cole tels que le <strong>g\u00e9nie \u00e9lectrique <\/strong>appliqu\u00e9 aux nouvelles mobilit\u00e9s, les <strong>nanomat\u00e9riaux <\/strong>et le <strong>g\u00e9nie nucl\u00e9aire<\/strong>. Ils seront int\u00e9gr\u00e9s \u00e0 l\u2019une des 18 unit\u00e9s de recherche de l\u2019\u00e9tablissement et b\u00e9n\u00e9ficieront des infrastructures du campus de Paris-Saclay. <\/p>\n<p>Des discussions avec deux chercheurs seniors en IA <\/p>\n<p><a href=\"https:\/\/mesinfos.fr\/91190-gif-sur-yvette\/21st-by-centralesupelec-huit-startups-ont-fait-leur-arrivee-a-station-f-226240.html\" rel=\"noopener nofollow\" target=\"_blank\">CentraleSup\u00e9lec<\/a> pr\u00e9cise mener par ailleurs des discussions avec deux chercheurs seniors en intelligence artificielle susceptibles de rejoindre \u00e9galement l\u2019\u00e9tablissement. <\/p>\n<p>Selon <strong>Paul-Henry Courn\u00e8de<\/strong>, directeur de la recherche de CentraleSup\u00e9lec, les nombreuses candidatures t\u00e9moignent de \u201cl\u2019attractivit\u00e9 et de l\u2019excellence de la recherche men\u00e9e en sciences de l\u2019ing\u00e9nierie, des syst\u00e8mes et du num\u00e9rique\u201d, avec pour objectif de contribuer aux grandes transitions environnementale, \u00e9nerg\u00e9tique et num\u00e9rique. <\/p>\n","protected":false},"excerpt":{"rendered":"\u00a9 Shutterstock &#8211; Les trois chercheurs interviendront dans le g\u00e9nie \u00e9lectrique, les nanomat\u00e9riaux ou encore le g\u00e9nie nucl\u00e9aire.\u00a0&hellip;\n","protected":false},"author":2,"featured_media":376741,"comment_status":"","ping_status":"","sticky":false,"template":"","format":"standard","meta":{"footnotes":""},"categories":[1592],"tags":[1111,11,51059,1777,674,1011,27,662,12,626,25],"class_list":{"0":"post-376740","1":"post","2":"type-post","3":"status-publish","4":"format-standard","5":"has-post-thumbnail","7":"category-ile-de-france","8":"tag-actu","9":"tag-actualites","10":"tag-centralesupu00e9lec","11":"tag-eu","12":"tag-europe","13":"tag-fr","14":"tag-france","15":"tag-ile-de-france","16":"tag-news","17":"tag-paris","18":"tag-republique-francaise"},"share_on_mastodon":{"url":"https:\/\/pubeurope.com\/@fr\/115172109447186829","error":""},"_links":{"self":[{"href":"https:\/\/www.europesays.com\/fr\/wp-json\/wp\/v2\/posts\/376740","targetHints":{"allow":["GET"]}}],"collection":[{"href":"https:\/\/www.europesays.com\/fr\/wp-json\/wp\/v2\/posts"}],"about":[{"href":"https:\/\/www.europesays.com\/fr\/wp-json\/wp\/v2\/types\/post"}],"author":[{"embeddable":true,"href":"https:\/\/www.europesays.com\/fr\/wp-json\/wp\/v2\/users\/2"}],"replies":[{"embeddable":true,"href":"https:\/\/www.europesays.com\/fr\/wp-json\/wp\/v2\/comments?post=376740"}],"version-history":[{"count":0,"href":"https:\/\/www.europesays.com\/fr\/wp-json\/wp\/v2\/posts\/376740\/revisions"}],"wp:featuredmedia":[{"embeddable":true,"href":"https:\/\/www.europesays.com\/fr\/wp-json\/wp\/v2\/media\/376741"}],"wp:attachment":[{"href":"https:\/\/www.europesays.com\/fr\/wp-json\/wp\/v2\/media?parent=376740"}],"wp:term":[{"taxonomy":"category","embeddable":true,"href":"https:\/\/www.europesays.com\/fr\/wp-json\/wp\/v2\/categories?post=376740"},{"taxonomy":"post_tag","embeddable":true,"href":"https:\/\/www.europesays.com\/fr\/wp-json\/wp\/v2\/tags?post=376740"}],"curies":[{"name":"wp","href":"https:\/\/api.w.org\/{rel}","templated":true}]}}