{"id":376742,"date":"2025-09-09T03:01:11","date_gmt":"2025-09-09T03:01:11","guid":{"rendered":"https:\/\/www.europesays.com\/fr\/376742\/"},"modified":"2025-09-09T03:01:11","modified_gmt":"2025-09-09T03:01:11","slug":"le-jour-ou-le-gouvernement-de-francois-bayrou-a-ete-renverse","status":"publish","type":"post","link":"https:\/\/www.europesays.com\/fr\/376742\/","title":{"rendered":"le jour o\u00f9 le gouvernement de Fran\u00e7ois Bayrou a \u00e9t\u00e9 renvers\u00e9"},"content":{"rendered":"<p>\n  Le Premier ministre a \u00e9t\u00e9 mis en minorit\u00e9 lundi lors d&rsquo;un vote de confiance qu&rsquo;il avait lui-m\u00eame demand\u00e9. Un r\u00e9sultat qui n&rsquo;a pas surpris les d\u00e9put\u00e9s pr\u00e9sents en nombre \u00e0 l&rsquo;Assembl\u00e9e nationale.\n<\/p>\n<p>Fran\u00e7ois Bayrou ne s&rsquo;est pas \u00e9ternis\u00e9 \u00e0 l&rsquo;Assemble nationale. Il s&rsquo;est tr\u00e8s vite esquiv\u00e9 apr\u00e8s avoir \u00e9t\u00e9 <a href=\"https:\/\/www.franceinfo.fr\/politique\/francois-bayrou\/video-le-gouvernement-de-francois-bayrou-est-contraint-a-la-demission-apres-un-vote-de-confiance-defavorable-a-l-assemblee-nationale_7480861.html\" rel=\"nofollow noopener\" target=\"_blank\">mis en minorit\u00e9 par les d\u00e9put\u00e9s, lundi 8 septembre<\/a>, lors du vote de confiance auquel il a choisi de soumettre son gouvernement, renvers\u00e9 avec lui. Le r\u00e9sultat est sans appel\u00a0: 364 voix contre la confiance \u00e0 son gouvernement, 194 pour. Sans grande surprise. Les d\u00e9put\u00e9s quittent l&rsquo;h\u00e9micycle sans cris ni manifestation de joie particuli\u00e8re.<\/p>\n<p>\u00ab\u00a0C&rsquo;est un constat de fin de r\u00e8gne, mais on n&rsquo;a pas forc\u00e9ment envie de danser sur des cendres\u00a0\u00bb, explique l&rsquo;\u00e9lu du Rassemblement national (RN) Bruno Bilde, en passant devant les journalistes. \u00ab\u00a0Tenir avec un tiers des d\u00e9put\u00e9s, ce n&rsquo;est pas possible. L&rsquo;imposture d\u00e9mocratique depuis un an est r\u00e9v\u00e9l\u00e9e\u00a0\u00bb, jubile l&rsquo;insoumis Eric Coquerel.<\/p>\n<p>Un peu plus t\u00f4t, dans les couloirs de l&rsquo;Assembl\u00e9e nationale, l&rsquo;atmosph\u00e8re n&rsquo;est ni vraiment \u00e9lectrique ni totalement apathique. Un entre-deux domine, le propre des \u00e9v\u00e9nements dont l&rsquo;issue est connue longtemps \u00e0 l&rsquo;avance, m\u00eame s&rsquo;ils sont importants.\u00a0\u00ab\u00a0C&rsquo;est un moment de gravit\u00e9 et de solennit\u00e9. Ce n&rsquo;est pas rien ce qui va se passer\u00a0\u00bb, anticipe Edwige Diaz, d\u00e9put\u00e9e RN de Gironde, lors de son arriv\u00e9e. \u00ab\u00a0Je trouve que tout le monde a la mine des beaux jours. Mais c&rsquo;est un jour tr\u00e8s triste\u00a0\u00bb, commente Olivia Gr\u00e9goire, ex-ministre macroniste et d\u00e9put\u00e9e Ensemble pour la R\u00e9publique (EPR).<\/p>\n<p>Du c\u00f4t\u00e9 de la gauche, le ton diff\u00e8re. \u00ab\u00a0Optimiste et soulag\u00e9\u00a0\u00bb, claironne l&rsquo;insoumis Antoine L\u00e9aument. \u00ab\u00a0On a h\u00e2te de passer \u00e0 autre chose\u00a0\u00bb, exp\u00e9die Emmanuel Gr\u00e9goire, d\u00e9put\u00e9 PS de Paris. \u00ab\u00a0Quel g\u00e2chis\u00a0\u00bb, regrette pour sa part le MoDem Erwan Balanant, avant d&rsquo;entrer dans l&rsquo;h\u00e9micycle pour \u00e9couter le patron de son mouvement.<\/p>\n<p>A 15\u00a0heures, Fran\u00e7ois Bayrou s&rsquo;avance \u00e0 la tribune. Sa voix s&rsquo;enroue au moment de prononcer ses premiers mots. Un l\u00e9ger chahut de la d\u00e9put\u00e9e LFI Sophia Chikirou lui permet de prendre une gorg\u00e9e d&rsquo;eau. \u00ab\u00a0Si vous criez, je bois\u00a0\u00bb, pr\u00e9vient-il, non sans humour. \u00ab\u00a0Les questions politiques sont pour les adultes. Les questions historiques concernent les enfants\u00a0\u00bb, d\u00e9clare en pr\u00e9ambule le maire de Pau. Le premier suspense concerne la longueur de son discours. Abr\u00e9gera-t-il ses souffrances, en exp\u00e9diant cette d\u00e9claration de politique g\u00e9n\u00e9rale ou profitera-t-il de cette derni\u00e8re tribune pour d\u00e9livrer une sorte de testament de son action politique\u00a0? Long, forc\u00e9ment long. \u00ab\u00a0C&rsquo;est sa derni\u00e8re, il va vouloir se faire plaisir\u00a0\u00bb, pronostique une \u00e9lue d&rsquo;opposition.<\/p>\n<p>Jean-Luc M\u00e9lenchon est pr\u00e9sent dans les tribunes de l&rsquo;h\u00e9micycle du Palais-Bourbon, comme \u00e0 chaque grande occasion. Il arrive au c\u00f4t\u00e9 des d\u00e9put\u00e9s de son parti, sous l&rsquo;objectif des nombreuses cam\u00e9ras. \u00ab\u00a0Il va passer devant vous, mais il n&rsquo;a pas le droit de parler. Il n&rsquo;est pas d\u00e9put\u00e9. C&rsquo;est le r\u00e8glement de l&rsquo;Assembl\u00e9e\u00a0\u00bb,<strong> <\/strong>pr\u00e9vient le service de presse des insoumis. La patronne du parti \u00e9cologiste, Marine Tondelier, qui n&rsquo;est pas d\u00e9put\u00e9e non plus, est \u00e9galement pr\u00e9sente en tribunes.<\/p>\n<p>\u00ab\u00a0La conjonction des forces qui annoncent qu&rsquo;elles vont additionner leurs voix pour faire tomber le gouvernement, c&rsquo;est un tohu-bohu qui se pr\u00e9pare pour la France\u00a0\u00bb, met \u00e0 nouveau en garde le Premier ministre \u00e0 la tribune, en dressant une fois encore le constat de finances publiques exsangues.\u00a0Fran\u00e7ois Bayrou renvoie dos-\u00e0-dos les solutions des oppositions pour r\u00e9duire le budget et trouver les 44\u00a0milliards d&rsquo;euros qu&rsquo;il entendait \u00e9conomiser. Dans l&rsquo;h\u00e9micycle, Marine Le\u00a0Pen se montre attentive, Fran\u00e7ois Hollande \u00e9coute \u00e9galement.<\/p>\n<p>Certains journalistes jettent un \u0153il sur ce qui se passe du c\u00f4t\u00e9 du Palais du Luxembourg. Au m\u00eame moment, Elisabeth Borne lit le m\u00eame discours mot pour mot devant les s\u00e9nateurs. La ministre de l&rsquo;Education nationale termine avec cinq minutes d&rsquo;avance sur son Premier ministre. Un peu moins qu&rsquo;il y a quelques mois. Au d\u00e9but de l&rsquo;ann\u00e9e, elle l&rsquo;avait devanc\u00e9 de vingt minutes. La faute \u00e0 un d\u00e9bit plus rapide et une interdiction de s&rsquo;\u00e9loigner du texte, pendant que le maire de Pau pratique l&rsquo;art de la digression, son p\u00e9ch\u00e9 mignon.<\/p>\n<p>Mais le Premier ministre d\u00e9ment les augures. Son discours dure 42\u00a0minutes, pr\u00e8s de la moiti\u00e9 du temps de sa d\u00e9claration de politique g\u00e9n\u00e9rale du mois de janvier. Il n&rsquo;est presque pas chahut\u00e9 par les oppositions, mais il ne les provoque pas violemment non plus.<\/p>\n<p>Pendant que les orateurs de chaque groupe parlementaire poursuivent leurs discours, les d\u00e9put\u00e9s sortent dans la salle des Quatre-Colonnes, o\u00f9 se tient la presse. \u00ab\u00a0Objectivement, il y avait de la hauteur\u00a0\u00bb, commente le d\u00e9put\u00e9 EPR Mathieu Lef\u00e8vre. \u00ab\u00a0Sans surprise, juge le socialiste Laurent Baumel. Il essaye d&rsquo;\u00e9crire sa l\u00e9gende avec des accents gaulliens d&rsquo;homme au-dessus des partis.\u00a0\u00bb \u00ab\u00a0R\u00e9sign\u00e9, cr\u00e9pusculaire\u00a0\u00bb, soupire un membre du bloc central. \u00ab\u00a0C&rsquo;\u00e9tait calme, comme l&rsquo;ambiance cet apr\u00e8s-midi, parce que chacun sait les r\u00e9sultats\u00a0\u00bb, r\u00e9sume le d\u00e9put\u00e9 RN Julien Odoul.<\/p>\n<p>L&rsquo;autre interrogation du jour porte sur le vote des d\u00e9put\u00e9s LR. Combien sont-ils \u00e0 voter contre la confiance \u00e0 Fran\u00e7ois Bayrou et \u00e0 un gouvernement auquel appartiennent des figures de leur parti\u00a0? Laurent Wauquiez avait laiss\u00e9 une libert\u00e9 aux siens. Avec 26 autres d\u00e9put\u00e9s LR, Philippe Gosselin vote pour, \u00ab\u00a0parce que je suis coh\u00e9rent et responsable, deux qualificatifs qui semblent appartenir \u00e0 l&rsquo;ancien monde, mais j&rsquo;assume\u00a0\u00bb. <a href=\"https:\/\/www.franceinfo.fr\/politique\/gouvernement-de-francois-bayrou\/chute-du-gouvernement-de-francois-bayrou-decouvrez-si-votre-depute-a-vote-pour-ou-contre-la-confiance_7480501.html\" rel=\"nofollow noopener\" target=\"_blank\">Neuf s&rsquo;abstiennent, treize votent contre<\/a>. Certains tentent de minorer les divisions. La journ\u00e9e de mardi sera consacr\u00e9e \u00e0 des r\u00e9unions entre les diverses institutions du parti pour \u00e9tablir une strat\u00e9gie et fixer les conditions d&rsquo;une participation au prochain gouvernement.<\/p>\n<p>D\u00e9sormais, le vrai suspense concerne l&rsquo;apr\u00e8s. Que va faire Emmanuel Macron\u00a0?\u00a0Doit-il parler tr\u00e8s vite\u00a0? Doit-il prendre son temps\u00a0?\u00a0\u00ab\u00a0Il doit arr\u00eater de s&rsquo;ent\u00eater. Il doit faire ce qu&rsquo;il aurait d\u00fb faire le 8 juillet 2024 en nommant un Premier ministre de gauche et engager une cohabitation\u00a0\u00bb, mart\u00e8le Benjamin Lucas-Lundy, d\u00e9put\u00e9 \u00e9cologiste. Boris Vallaud porte le message \u00e0 la tribune. \u00ab\u00a0Nous sommes pr\u00eats, qu&rsquo;Emmanuel Macron vienne nous chercher\u00a0\u00bb, lance le pr\u00e9sident et orateur du groupe socialiste. Un discours jug\u00e9 un peu dur par les partisans d&rsquo;une alliance entre le PS et les macronistes. \u00ab\u00a0On est dans les premiers balbutiements, personne ne d\u00e9voile vraiment ses cartes\u00a0\u00bb, estime Sacha Houli\u00e9, ancien d\u00e9put\u00e9 macroniste devenu soutien de Rapha\u00ebl Gucksmann. \u00ab\u00a0Si Emmanuel Macron bouge sur la question fiscale, tout peut s&rsquo;ouvrir\u00a0\u00bb, esp\u00e8re-t-il.<\/p>\n<p>Les insoumis et le RN continuent, eux, de mettre la pression sur Emmanuel Macron. Marine Le\u00a0Pen prend la parole en fin d&rsquo;apr\u00e8s-midi parmi les derni\u00e8res oratrices. Si elle salue\u00a0\u00ab\u00a0la fin d&rsquo;un gouvernement fant\u00f4me\u00a0\u00bb, le pr\u00e9sident de la R\u00e9publique est sa principale cible. \u00ab\u00a0La dissolution n&rsquo;est pas une option, mais une obligation\u00a0\u00bb, mart\u00e8le la pr\u00e9sidente du groupe RN \u00e0 l&rsquo;Assembl\u00e9e. Un peu avant 18\u00a0heures, c&rsquo;est au tour de Mathide Panot de s&rsquo;exprimer. \u00ab\u00a0Partez aujourd&rsquo;hui, Monsieur Bayrou. Monsieur Macron vous suivra de pr\u00e8s\u00a0\u00bb, promet la pr\u00e9sidente du groupe LFI, en citant la journ\u00e9e du 10 septembre comme nouvel horizon politique, apr\u00e8s celle historique du 8 septembre.<\/p>\n<p>D\u00e8s mardi, les d\u00e9put\u00e9s, dont les travaux sont mis entre parenth\u00e8ses tant qu&rsquo;un gouvernement n&rsquo;est pas constitu\u00e9, reprendront le chemin de leur circonscription pour labourer le terrain, en cas d&rsquo;\u00e9ventuelle dissolution. Emmanuel Maurel, d\u00e9put\u00e9 apparent\u00e9 communiste quitte le Palais-Bourbon, portant ostensiblement sous le bras un livre au titre qui accroche les regards\u00a0: L&rsquo;humeur r\u00e9volutionnaire. Tout un programme.<\/p>\n","protected":false},"excerpt":{"rendered":"Le Premier ministre a \u00e9t\u00e9 mis en minorit\u00e9 lundi lors d&rsquo;un vote de confiance qu&rsquo;il avait lui-m\u00eame demand\u00e9.&hellip;\n","protected":false},"author":2,"featured_media":376743,"comment_status":"","ping_status":"","sticky":false,"template":"","format":"standard","meta":{"footnotes":""},"categories":[1888],"tags":[1111,1928,11,1927,1777,674,1011,27,12,1926,626,1925,25],"class_list":{"0":"post-376742","1":"post","2":"type-post","3":"status-publish","4":"format-standard","5":"has-post-thumbnail","7":"category-paris","8":"tag-actu","9":"tag-actu-paris","10":"tag-actualites","11":"tag-actualites-paris","12":"tag-eu","13":"tag-europe","14":"tag-fr","15":"tag-france","16":"tag-news","17":"tag-news-paris","18":"tag-paris","19":"tag-paris-news","20":"tag-republique-francaise"},"share_on_mastodon":{"url":"https:\/\/pubeurope.com\/@fr\/115172113341126719","error":""},"_links":{"self":[{"href":"https:\/\/www.europesays.com\/fr\/wp-json\/wp\/v2\/posts\/376742","targetHints":{"allow":["GET"]}}],"collection":[{"href":"https:\/\/www.europesays.com\/fr\/wp-json\/wp\/v2\/posts"}],"about":[{"href":"https:\/\/www.europesays.com\/fr\/wp-json\/wp\/v2\/types\/post"}],"author":[{"embeddable":true,"href":"https:\/\/www.europesays.com\/fr\/wp-json\/wp\/v2\/users\/2"}],"replies":[{"embeddable":true,"href":"https:\/\/www.europesays.com\/fr\/wp-json\/wp\/v2\/comments?post=376742"}],"version-history":[{"count":0,"href":"https:\/\/www.europesays.com\/fr\/wp-json\/wp\/v2\/posts\/376742\/revisions"}],"wp:featuredmedia":[{"embeddable":true,"href":"https:\/\/www.europesays.com\/fr\/wp-json\/wp\/v2\/media\/376743"}],"wp:attachment":[{"href":"https:\/\/www.europesays.com\/fr\/wp-json\/wp\/v2\/media?parent=376742"}],"wp:term":[{"taxonomy":"category","embeddable":true,"href":"https:\/\/www.europesays.com\/fr\/wp-json\/wp\/v2\/categories?post=376742"},{"taxonomy":"post_tag","embeddable":true,"href":"https:\/\/www.europesays.com\/fr\/wp-json\/wp\/v2\/tags?post=376742"}],"curies":[{"name":"wp","href":"https:\/\/api.w.org\/{rel}","templated":true}]}}