{"id":376744,"date":"2025-09-09T03:02:13","date_gmt":"2025-09-09T03:02:13","guid":{"rendered":"https:\/\/www.europesays.com\/fr\/376744\/"},"modified":"2025-09-09T03:02:13","modified_gmt":"2025-09-09T03:02:13","slug":"ligne-sncf-clermont-paris-de-gros-retards-ce-lundi-apres-midi-apres-un-accident-de-personne","status":"publish","type":"post","link":"https:\/\/www.europesays.com\/fr\/376744\/","title":{"rendered":"Ligne SNCF Clermont &#8211; Paris: de gros retards ce lundi apr\u00e8s-midi apr\u00e8s un accident de personne"},"content":{"rendered":"<p>Le trafic SNCF est interrompu ce lundi apr\u00e8s-midi entre Nevers et Montargis en raison d&rsquo;un accident, \u00e0 hauteur de Gien. Cela entra\u00eene de gros retards pour les Intercit\u00e9s entre Clermont et Paris, jusqu&rsquo;\u00e0 3 heures selon la SNCF.<\/p>\n<p>L&rsquo;accident a eu lieu \u00e0 un passage \u00e0 niveau, dans la travers\u00e9e de Gien. Il est trop t\u00f4t pour dire s&rsquo;il s&rsquo;agit d&rsquo;un suicide ou bien s&rsquo;il s&rsquo;agit d&rsquo;un accident, c&rsquo;est l&rsquo;enqu\u00eate qui devra le d\u00e9terminer, mais le r\u00e9sultat est le m\u00eame pour les voyageurs. La trafic est totalement interrompu entre Nevers et Montargis, le temps de d\u00e9gager le corps et de faire les constats obligatoires dans ce cas. Pendant ce temps, la SNCF doit \u00e9galement faire venir un nouveau conducteur afin de remplacer celui qui a eu l&rsquo;accident.<\/p>\n<p>La SNCF annonce trois heures de retard pour le Clermont &#8211; Paris parti \u00e0 13H28, qui devrait arriver autour de 20 heures. Le train qui devait quitter Paris \u00e0 16h00 a lui \u00e9t\u00e9 carr\u00e9ment supprim\u00e9 et les voyageurs report\u00e9s sur le train de 16H57. Sauf que ce dernier a \u00e9t\u00e9 retenu en gare de Bercy, au moins une demi-heure, le temps de savoir comment \u00e9voluait la situation. Autre suppression, le train 5978, qui devait partir de Clermont \u00e0 16H31. Le trafic pourrait reprendre autour de 17H45.<\/p>\n","protected":false},"excerpt":{"rendered":"Le trafic SNCF est interrompu ce lundi apr\u00e8s-midi entre Nevers et Montargis en raison d&rsquo;un accident, \u00e0 hauteur&hellip;\n","protected":false},"author":2,"featured_media":376745,"comment_status":"","ping_status":"","sticky":false,"template":"","format":"standard","meta":{"footnotes":""},"categories":[1888],"tags":[1111,1928,11,1927,1777,674,1011,27,12,1926,626,1925,25],"class_list":{"0":"post-376744","1":"post","2":"type-post","3":"status-publish","4":"format-standard","5":"has-post-thumbnail","7":"category-paris","8":"tag-actu","9":"tag-actu-paris","10":"tag-actualites","11":"tag-actualites-paris","12":"tag-eu","13":"tag-europe","14":"tag-fr","15":"tag-france","16":"tag-news","17":"tag-news-paris","18":"tag-paris","19":"tag-paris-news","20":"tag-republique-francaise"},"share_on_mastodon":{"url":"https:\/\/pubeurope.com\/@fr\/115172117276450305","error":""},"_links":{"self":[{"href":"https:\/\/www.europesays.com\/fr\/wp-json\/wp\/v2\/posts\/376744","targetHints":{"allow":["GET"]}}],"collection":[{"href":"https:\/\/www.europesays.com\/fr\/wp-json\/wp\/v2\/posts"}],"about":[{"href":"https:\/\/www.europesays.com\/fr\/wp-json\/wp\/v2\/types\/post"}],"author":[{"embeddable":true,"href":"https:\/\/www.europesays.com\/fr\/wp-json\/wp\/v2\/users\/2"}],"replies":[{"embeddable":true,"href":"https:\/\/www.europesays.com\/fr\/wp-json\/wp\/v2\/comments?post=376744"}],"version-history":[{"count":0,"href":"https:\/\/www.europesays.com\/fr\/wp-json\/wp\/v2\/posts\/376744\/revisions"}],"wp:featuredmedia":[{"embeddable":true,"href":"https:\/\/www.europesays.com\/fr\/wp-json\/wp\/v2\/media\/376745"}],"wp:attachment":[{"href":"https:\/\/www.europesays.com\/fr\/wp-json\/wp\/v2\/media?parent=376744"}],"wp:term":[{"taxonomy":"category","embeddable":true,"href":"https:\/\/www.europesays.com\/fr\/wp-json\/wp\/v2\/categories?post=376744"},{"taxonomy":"post_tag","embeddable":true,"href":"https:\/\/www.europesays.com\/fr\/wp-json\/wp\/v2\/tags?post=376744"}],"curies":[{"name":"wp","href":"https:\/\/api.w.org\/{rel}","templated":true}]}}