{"id":376746,"date":"2025-09-09T03:03:30","date_gmt":"2025-09-09T03:03:30","guid":{"rendered":"https:\/\/www.europesays.com\/fr\/376746\/"},"modified":"2025-09-09T03:03:30","modified_gmt":"2025-09-09T03:03:30","slug":"date-prix-prevente-tout-savoir-sur-sa-tournee-surprise","status":"publish","type":"post","link":"https:\/\/www.europesays.com\/fr\/376746\/","title":{"rendered":"date, prix, pr\u00e9vente&#8230; tout savoir sur sa tourn\u00e9e surprise !"},"content":{"rendered":"<p>\t\t\t\t\t\t\t\t\t\t\t\t\t\t\t\t\t\t\t\t\t\t<img decoding=\"async\" fetchpriority=\"high\" src=\"https:\/\/www.europesays.com\/fr\/wp-content\/uploads\/2025\/09\/Montage-photo-article-PARIS-SECRET-OFFICIEL-1620-x-1080-px-2025-09-08T172108.199-1024x683.jpg\" class=\"img-fluid\" alt=\"ed sheeran concert Paris\" width=\"1024\" height=\"683\"\/><br \/>\n\t\t\t\t\t\t\t\t\t\t\t\t\t\t\t\t\t\t\t\t\t\t@Adrienne Raquel for TIME @edsheeran ed sheeran concert Paris<\/p>\n<p>D\u00e9cid\u00e9ment, septembre nous r\u00e9gale de bonnes nouvelles ! Apr\u00e8s l\u2019annonce du concert de <a href=\"https:\/\/parissecret.com\/the-weeknd-concert-paris\/\" rel=\"noopener noreferrer nofollow\" target=\"_self\" class=\"shortcode-outbound-link\" data-has-ga=\"true\" data-ga-type=\"click\" data-label=\"https:\/\/parissecret.com\/the-weeknd-concert-paris\/\" data-action=\"text_cta_0\" data-category=\"click_internal\">The Weeknd<\/a>, c\u2019est au tour de Ed Sheeran de surprendre tout le monde. Le chanteur britannique fera escale dans quelques villes d\u2019Europe pour sa tourn\u00e9e mondiale. Et bien s\u00fbr, Paris y figure ! \u00ab Perfect \u00bb, \u00ab Shape of you \u00bb, \u00ab Celestial \u00bb\u2026 Avouez que vous aussi, vous avez d\u00e9j\u00e0 fredonn\u00e9 une de ses m\u00e9lodies. Rendez-vous au<strong> Z\u00e9nith de Paris \u2013 La Villette le 1 er d\u00e9cembre 2025<\/strong> pour applaudir l\u2019artiste !<\/p>\n<p> Comment obtenir des places pour le concert de Ed Sheeran \u00e0 Paris ?  <\/p>\n<p>Vous r\u00eavez de voir le chanteur Anglais ? Sachez que <strong>la billetterie ouvrira d\u00e8s demain, 11 h<\/strong> pour celles et ceux qui ont pr\u00e9command\u00e9 son nouvel opus \u00ab Play \u00bb sur la boutique officielle d\u2019Ed. Pour les autres, la mise en vente g\u00e9n\u00e9rale est pr\u00e9vue pour ce<strong> jeudi 11 septembre \u00e0 11 h<\/strong>. Pour pouvoir acc\u00e9der \u00e0 cette vente et vous assurer une place, on vous conseillons de :<\/p>\n<p>1. <strong>Cr\u00e9er un compte sur Ticketmaster \/ la billetterie du Z\u00e9nith de Paris \u2013 La Villette ou toutes les autres plateformes de vente en ligne.<\/strong> Vous avez d\u00e9j\u00e0 un compte ? <strong>V\u00e9rifiez que toutes vos donn\u00e9es sont \u00e0 jour<\/strong> (notamment votre carte bleue) pour \u00e9viter de perdre inutilement du temps.<\/p>\n<p>2. <strong>Ne rafra\u00eechissez pas la page lorsque vous \u00eates dans la file d\u2019attente en ligne<\/strong>. Vous risquerez d\u2019\u00eatre replac\u00e9 \u00e0 la fin de la file d\u2019attente\u2026 Patience !<\/p>\n<p>3. <strong>Connectez-vous au moins 30 minutes avant<\/strong> le lancement officiel de la vente.<\/p>\n<p>Notez que vous ne pourrez acheter que quatre places par session d\u2019achat.<\/p>\n<p> Combien co\u00fbteront les places pour assister \u00e0 son concert ? <img fetchpriority=\"high\" decoding=\"async\" class=\"size-large wp-image-199929\" src=\"data:image\/svg+xml,%3Csvg%20xmlns=\" http:=\"\" alt=\"concert ed sheeran Paris\" width=\"1024\" height=\"683\" data-lazy- data-lazy- data-lazy-src=\"https:\/\/www.europesays.com\/fr\/wp-content\/uploads\/2025\/09\/Montage-photo-article-PARIS-SECRET-OFFICIEL-1620-x-1080-px-2025-09-08T171340.137-1024x683.jpg\"\/>concert ed sheeran Paris <\/p>\n<p>Pour acc\u00e9der \u00e0 son concert, il faudra forc\u00e9ment casser un peu votre tirelire. En effet, l<strong>es places sont fix\u00e9es entre 93,50 euros et 137,50 euros<\/strong> selon votre cat\u00e9gorie\u2026 On croise les doigts pour que vous puissiez obtenir votre place !<\/p>\n<p>Lieu : 211 Avenue Jean Jaur\u00e8s 75019 Paris<br \/>Date : 1er d\u00e9cembre 2025<\/p>\n","protected":false},"excerpt":{"rendered":"@Adrienne Raquel for TIME @edsheeran ed sheeran concert Paris D\u00e9cid\u00e9ment, septembre nous r\u00e9gale de bonnes nouvelles ! Apr\u00e8s&hellip;\n","protected":false},"author":2,"featured_media":376747,"comment_status":"","ping_status":"","sticky":false,"template":"","format":"standard","meta":{"footnotes":""},"categories":[1888],"tags":[11,1777,674,1011,27,12,626,25],"class_list":{"0":"post-376746","1":"post","2":"type-post","3":"status-publish","4":"format-standard","5":"has-post-thumbnail","7":"category-paris","8":"tag-actualites","9":"tag-eu","10":"tag-europe","11":"tag-fr","12":"tag-france","13":"tag-news","14":"tag-paris","15":"tag-republique-francaise"},"share_on_mastodon":{"url":"https:\/\/pubeurope.com\/@fr\/115172121235334899","error":""},"_links":{"self":[{"href":"https:\/\/www.europesays.com\/fr\/wp-json\/wp\/v2\/posts\/376746","targetHints":{"allow":["GET"]}}],"collection":[{"href":"https:\/\/www.europesays.com\/fr\/wp-json\/wp\/v2\/posts"}],"about":[{"href":"https:\/\/www.europesays.com\/fr\/wp-json\/wp\/v2\/types\/post"}],"author":[{"embeddable":true,"href":"https:\/\/www.europesays.com\/fr\/wp-json\/wp\/v2\/users\/2"}],"replies":[{"embeddable":true,"href":"https:\/\/www.europesays.com\/fr\/wp-json\/wp\/v2\/comments?post=376746"}],"version-history":[{"count":0,"href":"https:\/\/www.europesays.com\/fr\/wp-json\/wp\/v2\/posts\/376746\/revisions"}],"wp:featuredmedia":[{"embeddable":true,"href":"https:\/\/www.europesays.com\/fr\/wp-json\/wp\/v2\/media\/376747"}],"wp:attachment":[{"href":"https:\/\/www.europesays.com\/fr\/wp-json\/wp\/v2\/media?parent=376746"}],"wp:term":[{"taxonomy":"category","embeddable":true,"href":"https:\/\/www.europesays.com\/fr\/wp-json\/wp\/v2\/categories?post=376746"},{"taxonomy":"post_tag","embeddable":true,"href":"https:\/\/www.europesays.com\/fr\/wp-json\/wp\/v2\/tags?post=376746"}],"curies":[{"name":"wp","href":"https:\/\/api.w.org\/{rel}","templated":true}]}}