{"id":376748,"date":"2025-09-09T03:04:11","date_gmt":"2025-09-09T03:04:11","guid":{"rendered":"https:\/\/www.europesays.com\/fr\/376748\/"},"modified":"2025-09-09T03:04:11","modified_gmt":"2025-09-09T03:04:11","slug":"alice-guy-la-premiere-realisatrice-de-films-au-monde","status":"publish","type":"post","link":"https:\/\/www.europesays.com\/fr\/376748\/","title":{"rendered":"Alice Guy, la premi\u00e8re r\u00e9alisatrice de films au monde"},"content":{"rendered":"<p>\n  Journ\u00e9es du matrimoine 2025\u00a0: en relation avec la Mairie du 14\u00e8me, Paris 14 Territoire de Cin\u00e9ma projettera le film documentaire \u00ab\u00a0Be natural, la vie cach\u00e9e d&rsquo;Alice Guy\u00a0\u00bb qui retrace la vie d&rsquo;Alice Guy-Blach\u00e9. Longtemps oubli\u00e9e par l&rsquo;histoire du cin\u00e9ma, elle est la premi\u00e8re femme cin\u00e9aste de l&rsquo;histoire, contemporaine des fr\u00e8res Lumi\u00e8re et de Georges M\u00e9li\u00e8s. Elle est surtout connue pour son premier court-m\u00e9trage \u00ab\u00a0La f\u00e9e aux choux\u00a0\u00bb (1900), qui fut suivi de plusieurs autres.<\/p>\n","protected":false},"excerpt":{"rendered":"Journ\u00e9es du matrimoine 2025\u00a0: en relation avec la Mairie du 14\u00e8me, Paris 14 Territoire de Cin\u00e9ma projettera le&hellip;\n","protected":false},"author":2,"featured_media":376749,"comment_status":"","ping_status":"","sticky":false,"template":"","format":"standard","meta":{"footnotes":""},"categories":[1888],"tags":[11,1777,674,1011,27,12,626,25],"class_list":{"0":"post-376748","1":"post","2":"type-post","3":"status-publish","4":"format-standard","5":"has-post-thumbnail","7":"category-paris","8":"tag-actualites","9":"tag-eu","10":"tag-europe","11":"tag-fr","12":"tag-france","13":"tag-news","14":"tag-paris","15":"tag-republique-francaise"},"share_on_mastodon":{"url":"https:\/\/pubeurope.com\/@fr\/115172125144267916","error":""},"_links":{"self":[{"href":"https:\/\/www.europesays.com\/fr\/wp-json\/wp\/v2\/posts\/376748","targetHints":{"allow":["GET"]}}],"collection":[{"href":"https:\/\/www.europesays.com\/fr\/wp-json\/wp\/v2\/posts"}],"about":[{"href":"https:\/\/www.europesays.com\/fr\/wp-json\/wp\/v2\/types\/post"}],"author":[{"embeddable":true,"href":"https:\/\/www.europesays.com\/fr\/wp-json\/wp\/v2\/users\/2"}],"replies":[{"embeddable":true,"href":"https:\/\/www.europesays.com\/fr\/wp-json\/wp\/v2\/comments?post=376748"}],"version-history":[{"count":0,"href":"https:\/\/www.europesays.com\/fr\/wp-json\/wp\/v2\/posts\/376748\/revisions"}],"wp:featuredmedia":[{"embeddable":true,"href":"https:\/\/www.europesays.com\/fr\/wp-json\/wp\/v2\/media\/376749"}],"wp:attachment":[{"href":"https:\/\/www.europesays.com\/fr\/wp-json\/wp\/v2\/media?parent=376748"}],"wp:term":[{"taxonomy":"category","embeddable":true,"href":"https:\/\/www.europesays.com\/fr\/wp-json\/wp\/v2\/categories?post=376748"},{"taxonomy":"post_tag","embeddable":true,"href":"https:\/\/www.europesays.com\/fr\/wp-json\/wp\/v2\/tags?post=376748"}],"curies":[{"name":"wp","href":"https:\/\/api.w.org\/{rel}","templated":true}]}}