{"id":376759,"date":"2025-09-09T03:10:17","date_gmt":"2025-09-09T03:10:17","guid":{"rendered":"https:\/\/www.europesays.com\/fr\/376759\/"},"modified":"2025-09-09T03:10:17","modified_gmt":"2025-09-09T03:10:17","slug":"chaleurs-extremes-et-mega-feux-leurope-a-vecu-son-4%e1%b5%89-ete-le-plus-chaud-jamais-enregistre","status":"publish","type":"post","link":"https:\/\/www.europesays.com\/fr\/376759\/","title":{"rendered":"Chaleurs extr\u00eames et m\u00e9ga-feux : l&rsquo;Europe a v\u00e9cu son 4\u1d49 \u00e9t\u00e9 le plus chaud jamais enregistr\u00e9"},"content":{"rendered":"<ul class=\"jsx-862013697 ArticleChapo__List\">\n<li class=\"jsx-862013697 ArticleChapo__List_Item flex\">En moyenne, la temp\u00e9rature sur l&rsquo;\u00e9t\u00e9 bor\u00e9al (juin-ao\u00fbt) a \u00e9t\u00e9 0,47\u00b0C plus \u00e9lev\u00e9e que la moyenne 1991-2020.<\/li>\n<li class=\"jsx-862013697 ArticleChapo__List_Item flex\">Le sud-ouest de l&rsquo;Europe, et notamment l&rsquo;Espagne et la France, a \u00e9t\u00e9 particuli\u00e8rement touch\u00e9 par les chaleurs extr\u00eames.<\/li>\n<li class=\"jsx-862013697 ArticleChapo__List_Item flex\">La temp\u00e9rature des oc\u00e9ans continue, elle aussi, d&rsquo;inqui\u00e9ter.<\/li>\n<\/ul>\n<p><a href=\"https:\/\/www.tf1info.fr\/actualite\/meteo-france-canicule-changement-climatique-la-france-face-a-sa-premiere-canicule-d-ampleur-de-2025-14308\/\" rel=\"noopener\" class=\"jsx-484472199 Link jsx-1428418400 jsx-27126556\" target=\"_blank\"><\/p>\n<p style=\"font-weight:400\" class=\"jsx-1837267516\">Suivez la couverture compl\u00e8te<\/p>\n<p style=\"font-weight:800\" class=\"jsx-1837267516\">La France touch\u00e9e par une nouvelle canicule exceptionnelle en 2025<\/p>\n<p><\/a><\/p>\n<p data-module=\"article-paragraph\" class=\"jsx-3046738180 Paragraph\">Nouveau signal d&rsquo;alarme \u00e0 travers la plan\u00e8te pour le climat. Dans son bulletin publi\u00e9 ce mardi 9 septembre, <a href=\"https:\/\/www.ecmwf.int\/\" target=\"_blank\" rel=\"nofollow noopener\">l&rsquo;observatoire europ\u00e9en Copernicus (nouvelle fen\u00eatre)<\/a> pointe que le monde a v\u00e9cu son troisi\u00e8me \u00e9t\u00e9 bor\u00e9al (juin-ao\u00fbt) le plus chaud jamais enregistr\u00e9, avec des temp\u00e9ratures moyennes 0,47\u00b0C plus \u00e9lev\u00e9es par rapport \u00e0 la p\u00e9riode 1991-2020. <a href=\"https:\/\/www.tf1info.fr\/environnement-ecologie\/meteo-climat-canicule-l-ete-2024-est-le-plus-chaud-jamais-mesure-sur-terre-selon-l-observatoire-copernicus-2318192.html\" target=\"_blank\" rel=\"noopener\">Il pointe derri\u00e8re les \u00e9t\u00e9s record de 2023 et 2024 (nouvelle fen\u00eatre)<\/a>. Au niveau europ\u00e9en, il s&rsquo;agit du quatri\u00e8me \u00e9t\u00e9 bor\u00e9al le plus chaud jamais enregistr\u00e9, avec une temp\u00e9rature moyenne sup\u00e9rieure de 0,90\u00b0C par rapport \u00e0 la p\u00e9riode 1991-2020.<\/p>\n<p data-module=\"article-paragraph\" class=\"jsx-3046738180 Paragraph Paragraph__End\">Le mois d&rsquo;ao\u00fbt a \u00e9t\u00e9 particuli\u00e8rement br\u00fblant \u00e0 travers le monde. Avec une temp\u00e9rature moyenne de 16,6\u00b0C, ao\u00fbt 2025 a \u00e9t\u00e9 1,29\u00b0C plus chaud par rapport \u00e0 la p\u00e9riode pr\u00e9-industrielle (1850-1900) et 0,49\u00b0C plus chaud que la p\u00e9riode 1991-2020. Il est seulement d\u00e9pass\u00e9 par ceux, l\u00e0 aussi record, de 2023 et 2024, qui ont \u00e9t\u00e9 0,22\u00b0C plus chauds.<\/p>\n<p><img decoding=\"async\" src=\"https:\/\/www.europesays.com\/fr\/wp-content\/uploads\/2025\/09\/graphique-anomalies-de-temperatures-ete-2025-europe-745b46-0@1x.jpeg\" alt=\"Graphique des anomalies de temp\u00e9rature pour l'ann\u00e9e 2025 - Copernicus\" loading=\"lazy\" importance=\"low\" fetchpriority=\"low\" class=\"\" data-module=\"article-image\"\/>Graphique des anomalies de temp\u00e9rature pour l&rsquo;ann\u00e9e 2025 &#8211; Copernicus<\/p>\n<p data-module=\"article-paragraph\" class=\"jsx-3046738180 Paragraph Paragraph__End\">\u00ab\u00a0Ao\u00fbt 2025 a \u00e9t\u00e9 le troisi\u00e8me mois le plus chaud jamais enregistr\u00e9 \u00e0 l&rsquo;\u00e9chelle mondiale. Dans le sud-ouest de l&rsquo;Europe, ce mois a \u00e9t\u00e9 marqu\u00e9 par la troisi\u00e8me grande vague de chaleur de l&rsquo;\u00e9t\u00e9, <a href=\"https:\/\/www.tf1info.fr\/societe\/conditions-indemnisation-incendies-de-l-aude-le-fonds-d-urgence-pour-les-agriculteurs-sinistres-revu-a-la-baisse-le-guichet-ouvre-ce-lundi-2393036.html\" target=\"_blank\" rel=\"noopener\">accompagn\u00e9e d&rsquo;incendies de for\u00eat exceptionnels<\/a>\u00ab\u00a0, alerte Samantha Burgess, du Centre europ\u00e9en pour les pr\u00e9visions m\u00e9t\u00e9orologiques \u00e0 moyen terme (ECMWF). La responsable pointe ainsi \u00ab\u00a0l&rsquo;urgence de r\u00e9duire nos \u00e9missions (de gaz \u00e0 effet de serre, ndlr)\u00a0\u00bb mais aussi \u00ab\u00a0la n\u00e9cessit\u00e9 cruciale de s&rsquo;adapter \u00e0 des ph\u00e9nom\u00e8nes climatiques extr\u00eames plus fr\u00e9quents et plus intenses\u00a0\u00bb.\u00a0<\/p>\n<p>Inqui\u00e9tude pour l&rsquo;oc\u00e9an<\/p>\n<p data-module=\"article-paragraph\" class=\"jsx-3046738180 Paragraph\">Concernant l&rsquo;Europe, la temp\u00e9rature moyenne a \u00e9t\u00e9 de 19,46\u00b0C, laissant le mois d&rsquo;ao\u00fbt en dehors du top 10 des plus chauds jamais enregistr\u00e9s. Mais la situation a \u00e9t\u00e9 contrast\u00e9e pour le Vieux continent. L&rsquo;ouest a connu des temp\u00e9ratures bien au-dessus des normales de saison, notamment la p\u00e9ninsule ib\u00e9rique et le sud de la France. <a href=\"https:\/\/www.tf1info.fr\/meteo\/un-basculement-l-ete-2025-troisieme-ete-le-plus-chaud-en-france-2392219.html\" target=\"_blank\" rel=\"noopener\">L&rsquo;Hexagone ayant, lui, connu son troisi\u00e8me \u00e9t\u00e9 le plus chaud jamais enregistr\u00e9 (nouvelle fen\u00eatre)<\/a>.\u00a0<\/p>\n<p data-module=\"article-paragraph\" class=\"jsx-3046738180 Paragraph Paragraph__End\">En revanche, la majeure partie du nord de l&rsquo;Europe, comme les \u00c9tats baltes, la Bi\u00e9lorussie, la Pologne ou la Fennoscandie (regroupant la Finlande, la p\u00e9ninsule scandinave, la Car\u00e9lie et la p\u00e9ninsule de Kola) a connu des temp\u00e9ratures inf\u00e9rieures aux normales de saison.<\/p>\n<p><img decoding=\"async\" src=\"https:\/\/www.europesays.com\/fr\/wp-content\/uploads\/2025\/09\/anomalies-de-temperatures-ete-2025-europe-2b020a-0@1x.png\" alt=\"Les anomalies de temp\u00e9rature en Europe pour le mois d'ao\u00fbt - Copernicus\" loading=\"lazy\" importance=\"low\" fetchpriority=\"low\" class=\"\" data-module=\"article-image\"\/>Les anomalies de temp\u00e9rature en Europe pour le mois d&rsquo;ao\u00fbt &#8211; Copernicus<\/p>\n<p data-module=\"article-paragraph\" class=\"jsx-3046738180 Paragraph Paragraph__End\">Sur le reste de la plan\u00e8te, les temp\u00e9ratures ont \u00e9t\u00e9 au-dessus des normales en Sib\u00e9rie, sur certaines r\u00e9gions de l&rsquo;Antarctique, en Chine, dans la p\u00e9ninsule cor\u00e9enne, le Japon ou encore de Moyen-Orient. En revanche, le mercure a \u00e9t\u00e9 plus doux sur la majeure partie de l&rsquo;Australie, alors que les conditions ont \u00e9t\u00e9 changeantes en Am\u00e9rique du Nord, Am\u00e9rique du Sud et Afrique du Sud.<\/p>\n<p><a href=\"https:\/\/www.tf1info.fr\/environnement-ecologie\/changement-climatique-2030-2050-210-quel-climat-dans-votre-region-dans-les-annees-a-venir-2338762.html\" rel=\"noopener\" class=\"jsx-3308031228 Link flex\" target=\"_blank\"><img decoding=\"async\" src=\"https:\/\/www.europesays.com\/fr\/wp-content\/uploads\/2025\/09\/planete-terre-temperature-chaleur-rechauffement-climatique-illus-5ca589-0@1x.jpeg\" alt=\"iStock\/piyaset\" loading=\"lazy\" importance=\"low\" fetchpriority=\"low\" class=\"\" aria-hidden=\"true\"\/><\/p>\n<p class=\"jsx-3657663356 ReadMoreArticle__Title\">Lire aussi<\/p>\n<p class=\"jsx-3657663356\">2030, 2050, 2100 : quel climat dans votre r\u00e9gion dans les ann\u00e9es \u00e0 venir ?<\/p>\n<p><\/a><\/p>\n<p data-module=\"article-paragraph\" class=\"jsx-3046738180 Paragraph Paragraph__End\">Au-del\u00e0 des temp\u00e9ratures de l&rsquo;air, la situation dans l&rsquo;oc\u00e9an reste pr\u00e9occupante \u00e0 travers la plan\u00e8te. Avec 20,82\u00b0C en moyenne, le mois d&rsquo;ao\u00fbt est le troisi\u00e8me plus chaud pour ces vastes espaces, \u00e0 seulement 0,16\u00b0C du record d&rsquo;ao\u00fbt 2023.\u00a0<\/p>\n<p>Annick BERGER<\/p>\n","protected":false},"excerpt":{"rendered":"En moyenne, la temp\u00e9rature sur l&rsquo;\u00e9t\u00e9 bor\u00e9al (juin-ao\u00fbt) a \u00e9t\u00e9 0,47\u00b0C plus \u00e9lev\u00e9e que la moyenne 1991-2020. Le&hellip;\n","protected":false},"author":2,"featured_media":376760,"comment_status":"","ping_status":"","sticky":false,"template":"","format":"standard","meta":{"footnotes":""},"categories":[1586],"tags":[1111,11,1921,6698,4734,1777,674,1011,27,1922,45357,12,25,133,5737],"class_list":{"0":"post-376759","1":"post","2":"type-post","3":"status-publish","4":"format-standard","5":"has-post-thumbnail","7":"category-europe","8":"tag-actu","9":"tag-actualites","10":"tag-article-video","11":"tag-canicule","12":"tag-changement-climatique","13":"tag-eu","14":"tag-europe","15":"tag-fr","16":"tag-france","17":"tag-info","18":"tag-la-france-touchee-par-une-nouvelle-canicule-exceptionnelle-en-2025","19":"tag-news","20":"tag-republique-francaise","21":"tag-video","22":"tag-video-environnement"},"share_on_mastodon":{"url":"https:\/\/pubeurope.com\/@fr\/115172148858233101","error":""},"_links":{"self":[{"href":"https:\/\/www.europesays.com\/fr\/wp-json\/wp\/v2\/posts\/376759","targetHints":{"allow":["GET"]}}],"collection":[{"href":"https:\/\/www.europesays.com\/fr\/wp-json\/wp\/v2\/posts"}],"about":[{"href":"https:\/\/www.europesays.com\/fr\/wp-json\/wp\/v2\/types\/post"}],"author":[{"embeddable":true,"href":"https:\/\/www.europesays.com\/fr\/wp-json\/wp\/v2\/users\/2"}],"replies":[{"embeddable":true,"href":"https:\/\/www.europesays.com\/fr\/wp-json\/wp\/v2\/comments?post=376759"}],"version-history":[{"count":0,"href":"https:\/\/www.europesays.com\/fr\/wp-json\/wp\/v2\/posts\/376759\/revisions"}],"wp:featuredmedia":[{"embeddable":true,"href":"https:\/\/www.europesays.com\/fr\/wp-json\/wp\/v2\/media\/376760"}],"wp:attachment":[{"href":"https:\/\/www.europesays.com\/fr\/wp-json\/wp\/v2\/media?parent=376759"}],"wp:term":[{"taxonomy":"category","embeddable":true,"href":"https:\/\/www.europesays.com\/fr\/wp-json\/wp\/v2\/categories?post=376759"},{"taxonomy":"post_tag","embeddable":true,"href":"https:\/\/www.europesays.com\/fr\/wp-json\/wp\/v2\/tags?post=376759"}],"curies":[{"name":"wp","href":"https:\/\/api.w.org\/{rel}","templated":true}]}}