{"id":376763,"date":"2025-09-09T03:12:12","date_gmt":"2025-09-09T03:12:12","guid":{"rendered":"https:\/\/www.europesays.com\/fr\/376763\/"},"modified":"2025-09-09T03:12:12","modified_gmt":"2025-09-09T03:12:12","slug":"29-millions-de-telespectateurs-devant-france-afrique-du-sud-lequipe","status":"publish","type":"post","link":"https:\/\/www.europesays.com\/fr\/376763\/","title":{"rendered":"2,9 millions de t\u00e9l\u00e9spectateurs devant France-Afrique du Sud &#8211; L&#039;\u00c9quipe"},"content":{"rendered":"<ol>\n<li><a href=\"https:\/\/news.google.com\/rss\/articles\/CBMirgFBVV95cUxPTFZkMjM3WFp0YnVWd3puNWlLYlRaTmtIS3p2V080cUlSZUpLWUxzTmFtVlc5QlZqYjRxSDdKM0FWM1daOENYdy03SnZkSkROeU9XQVZGaGl3dlhpZ0VCZllkVDMxSFV3U1hyRlNET1Fxc21rc09WWWx6ME5mTkNtT3p0V2VSenVhVjlGNGxQSFJvQjNCVGJfV0Q2US1lZXRlSDJrS1JpcnVBQkZ4NWc?oc=5\" target=\"_blank\" rel=\"nofollow noopener\">2,9 millions de t\u00e9l\u00e9spectateurs devant France-Afrique du Sud<\/a>&nbsp;&nbsp;L&rsquo;\u00c9quipe<\/li>\n<li><a href=\"https:\/\/news.google.com\/rss\/articles\/CBMixgFBVV95cUxPUm9tQVQ3Sm1BNm5FTDE4Y1B3bUNnVklqYkp6bkpmTnVIaGN4emhUNEszcVNtWW9sLWZ2ZXVNM2w0R0lSS2hQdFRBM2JBSFVFc2ZieDRKMWVSSFJJSkV6THpQblllUUs4V3dEbVJWT0FXMlNyQWRNdFF5a0F6UkNxWVh6QlljX3htcEdYN3JMWWZsTHF3R3ppNXZMVFBabzBtcld1TzRxVUlVYmdrdEpGMUZUYUVxSDlfQi00ZUxydHhwd3RZQ1E?oc=5\" target=\"_blank\" rel=\"nofollow noopener\">Journ\u00e9e 3 : le r\u00e9sum\u00e9 de France vs Afrique du Sud en replay &#8211; Coupe du Monde de rugby f\u00e9minine<\/a>&nbsp;&nbsp;France TV<\/li>\n<li><a href=\"https:\/\/news.google.com\/rss\/articles\/CBMijAJBVV95cUxOR1llaW8xWGg4cWJyV3RUZDY0ZEE2c3BQd1hXMnh6aFUwWkk3MHJ5SDROZVZqQlh5d0VPd3NTSGhDWTZNYlFPT0t4b1dSM1BfV09sRkxsTC1IVDFxcHBvdVBXZ25yWG9WZjZwdXF3V0EzRXdMd2RybmdnZ1o0ck5zMklLQVBHOUl5Tk55TmUzNlRKcHV1Yl83S1N4ci03aW9aOVhmckZndjgxMGg4WWpEQUQ1OVhKeno5TGZ0QXJjTG51ZDQ3V3hGbEVrdE1QUVZFVnRSSE53amhvLWEwWnEzWERhaGVlSzJEMUpGX3FsVF9ra2hfWVRfNUduUEl6Qld3R2cxM3F3clBBZXpU?oc=5\" target=\"_blank\" rel=\"nofollow noopener\">Coupe du monde f\u00e9minine de rugby : les Bleues terminent en t\u00eate de leur poule apr\u00e8s leur large succ\u00e8s face \u00e0 l\u2019Afrique du Sud<\/a>&nbsp;&nbsp;Sud Ouest<\/li>\n<li><a href=\"https:\/\/news.google.com\/rss\/articles\/CBMiigJBVV95cUxNQXQ1UGd0Rk5BY18wQmhvVWhrSTk1NmhQOHViblhRaFhtX2s2SENMcHZ0azNxMGxMd0tXSEdzRDZ3Zy1iano5YVlHTGwzRm5kYUxpbHpVTzVPZHRMZkdVbUZHZjg2TGc0cDJtYzlNazdrYndwMFBKa1Z0ZHkyZ2tyRURuYWV2VVQ5cW81SlVhYWpiUlF5M2ZyVDNzZDhPZ2JaVTZzMUN3RnpnQVZIdTBTQmNXZmlkNTlhM2R6ZE1ncUt1cEdlQVRVMmpmejFGcU5LVHMzaHh1ZElKcUM4VFRFR25xdkxPWlFfMGF3SHhuM0ZUR3RIRS1RMG9yNEtISHhjRERNMUhHelVuUQ?oc=5\" target=\"_blank\" rel=\"nofollow noopener\">Les Anglaises en forme, le Br\u00e9sil c\u00e9l\u00e9br\u00e9, le mur Gallagher\u2026 Ce qu\u2019il faut retenir de la phase de poules<\/a>&nbsp;&nbsp;Rugbyrama<\/li>\n<li><a href=\"https:\/\/news.google.com\/rss\/articles\/CBMi0AFBVV95cUxPTkgzNXlnemNXRFc0WTBMOXBQc2xIT180Q2RiTmhTYkRSdVd1Y0lNRHQ5cmVjMllaY195R3UwcTVqVXNfVjdtWW5LUnN1M2ZiSGVPOGVVbnZWMndhV2lab3NiaERNUndpM2JuZ01fekpiZzQ4bk1xQlJXaUVqc3FNVWd5VUlIUmVZMnlMM1Z2MzcxTWUzbHhPWWo2S1Y3ZVVNV3c0d2N1X1Z2U181Vk1YU1BjaW5QUGlpQ05qOXFWZFQtcEViZmdma0hkamRxRnlZ0gHPAUFVX3lxTE82U0l0U3NkMlhOOTRPbHZ3SlFMbVl2WHNxRU1lMmcteE1TOHdxalVFRjFIUWhlVnJkNHYtbWx5ek5OeDE1WmFCbkRlZzNaVkJ5b3o4cmVXMmp1NmR6a25RYzBPc29jTjhPY0NYbDdGS3Z4UE9JSWVqUWI5bXgtdFc1TEs4dFFkTzJ5ZVdCWE1ZM0hUMGZOT0NiRThhV0Vsd1RZZFdHMG5XNzJ3SGNIeGZxcnowVVpWdWg3aWdRdElieVg4STBDeFBxNHFQVldIaw?oc=5\" target=\"_blank\" rel=\"nofollow noopener\">Coupe du monde (F) : Les Bleues ont montr\u00e9 leur \u00ab vrai visage \u00bb<\/a>&nbsp;&nbsp;Orange Actualit\u00e9s | Sports<\/li>\n<\/ol>\n","protected":false},"excerpt":{"rendered":"2,9 millions de t\u00e9l\u00e9spectateurs devant France-Afrique du Sud&nbsp;&nbsp;L&rsquo;\u00c9quipe Journ\u00e9e 3 : le r\u00e9sum\u00e9 de France vs Afrique du&hellip;\n","protected":false},"author":2,"featured_media":376764,"comment_status":"","ping_status":"","sticky":false,"template":"","format":"standard","meta":{"footnotes":""},"categories":[2],"tags":[11,1011,27,12,25],"class_list":{"0":"post-376763","1":"post","2":"type-post","3":"status-publish","4":"format-standard","5":"has-post-thumbnail","7":"category-actualites","8":"tag-actualites","9":"tag-fr","10":"tag-france","11":"tag-news","12":"tag-republique-francaise"},"share_on_mastodon":{"url":"https:\/\/pubeurope.com\/@fr\/115172156786809539","error":""},"_links":{"self":[{"href":"https:\/\/www.europesays.com\/fr\/wp-json\/wp\/v2\/posts\/376763","targetHints":{"allow":["GET"]}}],"collection":[{"href":"https:\/\/www.europesays.com\/fr\/wp-json\/wp\/v2\/posts"}],"about":[{"href":"https:\/\/www.europesays.com\/fr\/wp-json\/wp\/v2\/types\/post"}],"author":[{"embeddable":true,"href":"https:\/\/www.europesays.com\/fr\/wp-json\/wp\/v2\/users\/2"}],"replies":[{"embeddable":true,"href":"https:\/\/www.europesays.com\/fr\/wp-json\/wp\/v2\/comments?post=376763"}],"version-history":[{"count":0,"href":"https:\/\/www.europesays.com\/fr\/wp-json\/wp\/v2\/posts\/376763\/revisions"}],"wp:featuredmedia":[{"embeddable":true,"href":"https:\/\/www.europesays.com\/fr\/wp-json\/wp\/v2\/media\/376764"}],"wp:attachment":[{"href":"https:\/\/www.europesays.com\/fr\/wp-json\/wp\/v2\/media?parent=376763"}],"wp:term":[{"taxonomy":"category","embeddable":true,"href":"https:\/\/www.europesays.com\/fr\/wp-json\/wp\/v2\/categories?post=376763"},{"taxonomy":"post_tag","embeddable":true,"href":"https:\/\/www.europesays.com\/fr\/wp-json\/wp\/v2\/tags?post=376763"}],"curies":[{"name":"wp","href":"https:\/\/api.w.org\/{rel}","templated":true}]}}