{"id":376765,"date":"2025-09-09T03:13:14","date_gmt":"2025-09-09T03:13:14","guid":{"rendered":"https:\/\/www.europesays.com\/fr\/376765\/"},"modified":"2025-09-09T03:13:14","modified_gmt":"2025-09-09T03:13:14","slug":"jordan-bardella-nomme-a-matignon-une-hypothese-si-farfelue-que-ca","status":"publish","type":"post","link":"https:\/\/www.europesays.com\/fr\/376765\/","title":{"rendered":"Jordan Bardella nomm\u00e9 \u00e0 Matignon, une hypoth\u00e8se si farfelue que \u00e7a\u00a0?"},"content":{"rendered":"<p>L\u2019hypoth\u00e8se semble irr\u00e9aliste, elle est pourtant sur la table. Et si, apr\u00e8s la <a href=\"https:\/\/www.humanite.fr\/politique\/emmanuel-macron\/du-conclave-des-retraites-a-la-loi-duplomb-francois-bayrou-chronique-dune-chute-annoncee\" target=\"_blank\" rel=\"noopener\">chute annonc\u00e9e de Fran\u00e7ois Bayrou ce lundi 8\u00a0septembre,<\/a> le pr\u00e9sident de la R\u00e9publique nommait sans tarder \u2013 et sans dissolution -, Jordan Bardella \u00e0 Matignon\u00a0? Le simple fait de l\u2019envisager, alors que le Rassemblement national est aujourd\u2019hui loin de la majorit\u00e9 absolue \u00e0 l\u2019Assembl\u00e9e nationale, en dit long sur l\u2019\u00e9tat de d\u00e9liquescence d\u00e9mocratique dans lequel se trouve le camp pr\u00e9sidentiel.<\/p>\n<p>Ce dernier, <a href=\"https:\/\/www.humanite.fr\/politique\/extreme-droite\/ce-vote-moblige-disait-macron-pourquoi-le-barrage-a-lextreme-droite-est-un-imperatif-republicain\" target=\"_blank\" rel=\"noopener\">\u00e9lu sur le refus des Fran\u00e7ais de porter l\u2019extr\u00eame droite au pouvoir<\/a>, semble avoir d\u00e9finitivement renonc\u00e9 \u00e0 la combattre. Certains sugg\u00e8rent m\u00eame de collaborer. \u00ab\u00a0La coalition, visiblement, \u00e7a ne marche pas. Donc dans la Ve\u00a0R\u00e9publique, il y a une autre voix, c\u2019est d\u2019appeler le responsable du premier parti \u00e0 l\u2019Assembl\u00e9e. C\u2019est le Rassemblement national. Si cette option n\u2019est pas utilis\u00e9e, je ne vois pas d\u2019autres issues\u00a0\u00bb, a l\u00e2ch\u00e9, le 27\u00a0ao\u00fbt, <a href=\"https:\/\/www.humanite.fr\/politique\/commission-europeenne\/commission-europeenne-thierry-breton-claque-la-porte-macron-propose-stephane-sejourne-comme-remplacant\" target=\"_blank\" rel=\"noopener\">l\u2019ancien ministre et commissaire europ\u00e9en Thierry Breton<\/a>.<\/p>\n<p>Une hypoth\u00e8se pouss\u00e9e par Sarkozy<\/p>\n<p>Le m\u00eame consid\u00e9rait en juillet 2024 que le <a href=\"https:\/\/www.humanite.fr\/politique\/legislatives-2024\/pourquoi-macron-na-pas-voulu-nommer-lucie-castets-selon-gaspard-gantzer\" target=\"_blank\" rel=\"noopener\">refus de nommer \u00e0 Matignon un repr\u00e9sentant du Nouveau Front populaire et ses 193 d\u00e9put\u00e9s<\/a> n\u2019avait \u00ab\u00a0rien d\u2019un d\u00e9ni de d\u00e9mocratie\u00a0\u00bb. Faisant fi de toutes consid\u00e9rations morales, humanistes et r\u00e9publicaines, il souhaite d\u00e9sormais voir le RN et ses 123 d\u00e9put\u00e9s (alli\u00e9s aux 15 parlementaires ciottistes) gouverner.<\/p>\n<p>Il n\u2019est pas le seul \u00e0 droite \u00e0 pr\u00f4ner un rapprochement avec le RN.\u00a0Longtemps proche d\u2019Emmanuel Macron, <a href=\"https:\/\/www.humanite.fr\/politique\/extreme-droite\/vous-aurez-lexperience-du-pouvoir-avant-2027-quand-nicolas-sarkozy-tente-de-ressusciter-sa-carriere-politique-en-conseillant-le-rn\" target=\"_blank\" rel=\"noopener\">Nicolas Sarkozy adoube d\u00e9sormais Marine Le\u00a0Pen<\/a>. Cet \u00e9t\u00e9, il a re\u00e7u et conseill\u00e9 tour \u00e0 tour Jordan Bardella puis S\u00e9bastien Chenu avant de souhaiter \u00e0 demi-mot leur accession au pouvoir dans le Figaro du 3\u00a0septembre. \u00ab\u00a0Ce serait mieux que la situation actuelle\u00a0\u00bb, glisse-t-il \u00e0 propos d\u2019une victoire du RN\u00a0\u00e0 d\u2019\u00e9ventuelles l\u00e9gislatives anticip\u00e9es. En appelant \u00e0 la dissolution et \u00e0 la fin du <a href=\"https:\/\/www.humanite.fr\/politique\/assemblee-nationale\/legislatives-2024-comment-lunion-et-le-barrage-republicain-ont-place-la-gauche-en-tete\" target=\"_blank\" rel=\"noopener\">barrage r\u00e9publicain<\/a>, il normalise l\u2019extr\u00eame droite comme aucun autre ancien chef d\u2019\u00c9tat depuis la Lib\u00e9ration et rend un peu plus plausible l\u2019option d\u2019un adoubement du RN par Emmanuel Macron.<\/p>\n<p>Le parti  lep\u00e9niste <\/p>\n","protected":false},"excerpt":{"rendered":"L\u2019hypoth\u00e8se semble irr\u00e9aliste, elle est pourtant sur la table. Et si, apr\u00e8s la chute annonc\u00e9e de Fran\u00e7ois Bayrou&hellip;\n","protected":false},"author":2,"featured_media":376766,"comment_status":"","ping_status":"","sticky":false,"template":"","format":"standard","meta":{"footnotes":""},"categories":[2],"tags":[11,6429,1011,27,15763,1077,12,1078,25],"class_list":{"0":"post-376765","1":"post","2":"type-post","3":"status-publish","4":"format-standard","5":"has-post-thumbnail","7":"category-actualites","8":"tag-actualites","9":"tag-extru00eame-droite","10":"tag-fr","11":"tag-france","12":"tag-franu00e7ois-bayrou","13":"tag-jordan-bardella","14":"tag-news","15":"tag-rassemblement-national","16":"tag-republique-francaise"},"share_on_mastodon":{"url":"https:\/\/pubeurope.com\/@fr\/115172160499974525","error":""},"_links":{"self":[{"href":"https:\/\/www.europesays.com\/fr\/wp-json\/wp\/v2\/posts\/376765","targetHints":{"allow":["GET"]}}],"collection":[{"href":"https:\/\/www.europesays.com\/fr\/wp-json\/wp\/v2\/posts"}],"about":[{"href":"https:\/\/www.europesays.com\/fr\/wp-json\/wp\/v2\/types\/post"}],"author":[{"embeddable":true,"href":"https:\/\/www.europesays.com\/fr\/wp-json\/wp\/v2\/users\/2"}],"replies":[{"embeddable":true,"href":"https:\/\/www.europesays.com\/fr\/wp-json\/wp\/v2\/comments?post=376765"}],"version-history":[{"count":0,"href":"https:\/\/www.europesays.com\/fr\/wp-json\/wp\/v2\/posts\/376765\/revisions"}],"wp:featuredmedia":[{"embeddable":true,"href":"https:\/\/www.europesays.com\/fr\/wp-json\/wp\/v2\/media\/376766"}],"wp:attachment":[{"href":"https:\/\/www.europesays.com\/fr\/wp-json\/wp\/v2\/media?parent=376765"}],"wp:term":[{"taxonomy":"category","embeddable":true,"href":"https:\/\/www.europesays.com\/fr\/wp-json\/wp\/v2\/categories?post=376765"},{"taxonomy":"post_tag","embeddable":true,"href":"https:\/\/www.europesays.com\/fr\/wp-json\/wp\/v2\/tags?post=376765"}],"curies":[{"name":"wp","href":"https:\/\/api.w.org\/{rel}","templated":true}]}}