{"id":376769,"date":"2025-09-09T03:16:10","date_gmt":"2025-09-09T03:16:10","guid":{"rendered":"https:\/\/www.europesays.com\/fr\/376769\/"},"modified":"2025-09-09T03:16:10","modified_gmt":"2025-09-09T03:16:10","slug":"lequipe-de-fougeres-nevoluera-pas-en-prenationale","status":"publish","type":"post","link":"https:\/\/www.europesays.com\/fr\/376769\/","title":{"rendered":"l&rsquo;\u00e9quipe de Foug\u00e8res n&rsquo;\u00e9voluera pas en Pr\u00e9nationale"},"content":{"rendered":"<p>            Par<br \/>\n        <strong><br \/>\n            <a href=\"https:\/\/actu.fr\/auteur\/journaliste-lachronique\" title=\"Consulter tous les articles de R\u00e9daction Foug\u00e8res\" rel=\"nofollow noopener\" target=\"_blank\">R\u00e9daction Foug\u00e8res<\/a><br \/>\n        <\/strong><\/p>\n<p>        Publi\u00e9 le<\/p>\n<p>            8 sept. 2025 \u00e0 18h00        <\/p>\n<p>C\u2019est une grosse d\u00e9ception au sein du <a href=\"https:\/\/actu.fr\/bretagne\/fougeres_35115\/volley-ball-les-feminines-de-fougeres-accedent-a-la-prenationale_62916558.html\" rel=\"nofollow noopener\" target=\"_blank\">Foug\u00e8res volley<\/a> <b>(Ille-et-Vilaine)<\/b> notamment pour Mathias Rigaudeau, l\u2019entra\u00eeneur des f\u00e9minines :<\/p>\n<blockquote class=\"ac-article-quote wall-content\">\n<p>Je peux comprendre l\u2019envie de changement mais j\u2019ai \u00e9t\u00e9 d\u00e9\u00e7u par la mani\u00e8re de faire de certaines, au dernier moment. Ce n\u2019est pas tr\u00e8s loyal.<\/p>\n<\/blockquote>\n<p class=\" wall-content\">Il faut savoir que pour des raisons professionnelles, des \u00e9tudes, des choix personnels, l\u2019effectif risquait d\u2019\u00eatre un peu court et de manquer de niveau sans un recrutement quantitatif et qualitatif.<\/p>\n<p class=\" wall-content\">Le club a-t-il \u00e9t\u00e9 trop pr\u00e9somptueux en engageant l\u2019\u00e9quipe en Pr\u00e9nationale sans avoir l\u2019assurance d\u2019un effectif suffisant ? Les volleyeuses restantes ont-elles eu peur de n\u2019\u00eatre pas au niveau ?<\/p>\n<blockquote class=\"ac-article-quote wall-content\">\n<p>Nous avons \u00e9t\u00e9 na\u00effs apr\u00e8s l\u2019euphorie g\u00e9n\u00e9rale de fin de saison. \u00c0 aucun moment, nous n\u2019avons cru \u00e0 un renoncement.<\/p>\n<p>Le pr\u00e9sident, C\u00e9dric Serrand<\/p><\/blockquote>\n<p class=\" wall-content\">D\u00e9ception dig\u00e9r\u00e9e, Mathias Rigaudeau a r\u00e9ussi \u00e0 passer \u00e0 autre chose et va reprendre la formation des jeunes avec une \u00e9quipe f\u00e9minine en d\u00e9partementale ou pr\u00e9-r\u00e9gionale.<\/p>\n<p>Vid\u00e9os : en ce moment sur Actu<\/p>\n<p class=\" wall-content\">Chez les hommes, l\u2019\u00e9quipe \u00e9voluera bien en Pr\u00e9nationale pour la 2e saison cons\u00e9cutive. Si elle a perdu Ambroise Cauvin, parti \u00e0 <b>Marseille<\/b>, l\u2019\u00e9quipe a enregistr\u00e9 l\u2019arriv\u00e9e d\u2019un volleyeur qui a fait son apprentissage au haut niveau, Jean-Maxime Sauret.<\/p>\n<p class=\" wall-content\">Central de 2 m\u00e8tres, il est pass\u00e9 par <b>Mende, GFC Ajaccio, ASU Lyon et Amiens M\u00e9tropole<\/b>. Sans club depuis un an et bas\u00e9 \u00e0 <b>Foug\u00e8res<\/b>, il constituera un renfort de qualit\u00e9 pour Herv\u00e9 Saives.<\/p>\n<p class=\" wall-content\">Personnalisez votre actualit\u00e9 en ajoutant vos villes et m\u00e9dias en favori avec <a href=\"https:\/\/moncompte.actu.fr\" title=\"D\u00e9couvez Mon Actu\" rel=\"nofollow noopener\" data-trk=\"{&quot;cta&quot;:{&quot;action&quot;:&quot;https:\\\/\\\/moncompte.actu.fr&quot;,&quot;category&quot;:&quot;mon compte&quot;,&quot;from&quot;:&quot;article footer&quot;,&quot;name&quot;:&quot;Mon actu&quot;,&quot;type&quot;:&quot;cta&quot;}}\" target=\"_blank\">Mon Actu<\/a>.<\/p>\n","protected":false},"excerpt":{"rendered":"Par R\u00e9daction Foug\u00e8res Publi\u00e9 le 8 sept. 2025 \u00e0 18h00 C\u2019est une grosse d\u00e9ception au sein du Foug\u00e8res&hellip;\n","protected":false},"author":2,"featured_media":376770,"comment_status":"","ping_status":"","sticky":false,"template":"","format":"standard","meta":{"footnotes":""},"categories":[1417],"tags":[1011,27,60,1470,1469],"class_list":{"0":"post-376769","1":"post","2":"type-post","3":"status-publish","4":"format-standard","5":"has-post-thumbnail","7":"category-volley","8":"tag-fr","9":"tag-france","10":"tag-sports","11":"tag-volley","12":"tag-volleyball"},"share_on_mastodon":{"url":"https:\/\/pubeurope.com\/@fr\/115172172293302557","error":""},"_links":{"self":[{"href":"https:\/\/www.europesays.com\/fr\/wp-json\/wp\/v2\/posts\/376769","targetHints":{"allow":["GET"]}}],"collection":[{"href":"https:\/\/www.europesays.com\/fr\/wp-json\/wp\/v2\/posts"}],"about":[{"href":"https:\/\/www.europesays.com\/fr\/wp-json\/wp\/v2\/types\/post"}],"author":[{"embeddable":true,"href":"https:\/\/www.europesays.com\/fr\/wp-json\/wp\/v2\/users\/2"}],"replies":[{"embeddable":true,"href":"https:\/\/www.europesays.com\/fr\/wp-json\/wp\/v2\/comments?post=376769"}],"version-history":[{"count":0,"href":"https:\/\/www.europesays.com\/fr\/wp-json\/wp\/v2\/posts\/376769\/revisions"}],"wp:featuredmedia":[{"embeddable":true,"href":"https:\/\/www.europesays.com\/fr\/wp-json\/wp\/v2\/media\/376770"}],"wp:attachment":[{"href":"https:\/\/www.europesays.com\/fr\/wp-json\/wp\/v2\/media?parent=376769"}],"wp:term":[{"taxonomy":"category","embeddable":true,"href":"https:\/\/www.europesays.com\/fr\/wp-json\/wp\/v2\/categories?post=376769"},{"taxonomy":"post_tag","embeddable":true,"href":"https:\/\/www.europesays.com\/fr\/wp-json\/wp\/v2\/tags?post=376769"}],"curies":[{"name":"wp","href":"https:\/\/api.w.org\/{rel}","templated":true}]}}