{"id":376775,"date":"2025-09-09T03:20:18","date_gmt":"2025-09-09T03:20:18","guid":{"rendered":"https:\/\/www.europesays.com\/fr\/376775\/"},"modified":"2025-09-09T03:20:18","modified_gmt":"2025-09-09T03:20:18","slug":"motogp-alerte-les-premieres-mesures-de-lere-liberty-media-inquietent-deja","status":"publish","type":"post","link":"https:\/\/www.europesays.com\/fr\/376775\/","title":{"rendered":"MotoGP, ALERTE\u00a0: Les premi\u00e8res mesures de l\u2019\u00e8re Liberty Media inqui\u00e8tent d\u00e9j\u00e0\u00a0!"},"content":{"rendered":"<p><strong>Depuis le d\u00e9but du mois de juillet, <a href=\"https:\/\/www.paddock-gp.com\/parlons-motogp-voici-ce-que-liberty-media-doit-importer-de-la-formule-1\/\" target=\"_blank\" rel=\"noopener\">l\u2019entreprise am\u00e9ricaine Liberty<br \/>\nMedia est propri\u00e9taire du championnat MotoGP<\/a>, et les premiers<br \/>\nchangements ne tarderont pas \u00e0 arriver. Pour rappel, le groupe<br \/>\nposs\u00e8de d\u00e9j\u00e0 la Formule 1, elle-m\u00eame en proie \u00e0 de grands<br \/>\nchantiers, et pas forc\u00e9ment en faveur des fans de la premi\u00e8re<br \/>\nheure. Une nouvelle vient de tomber concernant le MotoGP\u00a0:<br \/>\nd\u2019apr\u00e8s des sources tr\u00e8s s\u00e9rieuses, le paddock sera totalement<br \/>\ntransform\u00e9 en 2026, et c\u2019est loin de convaincre tout le<br \/>\nmonde.<\/strong><\/p>\n<p>De quoi s\u2019agit-il\u00a0? Il y a peu, le m\u00e9dia italien <a href=\"https:\/\/www.gpone.com\/it\/2025\/09\/07\/motogp\/nuovo-corso-vecchie-idee-pronto-a-tornare-il-paddock-separato.html\" target=\"_blank\" rel=\"noopener\">GPOne<\/a> a r\u00e9v\u00e9l\u00e9 que les paddocks<br \/>\nMotoGP et ceux des autres cat\u00e9gories <strong>seraient s\u00e9par\u00e9s d\u00e8s<br \/>\nle d\u00e9but de la saison 2026<\/strong>, alors qu\u2019actuellement, tous<br \/>\ncohabitent ensemble. Le but\u00a0? Rendre la cat\u00e9gorie reine plus<br \/>\nprestigieuse, et faire du paddock MotoGP un v\u00e9ritable hub<br \/>\npour attirer plus de monde, <strong>en faire quelque chose de plus<br \/>\nexclusif.<\/strong><\/p>\n<p>\u00a0<\/p>\n<p><img loading=\"lazy\" decoding=\"async\" aria-describedby=\"caption-attachment-1327166\" class=\"size-full wp-image-1327166\" src=\"https:\/\/www.europesays.com\/fr\/wp-content\/uploads\/2025\/09\/54769540028_4a679cbbab_c.jpg\" alt=\"Liberty Media MotoGP\" width=\"799\" height=\"533\"  \/><\/p>\n<p id=\"caption-attachment-1327166\" class=\"wp-caption-text\">\nPeut-\u00eatre une volont\u00e9 de sublimer les stars du MotoGP. Photo :<br \/>\nMichelin Motorsport<\/p>\n<p>\u00a0<\/p>\n<p><strong>Le probl\u00e8me, c\u2019est que cela a d\u00e9j\u00e0 \u00e9t\u00e9 essay\u00e9 il y a<br \/>\nplus de dix ans, et que \u00e7a n\u2019avait absolument pas<br \/>\nfonctionn\u00e9<\/strong>\u00a0; la DORNA a d\u00fb faire machine arri\u00e8re.<br \/>\nD\u2019abord, le paddock MotoGP \u00e9tait souvent d\u00e9sert\u00e9, et cela ne<br \/>\nfaisait qu\u2019invisibiliser les plus petites structures qui<br \/>\nparticipent aux championnats Moto2 et Moto3, sans oublier le MotoE<br \/>\nsur certaines manches. Pourtant, comme vous pouvez le constater<br \/>\ngr\u00e2ce \u00e0 la vid\u00e9o ci-dessous, ce sont les petites classes qui font<br \/>\nle spectacle cette saison\u00a0:<\/p>\n<p>\u00a0<\/p>\n<blockquote class=\"twitter-tweet\" data-width=\"550\" data-dnt=\"true\">\n<p lang=\"en\" dir=\"ltr\">2 laps to go and the pace is still hotting<br \/>\nup \ud83e\udd2f<\/p>\n<p>Is it going to be <a href=\"https:\/\/twitter.com\/ruedajr99?ref_src=twsrc%5Etfw\" target=\"_blank\" rel=\"noopener\">@ruedajr99<\/a><br \/>\n\ud83c\udd9a <a href=\"https:\/\/twitter.com\/Angelpiqueras18?ref_src=twsrc%5Etfw\" target=\"_blank\" rel=\"noopener\">@AngelPiqueras18<\/a><br \/>\nfor the win? \u2694\ufe0f<a href=\"https:\/\/twitter.com\/hashtag\/CatalanGP?src=hash&amp;ref_src=twsrc%5Etfw\" target=\"_blank\" rel=\"noopener\">#CatalanGP<\/a><br \/>\n\ud83c\udfc1 <a href=\"https:\/\/t.co\/8XDB1ZBMVN\">pic.twitter.com\/8XDB1ZBMVN<\/a><\/p>\n<p>\u2014 MotoGP\u2122\ud83c\udfc1 (@MotoGP) <a href=\"https:\/\/twitter.com\/MotoGP\/status\/1964623073216254291?ref_src=twsrc%5Etfw\" target=\"_blank\" rel=\"noopener\"><br \/>\nSeptember 7, 2025<\/a><\/p>\n<\/blockquote>\n<p>\u00a0<\/p>\n<p>Depuis le d\u00e9but, toutes les cat\u00e9gories marchent main dans la<br \/>\nmain, et le MotoGP se distingue grandement de la Formule 1 sur ce<br \/>\npoint, qui, elle, fait nettement la distinction entre<br \/>\n<strong>F1<\/strong>, <strong>F2<\/strong>, et <strong>F3<\/strong>.<br \/>\nC\u2019est pour cette raison que les titres acquis en cat\u00e9gories<br \/>\ninf\u00e9rieures sont comptabilis\u00e9s dans le palmar\u00e8s des pilotes motos,<br \/>\ncontrairement \u00e0 leurs homologues sur quatre roues. <strong>Est-ce<br \/>\nque Liberty Media voudrait changer cela, et essayer de dissimuler<br \/>\nce pan important de la culture motocycliste ?<\/strong> C\u2019est<br \/>\nmalheureusement ce que ce type de d\u00e9cision laisserait penser.<\/p>\n<p>Que pensez-vous du retour \u00e0 la mode des paddocks s\u00e9par\u00e9s\u00a0?<br \/>\n<strong>Dites-le-nous en commentaires\u00a0!<\/strong><\/p>\n<p>\u00a0<\/p>\n<p><img loading=\"lazy\" decoding=\"async\" class=\"aligncenter size-full wp-image-1323500\" src=\"https:\/\/www.europesays.com\/fr\/wp-content\/uploads\/2025\/09\/Balaton-2-1.jpg\" alt=\"Balaton Park MotoGP\" width=\"800\" height=\"533\"  \/><\/p>\n<p>\u00a0<\/p>\n<p>Photo de couverture : Michelin Motorsport<\/p>\n<p><script async src=\"https:\/\/platform.twitter.com\/widgets.js\" charset=\"utf-8\"><\/script><\/p>\n","protected":false},"excerpt":{"rendered":"Depuis le d\u00e9but du mois de juillet, l\u2019entreprise am\u00e9ricaine Liberty Media est propri\u00e9taire du championnat MotoGP, et les&hellip;\n","protected":false},"author":2,"featured_media":376776,"comment_status":"","ping_status":"","sticky":false,"template":"","format":"standard","meta":{"footnotes":""},"categories":[1413],"tags":[1011,27,1457,1456,60],"class_list":{"0":"post-376775","1":"post","2":"type-post","3":"status-publish","4":"format-standard","5":"has-post-thumbnail","7":"category-moto","8":"tag-fr","9":"tag-france","10":"tag-moto","11":"tag-motocycle","12":"tag-sports"},"share_on_mastodon":{"url":"https:\/\/pubeurope.com\/@fr\/115172188105951060","error":""},"_links":{"self":[{"href":"https:\/\/www.europesays.com\/fr\/wp-json\/wp\/v2\/posts\/376775","targetHints":{"allow":["GET"]}}],"collection":[{"href":"https:\/\/www.europesays.com\/fr\/wp-json\/wp\/v2\/posts"}],"about":[{"href":"https:\/\/www.europesays.com\/fr\/wp-json\/wp\/v2\/types\/post"}],"author":[{"embeddable":true,"href":"https:\/\/www.europesays.com\/fr\/wp-json\/wp\/v2\/users\/2"}],"replies":[{"embeddable":true,"href":"https:\/\/www.europesays.com\/fr\/wp-json\/wp\/v2\/comments?post=376775"}],"version-history":[{"count":0,"href":"https:\/\/www.europesays.com\/fr\/wp-json\/wp\/v2\/posts\/376775\/revisions"}],"wp:featuredmedia":[{"embeddable":true,"href":"https:\/\/www.europesays.com\/fr\/wp-json\/wp\/v2\/media\/376776"}],"wp:attachment":[{"href":"https:\/\/www.europesays.com\/fr\/wp-json\/wp\/v2\/media?parent=376775"}],"wp:term":[{"taxonomy":"category","embeddable":true,"href":"https:\/\/www.europesays.com\/fr\/wp-json\/wp\/v2\/categories?post=376775"},{"taxonomy":"post_tag","embeddable":true,"href":"https:\/\/www.europesays.com\/fr\/wp-json\/wp\/v2\/tags?post=376775"}],"curies":[{"name":"wp","href":"https:\/\/api.w.org\/{rel}","templated":true}]}}