{"id":37678,"date":"2025-04-20T01:30:14","date_gmt":"2025-04-20T01:30:14","guid":{"rendered":"https:\/\/www.europesays.com\/fr\/37678\/"},"modified":"2025-04-20T01:30:14","modified_gmt":"2025-04-20T01:30:14","slug":"metropole-de-lyon-philippe-cochet-a-bien-discrimine-une-ex-attachee-parlementaire","status":"publish","type":"post","link":"https:\/\/www.europesays.com\/fr\/37678\/","title":{"rendered":"M\u00e9tropole de Lyon. Philippe Cochet a bien discrimin\u00e9 une ex-attach\u00e9e parlementaire"},"content":{"rendered":"<p>L\u2019affaire avait fait grand bruit. En mars 2023, la cour d\u2019appel de Lyon avait condamn\u00e9 Philippe Cochet, ancien d\u00e9put\u00e9 (UMP\/R) du Rh\u00f4ne \u00e0 payer quelque 50 000 \u20ac en plus des 90 000 \u20ac d\u00e9j\u00e0 vers\u00e9s, \u00e0 une ancienne attach\u00e9e parlementaire, sur le fondement du \u00ab travail \u00e9gal, salaire \u00e9gal \u00bb.<\/p>\n<p>Cette salari\u00e9e obtenait ainsi la m\u00eame r\u00e9tribution que Mme Cochet, son autre attach\u00e9e parlementaire. M. Cochet justifiait la diff\u00e9rence de traitement par \u00ab la garantie de disponibilit\u00e9 et de confidentialit\u00e9 \u00bb de son \u00e9pouse. Soit une \u00ab discrimination \u00bb selon <a href=\"https:\/\/www.leprogres.fr\/faits-divers-justice\/2023\/03\/08\/l-ancien-depute-(lr)-philippe-cochet-condamne-pour-discrimination\" target=\"_blank\" rel=\"nofollow noopener\">la cour d\u2019appel de Lyon<\/a> \u00ab \u00e0 raison d\u2019un lien de famille \u00bb.<\/p>\n<p>  L\u00e9lu d\u00e9j\u00e0 condamn\u00e9\u00a0pour d\u00e9tournement de fonds publics\u00a0<\/p>\n<p>L\u2019\u00e9lu, par ailleurs <a href=\"https:\/\/www.leprogres.fr\/faits-divers-justice\/2024\/12\/11\/detournement-de-fonds-publics-philippe-cochet-condamne-a-un-an-de-prison-ferme-amenageable\" target=\"_blank\" rel=\"nofollow noopener\"> condamn\u00e9 en d\u00e9cembre 2024 par le tribunal correctionnel de Paris<\/a> pour d\u00e9tournement de fonds publics pour avoir fourni un emploi fictif \u00e0 son \u00e9pouse &#8211; une d\u00e9cision \u00e0 l\u2019encontre de laquelle il a fait appel -, avait parall\u00e8lement saisi la cour de Cassation pour faire casser la d\u00e9cision de la cour d\u2019appel de Lyon dans le cadre du proc\u00e8s l\u2019opposant \u00e0 son ancienne salari\u00e9e.<\/p>\n<p>Dans un arr\u00eat rendu le 9 avril 2025, la plus haute juridiction de l\u2019ordre judiciaire valide le raisonnement juridique tenu \u00e0 Lyon et rejette le pourvoi du toujours maire de Caluire-et-Cuire et conseiller m\u00e9tropolitain. Philippe Cochet est condamn\u00e9, en sus, \u00e0 payer 3 000 \u20ac \u00e0 son ex-salari\u00e9e au titre de ses frais d\u2019avocat.<\/p>\n","protected":false},"excerpt":{"rendered":"L\u2019affaire avait fait grand bruit. En mars 2023, la cour d\u2019appel de Lyon avait condamn\u00e9 Philippe Cochet, ancien&hellip;\n","protected":false},"author":2,"featured_media":37679,"comment_status":"","ping_status":"","sticky":false,"template":"","format":"standard","meta":{"footnotes":""},"categories":[1889],"tags":[1111,11,2430,2757,1777,674,274,1011,27,2428,2756,12,316,25,2429],"class_list":{"0":"post-37678","1":"post","2":"type-post","3":"status-publish","4":"format-standard","5":"has-post-thumbnail","7":"category-lyon","8":"tag-actu","9":"tag-actualites","10":"tag-auvergne-rhone-alpes","11":"tag-edition-lyon-villeurbanne","12":"tag-eu","13":"tag-europe","14":"tag-faits-divers-justice","15":"tag-fr","16":"tag-france","17":"tag-lyon","18":"tag-lyon-bassin","19":"tag-news","20":"tag-politique","21":"tag-republique-francaise","22":"tag-rhone"},"share_on_mastodon":{"url":"https:\/\/pubeurope.com\/@fr\/114367707593536304","error":""},"_links":{"self":[{"href":"https:\/\/www.europesays.com\/fr\/wp-json\/wp\/v2\/posts\/37678","targetHints":{"allow":["GET"]}}],"collection":[{"href":"https:\/\/www.europesays.com\/fr\/wp-json\/wp\/v2\/posts"}],"about":[{"href":"https:\/\/www.europesays.com\/fr\/wp-json\/wp\/v2\/types\/post"}],"author":[{"embeddable":true,"href":"https:\/\/www.europesays.com\/fr\/wp-json\/wp\/v2\/users\/2"}],"replies":[{"embeddable":true,"href":"https:\/\/www.europesays.com\/fr\/wp-json\/wp\/v2\/comments?post=37678"}],"version-history":[{"count":0,"href":"https:\/\/www.europesays.com\/fr\/wp-json\/wp\/v2\/posts\/37678\/revisions"}],"wp:featuredmedia":[{"embeddable":true,"href":"https:\/\/www.europesays.com\/fr\/wp-json\/wp\/v2\/media\/37679"}],"wp:attachment":[{"href":"https:\/\/www.europesays.com\/fr\/wp-json\/wp\/v2\/media?parent=37678"}],"wp:term":[{"taxonomy":"category","embeddable":true,"href":"https:\/\/www.europesays.com\/fr\/wp-json\/wp\/v2\/categories?post=37678"},{"taxonomy":"post_tag","embeddable":true,"href":"https:\/\/www.europesays.com\/fr\/wp-json\/wp\/v2\/tags?post=37678"}],"curies":[{"name":"wp","href":"https:\/\/api.w.org\/{rel}","templated":true}]}}