{"id":376783,"date":"2025-09-09T03:24:26","date_gmt":"2025-09-09T03:24:26","guid":{"rendered":"https:\/\/www.europesays.com\/fr\/376783\/"},"modified":"2025-09-09T03:24:26","modified_gmt":"2025-09-09T03:24:26","slug":"kate-middleton-court-circuite-le-prince-harry-elle-lui-coupe-lherbe-sous-le-pied-pour-son-retour-en-angleterre","status":"publish","type":"post","link":"https:\/\/www.europesays.com\/fr\/376783\/","title":{"rendered":"Kate Middleton court-circuite le prince Harry : elle lui coupe l\u2019herbe sous le pied pour son retour en Angleterre"},"content":{"rendered":"<p>Cela fait d\u00e9j\u00e0 plusieurs ann\u00e9es que la tension r\u00e8gne au sein de<br \/>\nla famille Windsor. En effet, depuis son mariage avec Meghan<br \/>\nMarkle, le prince Harry s\u2019est s\u00e9par\u00e9 du reste de sa famille,<br \/>\nphysiquement et symboliquement. En plus d\u2019\u00eatre partie vivre<br \/>\nOutre-Atlantique, il a aussi coup\u00e9 les ponts avec son fr\u00e8re et son<br \/>\np\u00e8re.<\/p>\n<p>Le 8 septembre 2025 \u00e9tait un jour particulier pour la famille<br \/>\nroyale et tristement symbolique. Il marque le troisi\u00e8me<br \/>\nanniversaire de la mort de la reine Elizabeth II. Alors que le<br \/>\nprince Harry \u00e9tait de retour sur le sol anglais, il a \u00e9t\u00e9 pris de<br \/>\ncourt par la princesse de Galles.<\/p>\n<p>Kate Middleton surprend par une visite inattendue.<\/p>\n<p>C\u2019est presque un \u00e9v\u00e8nement. <a class=\"qbe-widget\" href=\"https:\/\/www.closermag.fr\/non-classe\/harry-de-retour-en-angleterre-et-si-cetait-la-derniere-fois-sans-meghan-archie-et-lilibet-3576288\" target=\"_blank\" rel=\"noopener noreferrer\">Le p\u00e8re d\u2019Archie et<br \/>\nLilibet est de retour sur ses terres natales,<\/a> pour une dur\u00e9e de<br \/>\nquatre jours. La raison ? Il est parrain de la c\u00e9r\u00e9monie caritative<br \/>\ndes WellChild Awards et assiste chaque ann\u00e9e \u00e0 l\u2019\u00e9v\u00e8nement.<br \/>\nCependant, <a class=\"qbe-widget\" href=\"https:\/\/www.closermag.fr\/non-classe\/meghan-markle-bannie-de-balmoral-cette-remarque-cinglante-du-prince-harry-tient-en-huit-mots-3576457\" target=\"_blank\" rel=\"noopener noreferrer\">c\u2019est seul qu\u2019il est<br \/>\narriv\u00e9 \u00e0 l\u2019a\u00e9roport d\u2019Heathrow<\/a>. Il a alors profit\u00e9 de son<br \/>\npassage pour <a class=\"qbe-widget\" href=\"https:\/\/www.closermag.fr\/non-classe\/prince-harry-au-royaume-uni-il-se-recueille-sur-la-tombe-delizabeth-ii-juste-a-cote-de-kate-et-william-indifferents-3576470\" target=\"_blank\" rel=\"noopener noreferrer\">se rendre \u00e0 la chapelle<br \/>\nSaint-Georges<\/a>, ch\u00e2teau de Windsor, pour se recueillir sur la<br \/>\ntombe de sa grand-m\u00e8re et d\u00e9poser une couronne de fleurs.<\/p>\n<p>Au m\u00eame moment, le prince William et son \u00e9pouse Kate Middleton<br \/>\nne se trouvaient qu\u2019\u00e0 quelques kilom\u00e8tres de l\u00e0. En effet, ils se<br \/>\ntrouvaient \u00e0 Sunningdale, un village anglais non loin de Londres. \u00c0<br \/>\npriori, rien de tr\u00e8s \u00e9tonnant. Sauf que <strong>la m\u00e8re de George,<br \/>\nCharlotte et Louis a pris cette d\u00e9cision \u00e0 la derni\u00e8re<br \/>\nminute<\/strong> et ne devait initialement pas assister \u00e0 la<br \/>\nF\u00e9d\u00e9ration nationale des instituts f\u00e9minins (WI). Et comme on peut<br \/>\nle lire dans le <a class=\"qbe-widget\" href=\"https:\/\/www.mirror.co.uk\/news\/royals\/kate-middletons-act-defiance-cleverly-35868620\" target=\"_blank\" rel=\"noopener noreferrer\">Mirror<\/a>,<br \/>\nl\u2019experte en langage corporel Judi James a expliqu\u00e9 que cette<br \/>\napparition n\u2019\u00e9tait pas anodine et qu\u2019elle avait fait cela pour<br \/>\ntenter \u00ab <strong>d\u00a0\u00bb\u00e9viter d&rsquo;\u00eatre mise en \u00e9chec et mat par le<br \/>\nroyal voyou<\/strong> \u00bb.<\/p>\n<p>Kate Middleton \u00e9vite le prince<br \/>\nHarry<\/p>\n<p>Selon Judi James, Kate Middleton aurait quitt\u00e9 le palais \u00e0 la<br \/>\nderni\u00e8re minute, pour ne pas \u00eatre confront\u00e9e \u00e0 son beau-fr\u00e8re :<br \/>\n\u201cNous avons d\u00e9j\u00e0 vu Harry sur une sonnette ressemblant \u00e0 un fan<br \/>\nen visite impromptue, et <a class=\"qbe-widget\" href=\"https:\/\/www.closermag.fr\/non-classe\/kate-middleton-redevenue-brune-elle-rejoint-william-et-fait-une-apparition-surprise-pour-une-occasion-tres-speciale-3576441\" target=\"_blank\" rel=\"noopener noreferrer\">la sortie de William<br \/>\n\u00e0 Sunningdale<\/a> aurait pu laisser une (future) reine<br \/>\nseule et socialement vuln\u00e9rable si une demande de th\u00e9 l&rsquo;apr\u00e8s-midi<br \/>\navait \u00e9t\u00e9 faite.\u201d Elle poursuit en disant : \u201cIl y<br \/>\na une \u00e9norme diff\u00e9rence entre \u00eatre indisponible et donner<br \/>\nl&rsquo;impression d&rsquo;\u00e9viter activement quelqu&rsquo;un, et les mouvements des<br \/>\nmembres de la famille royale aujourd&rsquo;hui sugg\u00e8rent qu&rsquo;ils sont tr\u00e8s<br \/>\nconscients des dangers de \u00ab l&rsquo;effet Harry \u00bb sur leur propre image<br \/>\net leur popularit\u00e9.\u201d<\/p>\n<p>Ainsi, la princesse de Galles aurait volontairement \u00e9vit\u00e9 de se<br \/>\nretrouver au m\u00eame endroit que <a class=\"qbe-widget\" href=\"https:\/\/www.closermag.fr\/non-classe\/prince-harry-silence-assourdissant-de-buckingham-au-premier-jour-de-sa-pseudo-tournee-royale-au-royaume-uni-3576424\" target=\"_blank\" rel=\"noopener noreferrer\">le prince<br \/>\nHarry.\u00a0<\/a><\/p>\n","protected":false},"excerpt":{"rendered":"Cela fait d\u00e9j\u00e0 plusieurs ann\u00e9es que la tension r\u00e8gne au sein de la famille Windsor. En effet, depuis&hellip;\n","protected":false},"author":2,"featured_media":376784,"comment_status":"","ping_status":"","sticky":false,"template":"","format":"standard","meta":{"footnotes":""},"categories":[1359],"tags":[548,58,59,9048,1011,27,5858,973,267],"class_list":{"0":"post-376783","1":"post","2":"type-post","3":"status-publish","4":"format-standard","5":"has-post-thumbnail","7":"category-people","8":"tag-article-simple","9":"tag-divertissement","10":"tag-entertainment","11":"tag-famille-royale","12":"tag-fr","13":"tag-france","14":"tag-kate-middleton","15":"tag-people","16":"tag-prince-harry"},"share_on_mastodon":{"url":"https:\/\/pubeurope.com\/@fr\/115172203864513181","error":""},"_links":{"self":[{"href":"https:\/\/www.europesays.com\/fr\/wp-json\/wp\/v2\/posts\/376783","targetHints":{"allow":["GET"]}}],"collection":[{"href":"https:\/\/www.europesays.com\/fr\/wp-json\/wp\/v2\/posts"}],"about":[{"href":"https:\/\/www.europesays.com\/fr\/wp-json\/wp\/v2\/types\/post"}],"author":[{"embeddable":true,"href":"https:\/\/www.europesays.com\/fr\/wp-json\/wp\/v2\/users\/2"}],"replies":[{"embeddable":true,"href":"https:\/\/www.europesays.com\/fr\/wp-json\/wp\/v2\/comments?post=376783"}],"version-history":[{"count":0,"href":"https:\/\/www.europesays.com\/fr\/wp-json\/wp\/v2\/posts\/376783\/revisions"}],"wp:featuredmedia":[{"embeddable":true,"href":"https:\/\/www.europesays.com\/fr\/wp-json\/wp\/v2\/media\/376784"}],"wp:attachment":[{"href":"https:\/\/www.europesays.com\/fr\/wp-json\/wp\/v2\/media?parent=376783"}],"wp:term":[{"taxonomy":"category","embeddable":true,"href":"https:\/\/www.europesays.com\/fr\/wp-json\/wp\/v2\/categories?post=376783"},{"taxonomy":"post_tag","embeddable":true,"href":"https:\/\/www.europesays.com\/fr\/wp-json\/wp\/v2\/tags?post=376783"}],"curies":[{"name":"wp","href":"https:\/\/api.w.org\/{rel}","templated":true}]}}