{"id":376787,"date":"2025-09-09T03:26:34","date_gmt":"2025-09-09T03:26:34","guid":{"rendered":"https:\/\/www.europesays.com\/fr\/376787\/"},"modified":"2025-09-09T03:26:34","modified_gmt":"2025-09-09T03:26:34","slug":"voici-les-meilleurs-livres-de-la-rentree","status":"publish","type":"post","link":"https:\/\/www.europesays.com\/fr\/376787\/","title":{"rendered":"voici les meilleurs livres de la rentr\u00e9e"},"content":{"rendered":"<p>          BD et romans graphiques Flatland \u2013 Aventure fantastique \u00e0 plusieurs dimensions <\/p>\n<p>De Danicollat\u00e9rale, 160 pages (26,99\u20ac)<br \/>Publi\u00e9 le 10 septembre 2025 chez Delcourt<\/p>\n<p>Une exp\u00e9rience graphique et narrative comme on les aime. Dans Flatland, le math\u00e9maticien A. Square est un carr\u00e9 r\u00e9sidant dans un monde bidimensionnel. Apr\u00e8s avoir d\u00e9crit au lecteur son univers, Square visite Lineland (monde r\u00e9duit \u00e0 une seule ligne) et Pointland (avec un seul habitant, tr\u00e8s \u00e9gocentrique).\u00a0Dans ce roman graphique singulier, Danicollat\u00e9rale propose une immersion dans un univers surr\u00e9aliste, qui ravira les graphistes, mais pas que. Une exploration de la soci\u00e9t\u00e9 contemporaine \u00e0 travers le prisme d\u2019une narration visuelle inventive, qui se distingue par une approche visuelle originale et un humour discret.<\/p>\n<p> <img loading=\"lazy\" decoding=\"async\" class=\"size-full wp-image-50570058\" src=\"https:\/\/www.europesays.com\/fr\/wp-content\/uploads\/2025\/09\/selection-BD-4.jpg\" alt=\"Selection Bd (4)\" width=\"1920\" height=\"1280\"  \/>\u00a9 JDG <\/p>\n<p class=\"text-center not-prose\"><a class=\"comp-button\" href=\"https:\/\/shop.journaldugeek.com\/go\/31928\/\" target=\"_self\" rel=\"sponsored nofollow noopener\">Je d\u00e9couvre<\/a><\/p>\n<p> Les S\u0153urs Seasons #1 <\/p>\n<p>Par Rick Remender et Paul Azaceta, 120 pages (20,50\u20ac)<br \/>Publi\u00e9 le 12 septembre 2025 chez Urban Comics<\/p>\n<p>Dix ans apr\u00e8s la disparition myst\u00e9rieuse de leurs parents, les s\u0153urs Seasons ont r\u00e9ussi \u00e0 trouver un nouvel \u00e9quilibre\u00a0: Summer est mannequin \u00e0 succ\u00e8s, Autumn est exploratrice intr\u00e9pide, Winter artiste-peintre et Spring, la plus jeune, posti\u00e8re maladroite mais attachante. Leur quotidien bascule lorsque Spring re\u00e7oit une lettre inqui\u00e9tante de sa s\u0153ur Autumn, mettant en garde contre une f\u00eate foraine sinistre qui s\u2019installe en ville. D\u00e8s lors, c\u2019est une ambiance sombre et inqui\u00e9tante qui s\u2019installe\u00a0: cette f\u00eate foraine semble li\u00e9e \u00e0 une force mal\u00e9fique. Ce premier tome sign\u00e9 par Rick Remender (qu\u2019on avait ador\u00e9 sur Black Science) m\u00eale horreur, drame familial et fantastique avec une narration rythm\u00e9e et un dessin expressif, pour une saga captivante en devenir.<\/p>\n<p> <img loading=\"lazy\" decoding=\"async\" class=\"size-full wp-image-50570044\" src=\"https:\/\/www.europesays.com\/fr\/wp-content\/uploads\/2025\/09\/selection-BD.jpg\" alt=\"Selection Bd\" width=\"1920\" height=\"1280\"  \/>\u00a9 JDG <\/p>\n<p class=\"text-center not-prose\"><a class=\"comp-button\" href=\"https:\/\/shop.journaldugeek.com\/go\/31929\/\" target=\"_self\" rel=\"sponsored nofollow noopener\">Je d\u00e9couvre<\/a><\/p>\n<p> Jakob \u2013 Livre 1\/2\u00a0: La Communaut\u00e9 <\/p>\n<p>Par Mud et Zheping, 120 pages (19,95\u20ac)<br \/>Publi\u00e9 le 5 septembre 2025 aiux \u00e9ditions Ankama<\/p>\n<p>Bienvenue dans la petite ville fictive de Bridge Brook, Oklahoma, o\u00f9 la vie para\u00eet paisible en surface, mais cache de lourds secrets. Alors qu\u2019elle pense la vie monre et ennuyeuse, la jeune Harper voit en la communaut\u00e9 de Jakob un \u00e9chappatoire. Une immersion dans le r\u00e9alisme social, teint\u00e9 de drame et thriller, o\u00f9 les relations humaines et la survie sont au c\u0153ur de l\u2019intrigue. La narration est rythm\u00e9e et le dessin tr\u00e8s expressif de Zheping, confirmant le titre comme un incontournable pour les amateurs de BD r\u00e9alistes.<\/p>\n<p> <img loading=\"lazy\" decoding=\"async\" class=\"size-full wp-image-50570061\" src=\"https:\/\/www.europesays.com\/fr\/wp-content\/uploads\/2025\/09\/selection-BD-1.jpg\" alt=\"Selection Bd (1)\" width=\"1920\" height=\"1280\"  \/>\u00a9 JDG <\/p>\n<p class=\"text-center not-prose\"><a class=\"comp-button\" href=\"https:\/\/shop.journaldugeek.com\/go\/31930\/\" target=\"_self\" rel=\"sponsored nofollow noopener\">Je d\u00e9couvre<\/a><\/p>\n<p> Les Tortues Ninja #1 \u2013 Retour \u00e0 New York <\/p>\n<p>Par Jason Aaron et Cliff Chiang, 176 pages (19,95\u20ac)<br \/>Publi\u00e9 le 27 ao\u00fbt 2025 aux \u00e9ditions Urban Comics<\/p>\n<p>Dans ce renouveau de la saga culte, les Tortues Ninja affrontent la perte de leur p\u00e8re adoptif Splinter. Apr\u00e8s avoir quitt\u00e9 leur ville natale, chaque tortue fait son deuil \u00e0 sa mani\u00e8re\u00a0: Rapha\u00ebl est en prison, Donatello se livre \u00e0 des combats clandestins, Leonardo parcours le monde \u00e0 la recherche de sa paix int\u00e9rieure, et Michelangelo est devenu la star de sa propre s\u00e9rie t\u00e9l\u00e9 au Japon. Lorsque le destin les r\u00e9unit \u00e0 nouveau, ils ont le choix. Reformer la fratrie dysfonctionnelle qui a vol\u00e9 en \u00e9clat quelques ann\u00e9es plus t\u00f4t, ou poursuivre leur route chacun de leur c\u00f4t\u00e9. Un r\u00e9cit plus sombre et mature, qui plairont aux fans de TMNT, mais aussi aux novices. Ce premier tome de la s\u00e9rie publi\u00e9e par Hi Comics \u00e0 la rentr\u00e9e constitue le point d\u2019entr\u00e9e id\u00e9al dans la franchise.<\/p>\n<p> <img loading=\"lazy\" decoding=\"async\" class=\"size-full wp-image-50570049\" src=\"https:\/\/www.europesays.com\/fr\/wp-content\/uploads\/2025\/09\/selection-BD-13.jpg\" alt=\"Selection Bd (13)\" width=\"1920\" height=\"1280\"  \/>\u00a9 JDG <\/p>\n<p class=\"text-center not-prose\"><a class=\"comp-button\" href=\"https:\/\/shop.journaldugeek.com\/go\/31931\/\" target=\"_self\" rel=\"sponsored nofollow noopener\">Je d\u00e9couvre<\/a><\/p>\n<p> Polygone <\/p>\n<p>Par Antoine P\u00e9dron \u2013 184 pages (21,50\u20ac)<br \/>Publi\u00e9 le 12 septembre 2025 aux \u00e9ditions Dargaud (Combo)<\/p>\n<p>Un r\u00e9cit de science-fiction intimiste, qui aborde l\u2019\u00e9co-anxi\u00e9t\u00e9 dans un univers technique inspir\u00e9 des croquis de robots et machines \u00e0 la Miyazaki. Polygone est un coup de c\u0153ur de la rentr\u00e9e, une bande dessin\u00e9e \u00e0 la fois esth\u00e9tique et introspective, qui m\u00eale technique et r\u00e9flexion personnelle, en explorant la place de l\u2019humain face aux enjeux environnementaux. C\u2019est beau, doux et color\u00e9, teint\u00e9 d\u2019espoir autant que de fatalisme. Si vous avez aim\u00e9 Le Robot sauvage, foncez.<\/p>\n<p> <img loading=\"lazy\" decoding=\"async\" class=\"size-full wp-image-50570059\" src=\"https:\/\/www.europesays.com\/fr\/wp-content\/uploads\/2025\/09\/selection-BD-3.jpg\" alt=\"Selection Bd (3)\" width=\"1920\" height=\"1280\"  \/>\u00a9 JDG <\/p>\n<p class=\"text-center not-prose\"><a class=\"comp-button\" href=\"https:\/\/shop.journaldugeek.com\/go\/31932\/\" target=\"_self\" rel=\"sponsored nofollow noopener\">Je d\u00e9couvre<\/a><\/p>\n<p> La Valse des montagnes <\/p>\n<p>Par Anna Aparicio Catala, 112 pages (22,90\u20ac)<br \/>Publi\u00e9 le 20 ao\u00fbt 2025 chez Aventuriers d\u2019Ailleurs<\/p>\n<p>Amandine, virtuose de l\u2019accord\u00e9on, ressent un grand vide malgr\u00e9 ses tourn\u00e9es et son succ\u00e8s. Invit\u00e9e \u00e0 jouer dans un petit village des Pyr\u00e9n\u00e9es, elle d\u00e9couvre un univers myst\u00e9rieux o\u00f9 elle doit jouer \u201cLa valse des montagnes\u201c. Ce conte fantastique qui m\u00eale musique, m\u00e9lancolie et rencontres magiques, se distingue de cette rentr\u00e9e par son atmosph\u00e8re feutr\u00e9e qui invite \u00e0 l\u2019introspection et au d\u00e9passement de soi. Une lecture sensible et po\u00e9tique \u00e0 d\u00e9couvrir absolument.<\/p>\n<p> <img loading=\"lazy\" decoding=\"async\" class=\"size-full wp-image-50570048\" src=\"https:\/\/www.europesays.com\/fr\/wp-content\/uploads\/2025\/09\/selection-BD-14.jpg\" alt=\"Selection Bd (14)\" width=\"1920\" height=\"1280\"  \/>\u00a9 JDG <\/p>\n<p class=\"text-center not-prose\"><a class=\"comp-button\" href=\"https:\/\/shop.journaldugeek.com\/go\/31933\/\" target=\"_self\" rel=\"sponsored nofollow noopener\">Je d\u00e9couvre<\/a><\/p>\n<p> Le Sorcier de Terremer <\/p>\n<p>Bas\u00e9 sur les romans d\u2019Ursula K. Le Guin, illustr\u00e9 par Fred Fordham \u2013 288 pages (22,90\u20ac)<br \/>Publi\u00e9 le 20 ao\u00fbt 2025 aux \u00e9ditions Le livre de Poche graphic<\/p>\n<p>Cette adaptation illustr\u00e9e du classique d\u2019Ursula K. Le Guin suit l\u2019apprentissage de Ged, jeune mage prometteur confront\u00e9 \u00e0 ses propres erreurs et \u00e0 une cr\u00e9ature d\u2019ombre qu\u2019il doit traquer. Si l\u2019\u0153uvre originale \u00e9tait d\u00e9j\u00e0 l\u2019une de nos pr\u00e9f\u00e9r\u00e9es dans la cat\u00e9gorie fantasy jeunesse, ce nouveau r\u00e9cit initiatique et intemporel brille gr\u00e2ce au trait profond de Fref Fordham. Une tr\u00e8s belle relecture, \u00e0 d\u00e9couvrir et \u00e0 partager.<\/p>\n<p> <img loading=\"lazy\" decoding=\"async\" class=\"size-full wp-image-50570066\" src=\"https:\/\/www.europesays.com\/fr\/wp-content\/uploads\/2025\/09\/selection-BD-19.jpg\" alt=\"Selection Bd (19)\" width=\"1920\" height=\"1280\"  \/>\u00a9 JDG <\/p>\n<p class=\"text-center not-prose\"><a class=\"comp-button\" href=\"https:\/\/shop.journaldugeek.com\/go\/31934\/\" target=\"_self\" rel=\"sponsored nofollow noopener\">Je d\u00e9couvre<\/a><\/p>\n<p> Drome <\/p>\n<p>Par Jesse Lonergan \u2013 336 pages (29,90\u20ac)<br \/>Publi\u00e9 le 18 septembre 2025 aux \u00e9ditions 404 Graphic<\/p>\n<p>C\u2019est toujours un plaisir de d\u00e9couvrir les parutions de 404 Graphic. Si le label m\u00e9nage ses sorties, c\u2019est pour mieux nous surprendre et nous impressionner, sur la forme comme sur le fond. Cette fois, on s\u2019immerge dans une fresque mythologique complexe, qui raconte l\u2019arriv\u00e9e d\u2019une demi-d\u00e9esse invoqu\u00e9e pour calmer les pulsions destructrices humaines et importer la paix. Dans un grand d\u00e9sert, une nouvelle civilisation na\u00eet, fragile, sous la menace de forces encore plus puissantes. Un r\u00e9cit \u00e9pique et immersif, combin\u00e9 \u00e0 un d\u00e9coupage remarquable, pour un public amateur de r\u00e9cits exigeants et m\u00e9connus, \u00e0 exposer ensuite fi\u00e8rement dans votre biblioth\u00e8que.<\/p>\n<p> <img loading=\"lazy\" decoding=\"async\" class=\"size-full wp-image-50570065\" src=\"https:\/\/www.europesays.com\/fr\/wp-content\/uploads\/2025\/09\/selection-BD-18.jpg\" alt=\"Selection Bd (18)\" width=\"1920\" height=\"1280\"  \/>\u00a9 JDG <\/p>\n<p class=\"text-center not-prose\"><a class=\"comp-button\" href=\"https:\/\/shop.journaldugeek.com\/go\/31935\/\" target=\"_self\" rel=\"sponsored nofollow noopener\">Je d\u00e9couvre<\/a><\/p>\n<p> Sid Cooper #1 <\/p>\n<p>Par Pendragon \u2013 224 pages (20\u20ac)<br \/>Publi\u00e9 le 3 septembre 2025 aux \u00e9ditions Gl\u00e9nat<\/p>\n<p>Apr\u00e8s la mort de sa m\u00e8re, le jeune (et d\u00e9prim\u00e9) Sid Cooper arrive dans une \u00e9trange \u00e9cole nich\u00e9e dans un vieux ch\u00e2teau. L\u00e0-bas, il d\u00e9couvre des ph\u00e9nom\u00e8nes myst\u00e9rieux et des ronces g\u00e9antes qui envahissent les lieux. Le r\u00e9cit m\u00eale plusieurs th\u00e9matiques fortes, du fantastique, en passant par le deuil et la reconstruction, autour d\u2019une galerie de personnages vari\u00e9e, et d\u2019un amour assum\u00e9 pour la musique, l\u2019amiti\u00e9 et le combat contre des forces inconnues. Une s\u00e9rie r\u00e9solument prometteuse \u00e0 d\u00e9couvrir chez Gl\u00e9nat.<\/p>\n<p> <img loading=\"lazy\" decoding=\"async\" class=\"size-full wp-image-50570060\" src=\"https:\/\/www.europesays.com\/fr\/wp-content\/uploads\/2025\/09\/selection-BD-2.jpg\" alt=\"Selection Bd (2)\" width=\"1920\" height=\"1280\"  \/>\u00a9 JDG <\/p>\n<p class=\"text-center not-prose\"><a class=\"comp-button\" href=\"https:\/\/shop.journaldugeek.com\/go\/31936\/\" target=\"_self\" rel=\"sponsored nofollow noopener\">Je d\u00e9couvre<\/a><\/p>\n<p> Dr Wertham \u2013 L\u2019homme qui \u00e9tudia les tueurs en s\u00e9rie (et faillit tuer la bande dessin\u00e9e) <\/p>\n<p>Par Harold Schechter et Eric Powell \u2013 208 pages (25,50\u20ac)<br \/>Publi\u00e9 le 3 septembre 2025 aux \u00e9ditions Delcourt<\/p>\n<p>Cet album dense et document\u00e9, retrace la vie complexe et passionnante de Fredrick Wertham, c\u00e9l\u00e8bre psychiatre connu pour sa lutte contre les comics aux \u00c9tats-Unis dans les ann\u00e9es 1950, qu\u2019il accusait de favoriser la violence chez les jeunes. L\u2019homme a toutefois plusieurs cordes \u00e0 son arc, puisqu\u2019en plus de vouloir sauver la jeunesse du neuvi\u00e8me art, il fut aussi un pionnier dans l\u2019\u00e9tude des tueurs en s\u00e9rie et un d\u00e9fenseur des communaut\u00e9s d\u00e9favoris\u00e9es. Un r\u00e9cit biographique puissant, qui m\u00eale texte et dessins r\u00e9alistes en noir et blanc, dans un regard approfondi sur ce personnage ambigu qui a marqu\u00e9 l\u2019histoire de la bande dessin\u00e9e aussi bien que celle de la psychiatrie, et l\u2019Am\u00e9rique du si\u00e8cle dernier. Une tr\u00e8s belle surprise, qui nous aura permis de nous coucher moins b\u00eate.<\/p>\n<p> <img loading=\"lazy\" decoding=\"async\" class=\"size-full wp-image-50570050\" src=\"https:\/\/www.europesays.com\/fr\/wp-content\/uploads\/2025\/09\/selection-BD-12.jpg\" alt=\"Selection Bd (12)\" width=\"1920\" height=\"1280\"  \/>\u00a9 JDG <\/p>\n<p class=\"text-center not-prose\"><a class=\"comp-button\" href=\"https:\/\/shop.journaldugeek.com\/go\/31937\/\" target=\"_self\" rel=\"sponsored nofollow noopener\">Je d\u00e9couvre<\/a><\/p>\n<p> IRL <\/p>\n<p>Par Mark Eacersall, Henri Scala et J\u00e9r\u00f4me Savoyen \u2013 208 pages (23\u20ac)<br \/>Publi\u00e9 le 27 ao\u00fbt 2025 aux \u00e9ditions Gl\u00e9nat<\/p>\n<p>Le quotidien de Roxane, \u00e9l\u00e8ve de terminale, ressemble \u00e0 celui des ados de son \u00e2ge. Ce que chacun ignore en revanche, c\u2019est que l\u2019adolescente est une habitu\u00e9e du dark web, o\u00f9 elle sert d\u2019interm\u00e9diaire anonyme dans la fabrication et la vente de faux papiers. Beaucoup par militantisme, un peu pour l\u2019argent\u2026 Un jour, pour un gros coup, elle accepte de rencontrer un de ses clients IRL. L\u2019existence tranquille de la lyc\u00e9enne va rapidement basculer, dans un thriller halettant, inspir\u00e9 d\u2019affaires bien r\u00e9elles.<\/p>\n<p> <img loading=\"lazy\" decoding=\"async\" class=\"size-full wp-image-50570051\" src=\"https:\/\/www.europesays.com\/fr\/wp-content\/uploads\/2025\/09\/selection-BD-11.jpg\" alt=\"Selection Bd (11)\" width=\"1920\" height=\"1280\"  \/>\u00a9 JDG <\/p>\n<p class=\"text-center not-prose\"><a class=\"comp-button\" href=\"https:\/\/shop.journaldugeek.com\/go\/31938\/\" target=\"_self\" rel=\"sponsored nofollow noopener\">Je d\u00e9couvre<\/a><\/p>\n<p> IVG, \u00e0 nos corps libres <\/p>\n<p>Par L\u00e9a Bordier et Marjorie Demarin \u2013 88 pages (17,95\u20ac)<br \/>Publi\u00e9 le 3 septembre 2025 aux \u00e9ditions Delcourt<\/p>\n<p>Une BD engag\u00e9e, qui aborde avec force et sensibilit\u00e9 l\u2019histoire et les combats autour du droit \u00e0 l\u2019avortement en France. \u00c0 travers un roman graphique fictionn\u00e9, nourri de r\u00e9cits r\u00e9els, l\u2019ouvrage retrace les parcours intimes de huit femmes ayant avort\u00e9 \u00e0 diff\u00e9rentes \u00e9poques et dans divers contextes sociaux et culturels. L\u00e9a Bordier \u2013 qui avait d\u00e9j\u00e0 sign\u00e9 le documentaire IVG, le droit d\u2019en parler \u2013 et ses cons\u0153urs livrent ici un travail essentiel pour briser le tabou, lib\u00e9rer la parole et souligner la solidarit\u00e9 f\u00e9minine.<\/p>\n<p> <img loading=\"lazy\" decoding=\"async\" class=\"size-full wp-image-50570047\" src=\"https:\/\/www.europesays.com\/fr\/wp-content\/uploads\/2025\/09\/selection-BD-15.jpg\" alt=\"Selection Bd (15)\" width=\"1920\" height=\"1280\"  \/>\u00a9 JDG <\/p>\n<p class=\"text-center not-prose\"><a class=\"comp-button\" href=\"https:\/\/shop.journaldugeek.com\/go\/31939\/\" target=\"_self\" rel=\"sponsored nofollow noopener\">Je d\u00e9couvre<\/a><\/p>\n<p> On a aussi aim\u00e9 : <\/p>\n<ul class=\"tldr\">\n<li><strong>Avatar\u00a0: au c\u0153ur des ombres<\/strong> \u2013 En attendant la sortie en salle du prochain opus, d\u00e9couvrez la suite directe du premier film dans ce roman graphique sign\u00e9 par Jeremy Barlow et Josh Hood. Librement inspir\u00e9 de l\u2019univers de James Cameron, cette nouvelle escale \u00e0 Pandora est l\u2019occasion de d\u00e9couvrir une nouvelle facette des personnages, alors que Jack questionne son nouveau r\u00f4le dans le clan Na\u2019vi.<\/li>\n<li><strong>Alva Odyss\u00e9e<\/strong> \u2013 Aksel Studsgath nous plonge dans un univers onirique et po\u00e9tique o\u00f9 les fronti\u00e8res entre r\u00eave et r\u00e9alit\u00e9 s\u2019estompent chez Gl\u00e9nat. Apr\u00e8s Alva dans la nuit, ce nouveau voyage visuel et \u00e9motionnel ouvre une odyss\u00e9e inoubliable, dans une bande dessin\u00e9e captivante qui suit la fuite d\u2019Alva et Mini apr\u00e8s leur d\u00e9part de Scandinavie.<\/li>\n<li><strong>Eilin du fond de l\u2019eau<\/strong> : Maria Surducan et Anna Julia Bencz\u00e9di nous embarquent dans un conte onirique inspir\u00e9 du folklore d\u2019Europe de l\u2019Est, aux \u00e9ditions Aventuriers d\u2019Ailleurs. Tiraill\u00e9e entre l\u2019amour de son p\u00e8re inventeur et la magie protectrice de la nature, Eilin d\u00e9fend un h\u00e9ritage ancestral fragile. Une jolie fable \u00e9cologique, qui m\u00eale amour et h\u00e9ritage.<\/li>\n<li><strong>La Passeuse de mots, le roman graphique<\/strong> : Publi\u00e9 chez Hachette Romans, ce roman graphique de Lysandre Saelo donne vie \u00e0 Arya, une jeune fille investie d\u2019un pouvoir ancien sur les mots et leur magie. Une qu\u00eate d\u2019espoir et de courage traverse ce r\u00e9cit o\u00f9 naissent les liens les plus pr\u00e9cieux.<\/li>\n<li><strong>Sans Voix \u2013<\/strong>\u00a0Chez Gl\u00e9nat, Alessandro Atzei, Manuele Morlacco et Lidia Bolognini offrent une fable fantastique o\u00f9 le silence devient une arme et la parole, une r\u00e9bellion. Sur l\u2019\u00eele de Mokmok, un gar\u00e7on mi-humain mi-panda roux lutte pour briser le silence impos\u00e9 par le pouvoir en place.<\/li>\n<li><strong>Jekyll &amp; Hyde, le docteur et l\u2019assassin<\/strong> \u2013 Marco Cannavo et Corrado Roi plongent au c\u0153ur du mythe avec une narration puissante et un graphisme sombre, pour un thriller \u00e0 couteaux tir\u00e9s, o\u00f9 science et t\u00e9n\u00e8bres s\u2019entrem\u00ealent.<\/li>\n<li><strong>Le coeur en braille, trois ans avant<\/strong> \u2013 Avant le succ\u00e8s du roman graphique original, Dargaud pr\u00e9sente ce pr\u00e9quel sign\u00e9 Pascal Ruter et et Joris Chamblain, qui explore l\u2019adolescence fragile et l\u2019\u00e9veil aux sentiments adolescents.<\/li>\n<\/ul>\n<p> Mangas Promenons-nous dans l\u2019espace #1 <\/p>\n<p>Par Inuhiko Doronoda, 212 pages (7,90\u20ac)<br \/>Publi\u00e9 le 17 septembre 2025 aux \u00e9ditions Gl\u00e9nat<\/p>\n<p>Ce seinen poignant raconte l\u2019histoire de Yamato Kobayashi, un lyc\u00e9en en difficult\u00e9 scolaire qui se donne des airs de mauvais gar\u00e7on et encha\u00eene les petits boulots en dehors des cours. Sa vie bascule avec l\u2019arriv\u00e9e de Keisuke Uno, atypique et anxieux, qui peine \u00e0 g\u00e9rer les situations du quotidien mais s\u2019accroche \u00e0 des astuces pour avancer. La s\u00e9rie explore avec une grande douceur et sensibilit\u00e9 les th\u00e8mes de la diff\u00e9rence, de l\u2019acceptation de soi et des interactions sociales, dans une narration tendre, dr\u00f4le et tr\u00e8s touchante. Premier tome d\u2019une \u0153uvre qui a re\u00e7u plusieurs prix au Japon, c\u2019est une lecture forte et pleine d\u2019humanit\u00e9, parfaite pour un public adolescent et adulte qui vient de para\u00eetre chez Gl\u00e9nat.<\/p>\n<p> <img loading=\"lazy\" decoding=\"async\" class=\"size-full wp-image-50570056\" src=\"https:\/\/www.europesays.com\/fr\/wp-content\/uploads\/2025\/09\/selection-BD-6.jpg\" alt=\"Selection Bd (6)\" width=\"1920\" height=\"1280\"  \/>\u00a9 JDG <\/p>\n<p class=\"text-center not-prose\"><a class=\"comp-button\" href=\"https:\/\/shop.journaldugeek.com\/go\/31940\/\" target=\"_self\" rel=\"sponsored nofollow noopener\">Je d\u00e9couvre<\/a><\/p>\n<p> Centuria #1 <\/p>\n<p>Par Tohru Kuramori, 192 pages (7,95\u20ac)<br \/>Publi\u00e9 le 26 juin 2025 aux \u00e9ditions Kurokawa<\/p>\n<p>C\u2019est avec un peu de retard que l\u2019on d\u00e9couvre le premier tome de Centuria, mais quelle s\u00e9rie\u00a0! Ce r\u00e9cit de dark fantasy suit Julian, un jeune gar\u00e7on cherchant la libert\u00e9 qui embarque clandestinement sur un navire d\u2019esclaves. Rapidement, il se lie d\u2019amiti\u00e9 avec cent esclaves \u00e0 bord, notamment Mira, une femme enceinte. Alors que le danger guette dans une zone maritime r\u00e9put\u00e9e maudite, une force surnaturelle va s\u2019interposer pour prot\u00e9ger Julian, lui conf\u00e9rant la puissance des esclaves sacrifi\u00e9s. Avec un style graphique moderne, une narration rythm\u00e9e et un univers \u00e0 la fois sombre et captivant, ce titre propose une ambiance intense et des th\u00e8mes profonds. Parfait pour les amateurs de fantasy mature.<\/p>\n<p> <img loading=\"lazy\" decoding=\"async\" class=\"size-full wp-image-50570052\" src=\"https:\/\/www.europesays.com\/fr\/wp-content\/uploads\/2025\/09\/selection-BD-10.jpg\" alt=\"Selection Bd (10)\" width=\"1920\" height=\"1280\"  \/>\u00a9 JDG <\/p>\n<p class=\"text-center not-prose\"><a class=\"comp-button\" href=\"https:\/\/shop.journaldugeek.com\/go\/31941\/\" target=\"_self\" rel=\"sponsored nofollow noopener\">Je d\u00e9couvre<\/a><\/p>\n<p> On a aussi aim\u00e9 : <\/p>\n<ul class=\"tldr\">\n<li><strong>H\u00e9ritage<\/strong><strong> #1<\/strong> \u2013 Un shonen bien de chez nous, sur l\u2019\u0153nologie et la transmission d\u2019une passion. Dans ce premier tome sign\u00e9 Tadashi Agi et Shu Okimoto, chaque vendange devient une qu\u00eate d\u2019\u00e2me et d\u2019excellence. \u00c0 retrouver chez Gl\u00e9nat.<\/li>\n<\/ul>\n<p> Romans Le dernier r\u00eave <\/p>\n<p>Par Pedro Almod\u00f3var \u2013 256 pages (8,40\u20ac)<br \/>Publi\u00e9 le 27 ao\u00fbt 2025 aux \u00e9ditions J\u2019ai Lu<\/p>\n<p>Dans ce recueil de r\u00e9cits m\u00ealant fictions et autofiction, Pedro Almod\u00f3var livre une d\u2019autobiographie morcel\u00e9e, combinant souvenirs, r\u00e9flexions et r\u00e9cits entrelac\u00e9s. Les douze textes \u00e9crits entre la fin des ann\u00e9es 1960 et aujourd\u2019hui offrent une plong\u00e9e po\u00e9tique et dr\u00f4le dans l\u2019univers du cin\u00e9aste, explorant l\u2019amour, les muses, mais aussi son rapport au temps, \u00e0 la religion, au genre et \u00e0 la violence. Un ouvrage personnel et universel qui devrait ravir les cin\u00e9philes, en qu\u00eate d\u2019une lecture passionnante et inattendue.<\/p>\n<p> <img loading=\"lazy\" decoding=\"async\" class=\"size-full wp-image-50570054\" src=\"https:\/\/www.europesays.com\/fr\/wp-content\/uploads\/2025\/09\/selection-BD-8.jpg\" alt=\"Selection Bd (8)\" width=\"1920\" height=\"1280\"  \/>\u00a9 JDG <\/p>\n<p class=\"text-center not-prose\"><a class=\"comp-button\" href=\"https:\/\/shop.journaldugeek.com\/go\/31925\/\" target=\"_self\" rel=\"sponsored nofollow noopener\">Je d\u00e9couvre<\/a><\/p>\n<p> Un roman \u00e0 succ\u00e8s sur papier recycl\u00e9 <\/p>\n<p>Par Simon Drouard et Vianney Louvet \u2013 192 pages (7\u20ac)<br \/>Publi\u00e9 le 27 ao\u00fbt 2025 aux \u00e9ditions J\u2019ai Lu<\/p>\n<p>Vous aimez l\u2019humour absurde\u00a0? Nous aussi. Ce roman en est un condens\u00e9, une parodie du monde de l\u2019\u00e9dition qui m\u00eale un humour \u00e0 la Monty Python aux r\u00e9f\u00e9rences litt\u00e9raires qui feront pouffer les bibliophiles passionn\u00e9s. L\u2019histoire pourrait simplement raconter un homme pr\u00eat \u00e0 rencontrer la femme de sa vie, mais ce livre propose bien plus\u00a0: un univers surr\u00e9aliste et d\u00e9cal\u00e9 qui joue avec tous les codes du roman \u00e0 succ\u00e8s. L\u2019effet est souvent dr\u00f4le, comme un ovni litt\u00e9raire qui fait r\u00e9fl\u00e9chir autant qu\u2019il fait rire. Une exp\u00e9rience narrative, et un cadeau id\u00e9al pour les amateurs d\u2019humour litt\u00e9raire original.<\/p>\n<p> <img loading=\"lazy\" decoding=\"async\" class=\"size-full wp-image-50570055\" src=\"https:\/\/www.europesays.com\/fr\/wp-content\/uploads\/2025\/09\/selection-BD-7.jpg\" alt=\"Selection Bd (7)\" width=\"1920\" height=\"1280\"  \/>\u00a9 JDG <\/p>\n<p class=\"text-center not-prose\"><a class=\"comp-button\" href=\"https:\/\/shop.journaldugeek.com\/go\/31926\/\" target=\"_self\" rel=\"sponsored nofollow noopener\">Je d\u00e9couvre<\/a><\/p>\n<p> On a aussi aim\u00e9 : <\/p>\n<ul class=\"tldr\">\n<li><strong>Fabricant de larmes<\/strong> \u2013 Apr\u00e8s le succ\u00e8s de son adaptation Netflix, le roman Young Adult d\u2019Erin Doom s\u2019offre une publication aux \u00e9ditions Livres de Poche. Une dark romance explicite et fantasy, \u00e0 partir de 15 ans.<\/li>\n<li><strong>Darkly <\/strong>\u2013 Un escape game grandeur nature, sur une \u00eele abandonn\u00e9e. Entre jeu macabre, \u00e9nigmes labyrinthiques et machination psychologique, le roman de Marisha Pessl publi\u00e9 chez El\u00e9gy ne nous a pas l\u00e2ch\u00e9 avant sa derni\u00e8re page.<\/li>\n<li><strong>Talisman <\/strong>\u2013 Un voyage initiatique sign\u00e9 Stephen King, o\u00f9 un enfant doit franchir les fronti\u00e8res invisibles entre les mondes pour sauver sa m\u00e8re. Chaque pas sur la route devient une \u00e9preuve, chaque d\u00e9tour ouvre une faille vers le merveilleux et l\u2019effroi. C\u2019est sombre et captivant, quoiqu\u2019un peu long par moment.<\/li>\n<li><strong>Ambessa, choisie par le Loup<\/strong> \u2013 Un roman de destin\u00e9e tragique et de vengeance, qui donne vie pour la premi\u00e8re fois \u00e0 l\u2019univers d\u2019Arcane et de League of Legend au format roman. L\u2019histoire \u00e9crite par C. L. Clarck est publi\u00e9e aux \u00e9ditions Mana Books, et s\u2019impose d\u00e9j\u00e0 comme un indispensable pour les fans.<\/li>\n<li><strong>Tenir une auberge magique\u00a0: guide de survie pour sorci\u00e8res<\/strong> \u2013 En plus d\u2019\u00eatre tr\u00e8s beau, ce roman sign\u00e9 Sangu Mandanna est aussi une (pas si) petite p\u00e9pite narrative. Un refuge hors du temps o\u00f9 les voyageurs d\u00e9posent leur fatigue, leurs secrets\u2026 et parfois leurs destins. Si vous avez aim\u00e9 Tant que le caf\u00e9 est encore chaud de Toshikazu Kawaguchi, cette nouvelle aventure devrait vous accompagner tout l\u2019automne.<\/li>\n<\/ul>\n<p> Jeunesse Merveilleux caca <\/p>\n<p>Par Mathis, 20 pages (14,95\u20ac)<br \/>Publi\u00e9 le 10 septembre 2025 aux \u00e9ditions La Doux<br \/>D\u00e8s la naissance<\/p>\n<p>Entre livre d\u2019\u00e9veil cartonn\u00e9 et documentaire, Mathis propose un grand \u201ccaca-talogue\u201d dr\u00f4le et instructif qui r\u00e9pond \u00e0 la fascination des enfants (et de leurs parents) pour le caca. Le livre m\u00eale <strong>informations s\u00e9rieuses et humour scato<\/strong> bon enfant, parfait pour faire rire petits et grands tout en apprenant sur la digestion, les fonctions des organes ou encore les cacas des animaux. Un livre original qui d\u00e9dramatise et banalise avec l\u00e9g\u00e8ret\u00e9 un sujet souvent tabou. On aime non seulement son humour, qui aura fait pouffer toute la r\u00e9daction sans exception, mais aussi son <strong>graphisme simple, coupl\u00e9 \u00e0 une approche ludique<\/strong> et plus intelligente qu\u2019elle n\u2019y para\u00eet.<\/p>\n<p> <img loading=\"lazy\" decoding=\"async\" class=\"size-full wp-image-50570045\" src=\"https:\/\/www.europesays.com\/fr\/wp-content\/uploads\/2025\/09\/selection-BD-17.jpg\" alt=\"Selection Bd (17)\" width=\"1920\" height=\"1280\"  \/>\u00a9 JDG <\/p>\n<p class=\"text-center not-prose\"><a class=\"comp-button\" href=\"https:\/\/shop.journaldugeek.com\/go\/31921\/\" target=\"_self\" rel=\"sponsored nofollow noopener\">Je d\u00e9couvre<\/a><\/p>\n<p> Le sandwich aux grenouilles <\/p>\n<p>Par Danielle Chaperon et \u00c9lodie Duhameau, 32 pages (15\u20ac)<br \/>Publi\u00e9 le 4 septembre 2025 aux \u00e9ditions Les 400 coups<br \/>D\u00e8s 3 ans\u00a0<\/p>\n<p>La frustration, c\u2019est compliqu\u00e9. Surtout quand on s\u2019appelle Jean-Pierre, et qu\u2019on a une folle envie de sandwich aux grenouilles. Surtout quand la sandwicherie de Monsieur Porc-\u00e9pic a vendu le dernier exemplaire. Cette histoire simple et pleine de charme est un concentr\u00e9 d\u2019humour et de petits tracas du quotidien, mettant en sc\u00e8ne une envie absurde, mais surtout la gestion des \u00e9motions qui en d\u00e9coulent. Son ton l\u00e9ger et sa narration fluide, coupl\u00e9e \u00e0 des illustrations franchement adorables sign\u00e9es \u00c9lodie Duhameau, font de ce livre une lecture plaisante pour les enfants, id\u00e9ale pour aborder les impr\u00e9vus de la vie avec douceur.<\/p>\n<p> <img loading=\"lazy\" decoding=\"async\" class=\"size-full wp-image-50570046\" src=\"https:\/\/www.europesays.com\/fr\/wp-content\/uploads\/2025\/09\/selection-BD-16.jpg\" alt=\"Selection Bd (16)\" width=\"1920\" height=\"1280\"  \/>\u00a9 JDG <\/p>\n<p class=\"text-center not-prose\"><a class=\"comp-button\" href=\"https:\/\/shop.journaldugeek.com\/go\/31922\/\" target=\"_self\" rel=\"sponsored nofollow noopener\">Je d\u00e9couvre<\/a><\/p>\n<p> Les Aventures de Sven le Terrible \u2013 Pas de naufrage pour les pirates\u00a0! <\/p>\n<p>Par Rh\u00e9a Dufresne et Orbie \u2013 48 pages (16\u20ac)<br \/>Publi\u00e9 le 20 ao\u00fbt 2025 aux \u00e9ditions Les 400 coups<br \/>D\u00e8s 5 ans<\/p>\n<p>Sven le terrible est de retour dans un quatri\u00e8me tome\u00a0! Apr\u00e8s avoir \u00e9cum\u00e9 les mers, la bande de pirates vogue \u00e0 bord de La M\u00e9duse. Cette fois, l\u2019\u00e9quipage est confront\u00e9 \u00e0 une nouvelle s\u00e9rie d\u2019aventures pleines de rebondissements et d\u2019humour o\u00f9 l\u2019esprit de camaraderie, les d\u00e9fis en mer et les rivalit\u00e9s seront mise \u00e0 l\u2019\u00e9preuve, dans un univers color\u00e9 qui nous a imm\u00e9diatement tap\u00e9 dans l\u2019\u0153il. Malgr\u00e9 les dangers, les pirates parviennent \u00e0 \u00e9viter le naufrage gr\u00e2ce \u00e0 leur esprit d\u2019\u00e9quipe et \u00e0 leur t\u00e9nacit\u00e9. <strong>Parfait pour les jeunes lecteurs et lectrices, \u00e0 partir de 5 ans<\/strong>, ce nouveau tome est la porte d\u2019entr\u00e9e id\u00e9ale vers les r\u00e9cits d\u2019aventures, \u00e0 mi-chemin entre la BD et l\u2019histoire illustr\u00e9e.<\/p>\n<p> <img loading=\"lazy\" decoding=\"async\" class=\"size-full wp-image-50570053\" src=\"https:\/\/www.europesays.com\/fr\/wp-content\/uploads\/2025\/09\/selection-BD-9.jpg\" alt=\"Selection Bd (9)\" width=\"1920\" height=\"1280\"  \/>\u00a9 JDG <\/p>\n<p class=\"text-center not-prose\"><a class=\"comp-button\" href=\"https:\/\/shop.journaldugeek.com\/go\/31923\/\" target=\"_self\" rel=\"sponsored nofollow noopener\">Je d\u00e9couvre<\/a><\/p>\n<p> Les secrets du cerveau <\/p>\n<p>Par Helena Harastova et Dita Vopradova \u2013 48 pages (17,90\u20ac)<br \/>Publi\u00e9 le 21 ao\u00fbt 2025 aux \u00e9ditions Albatros<br \/>D\u00e8s 6 ans<\/p>\n<p>Pourquoi le cerveau retient-il facilement certaines informations et en oublie-t-il d\u2019autres\u00a0? Pourquoi ne se souvient-on pas \u00eatre un b\u00e9b\u00e9, alors que les personnes \u00e2g\u00e9es ont des souvenirs pr\u00e9cis d\u2019exp\u00e9riences qui remontent \u00e0 quatre-vingts ans\u00a0? Pourquoi les enfants ont-ils souvent une imagination d\u00e9bordante, tandis que les adultes ont tendance \u00e0 en manquer\u00a0? Avec humour et p\u00e9dagogie, Helena Harastova nous plonge dans l\u2019univers fascinant des m\u00e9canismes c\u00e9r\u00e9braux. <strong>Un vrai coup de c\u0153ur de la rentr\u00e9e<\/strong>, qui explique le fonctionnement du cerveau, de la m\u00e9moire, de l\u2019imagination et des \u00e9motions avec p\u00e9dagogie et clart\u00e9. Promis, vous apprendrez aussi des choses en tant qu\u2019adulte.<\/p>\n<p>En plus de saluer la vari\u00e9t\u00e9 des th\u00e9matiques abord\u00e9es, qui passent de la chimie c\u00e9r\u00e9brale \u00e0 la sant\u00e9 mentale, en passant par les \u00e9motions, Les secrets du cerveau s\u2019impose comme un tr\u00e8s beau livre, illustr\u00e9 avec brio par Dita Vopradova. Un excellent livre documentaire pour sensibiliser les jeunes lecteurs \u00e0 ce fascinant organe qui gouverne nos pens\u00e9es et nos comportements.<\/p>\n<p> <img loading=\"lazy\" decoding=\"async\" class=\"size-full wp-image-50570057\" src=\"https:\/\/www.europesays.com\/fr\/wp-content\/uploads\/2025\/09\/selection-BD-5.jpg\" alt=\"Selection Bd (5)\" width=\"1920\" height=\"1280\"  \/>\u00a9 JDG <\/p>\n<p class=\"text-center not-prose\"><a class=\"comp-button\" href=\"https:\/\/shop.journaldugeek.com\/go\/31924\/\" target=\"_self\" rel=\"sponsored nofollow noopener\">Je d\u00e9couvre<\/a><\/p>\n<blockquote>\n<p class=\"text-base text-neutral-700 dark:text-neutral-300\">\ud83d\udfe3 Pour ne manquer aucune news sur le Journal du Geek, abonnez-vous sur <a href=\"https:\/\/news.google.com\/publications\/CAAqBwgKMNr_hAswwYyCAw?hl=fr&amp;gl=FR&amp;ceid=FR%3Afr\" target=\"_blank\" rel=\"nofollow noopener\">Google Actualit\u00e9s<\/a> et sur <a href=\"https:\/\/whatsapp.com\/channel\/0029VaClM5y4tRry12tb7D2h\" target=\"_blank\" rel=\"nofollow noopener\">notre WhatsApp<\/a>. Et si vous nous adorez, on a <a href=\"https:\/\/www.journaldugeek.com\/newsletter\/\" target=\"_blank\" rel=\"nofollow noopener\">une newsletter tous les matins<\/a>.<\/p>\n<\/blockquote>\n","protected":false},"excerpt":{"rendered":"BD et romans graphiques Flatland \u2013 Aventure fantastique \u00e0 plusieurs dimensions De Danicollat\u00e9rale, 160 pages (26,99\u20ac)Publi\u00e9 le 10&hellip;\n","protected":false},"author":2,"featured_media":376788,"comment_status":"","ping_status":"","sticky":false,"template":"","format":"standard","meta":{"footnotes":""},"categories":[1357],"tags":[9993,1379,58,59,1011,27,1380],"class_list":{"0":"post-376787","1":"post","2":"type-post","3":"status-publish","4":"format-standard","5":"has-post-thumbnail","7":"category-livres","8":"tag-bd","9":"tag-books","10":"tag-divertissement","11":"tag-entertainment","12":"tag-fr","13":"tag-france","14":"tag-livres"},"share_on_mastodon":{"url":"https:\/\/pubeurope.com\/@fr\/115172212201848825","error":""},"_links":{"self":[{"href":"https:\/\/www.europesays.com\/fr\/wp-json\/wp\/v2\/posts\/376787","targetHints":{"allow":["GET"]}}],"collection":[{"href":"https:\/\/www.europesays.com\/fr\/wp-json\/wp\/v2\/posts"}],"about":[{"href":"https:\/\/www.europesays.com\/fr\/wp-json\/wp\/v2\/types\/post"}],"author":[{"embeddable":true,"href":"https:\/\/www.europesays.com\/fr\/wp-json\/wp\/v2\/users\/2"}],"replies":[{"embeddable":true,"href":"https:\/\/www.europesays.com\/fr\/wp-json\/wp\/v2\/comments?post=376787"}],"version-history":[{"count":0,"href":"https:\/\/www.europesays.com\/fr\/wp-json\/wp\/v2\/posts\/376787\/revisions"}],"wp:featuredmedia":[{"embeddable":true,"href":"https:\/\/www.europesays.com\/fr\/wp-json\/wp\/v2\/media\/376788"}],"wp:attachment":[{"href":"https:\/\/www.europesays.com\/fr\/wp-json\/wp\/v2\/media?parent=376787"}],"wp:term":[{"taxonomy":"category","embeddable":true,"href":"https:\/\/www.europesays.com\/fr\/wp-json\/wp\/v2\/categories?post=376787"},{"taxonomy":"post_tag","embeddable":true,"href":"https:\/\/www.europesays.com\/fr\/wp-json\/wp\/v2\/tags?post=376787"}],"curies":[{"name":"wp","href":"https:\/\/api.w.org\/{rel}","templated":true}]}}