{"id":376793,"date":"2025-09-09T03:30:10","date_gmt":"2025-09-09T03:30:10","guid":{"rendered":"https:\/\/www.europesays.com\/fr\/376793\/"},"modified":"2025-09-09T03:30:10","modified_gmt":"2025-09-09T03:30:10","slug":"les-premiers-avis-sur-le-film-catastrophe-avec-matthew-mcconaughey-sont-tombes","status":"publish","type":"post","link":"https:\/\/www.europesays.com\/fr\/376793\/","title":{"rendered":"les premiers avis sur le film catastrophe avec Matthew McConaughey sont tomb\u00e9s"},"content":{"rendered":"<p><strong>Le nouveau film de <a href=\"https:\/\/www.ecranlarge.com\/personnalite\/654121-paul-greengrass\" data-type=\"people\" data-id=\"306103\" rel=\"nofollow noopener\" target=\"_blank\">Paul Greengrass<\/a> (Jason Bourne), <a href=\"https:\/\/www.ecranlarge.com\/films\/the-lost-bus\" data-type=\"films\" data-id=\"1316040\" rel=\"nofollow noopener\" target=\"_blank\">The Lost Bus<\/a>, port\u00e9 par <a href=\"https:\/\/www.ecranlarge.com\/personnalite\/658937-matthew-mcconaughey\" data-type=\"people\" data-id=\"7896\" rel=\"nofollow noopener\" target=\"_blank\">Matthew McConaughey<\/a>, a eu droit \u00e0 de premiers avis de la presse.<\/strong><\/p>\n<p>Qu\u2019on l\u2019aime ou qu\u2019on le d\u00e9teste, Paul Greengrass a eu un impact consid\u00e9rable sur l\u2019esth\u00e9tique du cin\u00e9ma des ann\u00e9es 2000. Depuis le succ\u00e8s de <strong>Bloody Sunday<\/strong> en 2002, le cin\u00e9aste s\u2019est sp\u00e9cialis\u00e9 dans <strong>un style inspir\u00e9 par le documentaire<\/strong>, ses cam\u00e9ras mouvantes et le sentiment d\u2019urgence qui va avec. <strong>La Mort dans la peau<\/strong>, deuxi\u00e8me volet des aventures de Jason Bourne, lui a permis d\u2019ancrer son r\u00e9cit d\u2019espionnage parano\u00efaque dans une nouvelle radicalit\u00e9, avec un montage tr\u00e8s d\u00e9coup\u00e9, une lisibilit\u00e9 limit\u00e9e, et l\u2019impression d\u2019emplir chaque centim\u00e8tre d\u2019espace disponible avec ses objectifs.<\/p>\n<p>                    <img decoding=\"async\" alt=\"\" class=\"wp-image-518375\" style=\"object-fit:cover;width:25px;height:25px\" src=\"https:\/\/www.ecranlarge.com\/content\/uploads\/2023\/09\/arrow-right-circle.svg\"\/><\/p>\n<p><strong>Vol 93<\/strong> et <strong>Green Zone<\/strong> ont pouss\u00e9 ces pr\u00e9ceptes dans leurs retranchements, afin d\u2019interroger les limites d\u2019une politique am\u00e9ricaine au moment du 11 septembre 2001 et de ses cons\u00e9quences. Greengrass observe des syst\u00e8mes, remplis d\u2019\u00e9crans et de cha\u00eenes de commande, tout en percevant d\u2019\u00e9ternels angles morts. Si le cin\u00e9aste a perdu de sa superbe depuis <strong>Capitaine Phillips<\/strong>, il est <strong>de retour sur Apple TV+ avec The Lost Bus<\/strong>, qui revient \u00e0 son tour sur une trag\u00e9die am\u00e9ricaine : <strong>le terrible Camp Fire de 2018, feu de for\u00eat<\/strong> qui a tu\u00e9 85 personnes en Californie. Il y retrace avec Matthew McConaughey et <a href=\"https:\/\/www.ecranlarge.com\/personnalite\/665131-america-ferrera\" data-type=\"people\" data-id=\"316091\" rel=\"nofollow noopener\" target=\"_blank\">America Ferrera<\/a> l\u2019histoire vraie de Kevin McKay, <strong>un chauffeur de bus qui est all\u00e9 r\u00e9cup\u00e9rer des enfants<\/strong> d\u2019une \u00e9cole prise au pi\u00e8ge des flammes.<\/p>\n<p>Pr\u00e9sent\u00e9 au Festival International du Film de Toronto, <strong>The Lost Bus a ainsi eu de premiers avis de la critique. Revue de presse. <\/strong><\/p>\n<p>Green Zone Burnt<\/p>\n<blockquote class=\"wp-block-quote is-layout-flow wp-block-quote-is-layout-flow\">\n<p><strong>\u00ab\u00a0La vraie star du film, c\u2019est le feu, et m\u00eame si les drames personnels des personnages peuvent se mettre sur son chemin, The Lost Bus est un terrifiant signal d\u2019alarme.\u00a0\u00bb<\/strong><\/p>\n<p>The Hollywood Reporter<\/p>\n<\/blockquote>\n<blockquote class=\"wp-block-quote is-layout-flow wp-block-quote-is-layout-flow\">\n<p><strong>\u00ab\u00a0En son centre, The Lost Bus est un film catastrophe \u2013 et un tr\u00e8s bon \u2013 qui se repose sur des id\u00e9es classiques du genre, et une narration un peu \u00e9vidente o\u00f9 les raccourcis servent \u00e0 introduire rapidement et efficacement les personnages.\u00a0\u00bb <\/strong><\/p>\n<p>Vulture<\/p>\n<\/blockquote>\n<blockquote class=\"wp-block-quote is-layout-flow wp-block-quote-is-layout-flow\">\n<p><strong>\u00ab\u00a0Le drame plus grand que nature est indubitablement efficace et tellement \u00e9vocateur et terrifiant que les mots ne peuvent pas lui rendre justice. [\u2026] Mais pour une fois, zoomer sur une histoire intime se montre contre-productif, et ce n\u2019est qu\u2019en montrant l\u2019ampleur de cette trag\u00e9die que Greengrass trouve son histoire la plus importante.\u00a0\u00bb <\/strong><\/p>\n<p>IndieWire<\/p>\n<\/blockquote>\n<p><a href=\"https:\/\/www.ecranlarge.com\/content\/uploads\/2025\/06\/060825_the_lost_bus_official_teaser_announcement.jpg\" rel=\"nofollow noopener\" target=\"_blank\"><\/p>\n<p><img loading=\"lazy\" decoding=\"async\" alt=\"Matthew McConaughey dans The Lost Bus\" src=\"https:\/\/www.europesays.com\/fr\/wp-content\/uploads\/2025\/09\/060825_the_lost_bus_official_teaser_announcement-1260x709.jpg\" width=\"1260\" height=\"709\"  \/><\/p>\n<p><\/a>\u00ab\u00a0Il y a pas le feu\u00a0\u00bb<\/p>\n<blockquote class=\"wp-block-quote is-layout-flow wp-block-quote-is-layout-flow\">\n<p><strong>\u00ab\u00a0Un film occasionnellement lent, qui est \u00e9lev\u00e9 par un casting fantastique, ainsi que d\u2019excellentes et \u00e9prouvantes s\u00e9quences.\u00a0\u00bb<\/strong><\/p>\n<p>Screen Rant<\/p>\n<\/blockquote>\n<blockquote class=\"wp-block-quote is-layout-flow wp-block-quote-is-layout-flow\">\n<p><strong>\u00ab\u00a0C\u2019est un voyage dans plus d\u2019un sens du mot, et pourtant, encore une sortie en streaming de cette ann\u00e9e qui demande \u00e0 \u00eatre vue sur un grand \u00e9cran.\u00a0\u00bb<\/strong><\/p>\n<p>Deadline<\/p>\n<\/blockquote>\n<blockquote class=\"wp-block-quote is-layout-flow wp-block-quote-is-layout-flow\">\n<p><strong>\u00ab\u00a0Il y a des moments o\u00f9 ces paysages enflamm\u00e9s sont stup\u00e9fiants, et d\u2019autres o\u00f9 les CGI sont criards, mais peu de r\u00e9alisateurs peuvent lancer un tel film \u00e0 pleine vitesse et conserver sa fr\u00e9n\u00e9sie comme Greengrass.\u00a0\u00bb<\/strong><\/p>\n<p>TheWrap<\/p>\n<\/blockquote>\n<p><a href=\"https:\/\/www.ecranlarge.com\/content\/uploads\/2025\/07\/the_lost_bus_photo_0102.jpg\" rel=\"nofollow noopener\" target=\"_blank\"><\/p>\n<p><img loading=\"lazy\" decoding=\"async\" alt=\"The Lost Bus\" src=\"https:\/\/www.europesays.com\/fr\/wp-content\/uploads\/2025\/07\/the_lost_bus_photo_0102-1260x527.jpg\" width=\"1260\" height=\"527\"  \/><\/p>\n<p><\/a>Ah oui, le p\u00e9riph\u2019, je connais<\/p>\n<blockquote class=\"wp-block-quote is-layout-flow wp-block-quote-is-layout-flow\">\n<p><strong>\u00ab\u00a0The Lost Bus rappelle d\u2019autres films de Greengrass dans le sens o\u00f9 il est mince en personnages, mais r\u00e9ussit \u00e0 plonger ses spectateurs au c\u0153ur de l\u2019action \u2013 ce qui, dans ce cas, signifie essayer de conduire un v\u00e9hicule peu maniable \u00e0 travers l\u2019enfer.\u00a0\u00bb<\/strong><\/p>\n<p>Variety<\/p>\n<\/blockquote>\n<blockquote class=\"wp-block-quote is-layout-flow wp-block-quote-is-layout-flow\">\n<p><strong>\u00ab\u00a0Pour chaque moment o\u00f9 The Lost Bus impressionne par son \u00e9chelle et son artisanat, il y en a d\u2019autres o\u00f9 on a l\u2019impression de voir ces enfants qui crient \u00eatre tra\u00een\u00e9s dans une attraction de Disneyland.\u00a0\u00bb<\/strong><\/p>\n<p>Screen Daily<\/p>\n<\/blockquote>\n<blockquote class=\"wp-block-quote is-layout-flow wp-block-quote-is-layout-flow\">\n<p><strong>\u00ab\u00a0L\u2019\u00e9criture peut \u00eatre d\u00e9cevante et in\u00e9l\u00e9gante, mais The Lost Bus est tout de m\u00eame direct et terrifiant.\u00a0\u00bb<\/strong><\/p>\n<p>The Guardian<\/p>\n<\/blockquote>\n<p><a href=\"https:\/\/www.ecranlarge.com\/content\/uploads\/2025\/06\/image-38.png\" rel=\"nofollow noopener\" target=\"_blank\"><img loading=\"lazy\" decoding=\"async\" alt=\"the lost bus matthew McConaughey america ferrera\" class=\"wp-image-1320174\" src=\"https:\/\/www.europesays.com\/fr\/wp-content\/uploads\/2025\/06\/image-38-1260x709.png\" width=\"1260\" height=\"709\"  \/><\/a>Un duo d\u2019acteurs qui sauve le film ?<\/p>\n<p>Si la mise en sc\u00e8ne de Paul Greengrass s\u2019av\u00e8re toujours aussi efficace selon la plupart des critiques, <strong>nombreux reprochent \u00e0 The Lost Bus une \u00e9criture assez faible et \u00e9vidente<\/strong>, embarqu\u00e9e dans les codes \u00e9cul\u00e9s du film catastrophe. Pour autant, impossible de ne pas reconna\u00eetre l\u2019horreur qui transpara\u00eet des images du r\u00e9alisateur, qui semble une nouvelle fois se confronter aux dysfonctionnements du syst\u00e8me am\u00e9ricain dans sa perception et sa gestion des catastrophes \u00e9cologiques en cours (surtout apr\u00e8s les incendies r\u00e9cents en Californie). <\/p>\n<p>En France, <strong>The Lost Bus<\/strong> <strong>sortira sur Apple TV+ le 3 octobre 2025.<\/strong><\/p>\n","protected":false},"excerpt":{"rendered":"Le nouveau film de Paul Greengrass (Jason Bourne), The Lost Bus, port\u00e9 par Matthew McConaughey, a eu droit&hellip;\n","protected":false},"author":2,"featured_media":376794,"comment_status":"","ping_status":"","sticky":false,"template":"","format":"standard","meta":{"footnotes":""},"categories":[1354],"tags":[58,59,1346,1011,27,1360],"class_list":{"0":"post-376793","1":"post","2":"type-post","3":"status-publish","4":"format-standard","5":"has-post-thumbnail","7":"category-films","8":"tag-divertissement","9":"tag-entertainment","10":"tag-films","11":"tag-fr","12":"tag-france","13":"tag-movies"},"share_on_mastodon":{"url":"https:\/\/pubeurope.com\/@fr\/115172227464834998","error":""},"_links":{"self":[{"href":"https:\/\/www.europesays.com\/fr\/wp-json\/wp\/v2\/posts\/376793","targetHints":{"allow":["GET"]}}],"collection":[{"href":"https:\/\/www.europesays.com\/fr\/wp-json\/wp\/v2\/posts"}],"about":[{"href":"https:\/\/www.europesays.com\/fr\/wp-json\/wp\/v2\/types\/post"}],"author":[{"embeddable":true,"href":"https:\/\/www.europesays.com\/fr\/wp-json\/wp\/v2\/users\/2"}],"replies":[{"embeddable":true,"href":"https:\/\/www.europesays.com\/fr\/wp-json\/wp\/v2\/comments?post=376793"}],"version-history":[{"count":0,"href":"https:\/\/www.europesays.com\/fr\/wp-json\/wp\/v2\/posts\/376793\/revisions"}],"wp:featuredmedia":[{"embeddable":true,"href":"https:\/\/www.europesays.com\/fr\/wp-json\/wp\/v2\/media\/376794"}],"wp:attachment":[{"href":"https:\/\/www.europesays.com\/fr\/wp-json\/wp\/v2\/media?parent=376793"}],"wp:term":[{"taxonomy":"category","embeddable":true,"href":"https:\/\/www.europesays.com\/fr\/wp-json\/wp\/v2\/categories?post=376793"},{"taxonomy":"post_tag","embeddable":true,"href":"https:\/\/www.europesays.com\/fr\/wp-json\/wp\/v2\/tags?post=376793"}],"curies":[{"name":"wp","href":"https:\/\/api.w.org\/{rel}","templated":true}]}}