{"id":376797,"date":"2025-09-09T03:33:15","date_gmt":"2025-09-09T03:33:15","guid":{"rendered":"https:\/\/www.europesays.com\/fr\/376797\/"},"modified":"2025-09-09T03:33:15","modified_gmt":"2025-09-09T03:33:15","slug":"gaza-1-500-acteurs-et-realisateurs-annoncent-boycotter-des-institutions-israeliennes","status":"publish","type":"post","link":"https:\/\/www.europesays.com\/fr\/376797\/","title":{"rendered":"Gaza\u00a0: 1\u00a0500 acteurs et r\u00e9alisateurs annoncent boycotter des institutions isra\u00e9liennes"},"content":{"rendered":"<p class=\"paragraph text_align_left lp-f-body-02\">Quelque 1 500 acteurs, r\u00e9alisateurs et professionnels internationaux du cin\u00e9ma comme<a href=\"https:\/\/www.leparisien.fr\/culture-loisirs\/cinema\/oscars-2019-immense-surprise-pour-olivia-colman-sacree-meilleure-actrice-25-02-2019-8019657.php\" target=\"_self\" rel=\"nofollow noopener\"> Olivia Colman<\/a>, <a href=\"https:\/\/www.leparisien.fr\/sports\/rugby\/coupe-du-monde\/le-rugby-cest-ma-passion-ancien-pilier-javier-bardem-se-regale-pendant-la-coupe-du-monde-21-10-2023-BID4HXFNARFUPMHDMSLMFUHPY4.php\" target=\"_self\" rel=\"nofollow noopener\">Javier Bardem<\/a> et<a href=\"https:\/\/www.leparisien.fr\/international\/etats-unis\/je-suis-luke-skywalker-mark-hamill-mark-ruffalo-les-mecs-blancs-se-mobilisent-pour-kamala-harris-31-07-2024-XLLDEQ5BOJHGBHNMUVMVR3UILA.php\" target=\"_self\" rel=\"nofollow noopener\"> Mark Ruffalo <\/a>ont annonc\u00e9 arr\u00eater de travailler avec des institutions cin\u00e9matographiques isra\u00e9liennes qu\u2019ils accusent d\u2019\u00eatre \u00ab\u00a0impliqu\u00e9es dans le g\u00e9nocide\u00a0\u00bb \u00e0<b> <\/b>Gaza<b>,<\/b> dans une lettre publi\u00e9e lundi dans <a href=\"https:\/\/www.theguardian.com\/film\/2025\/sep\/08\/film-pledge-israeli-institutions-palestinians\" target=\"_self\" rel=\"nofollow noopener\">The Guardian<\/a>.<\/p>\n<p class=\"paragraph text_align_left lp-f-body-02\">\u00ab\u00a0En ce moment de crise o\u00f9 nombre de nos gouvernements autorisent le carnage \u00e0 Gaza, nous devons faire tout ce qui est en notre pouvoir pour r\u00e9pondre \u00e0 cette complicit\u00e9\u00a0\u00bb , \u00e9crivent-ils dans ce texte \u00e9galement sign\u00e9 par le r\u00e9alisateur <a href=\"https:\/\/www.leparisien.fr\/culture-loisirs\/cinema\/cinema-pauvres-creatures-pauvres-spectateurs-16-01-2024-EZHMT7YNG5CO7GYKKKVEERZ364.php\" target=\"_self\" rel=\"nofollow noopener\">Yorgos Lanthimos<\/a> ou les actrices <a href=\"https:\/\/www.leparisien.fr\/culture-loisirs\/series\/emmy-awards-triomphe-pour-succession-et-the-bear-16-01-2024-5543CL6BOVFA7IARIYUEKUO5A4.php\" target=\"_self\" rel=\"nofollow noopener\">Ayo Edebiri<\/a> et <a href=\"https:\/\/www.leparisien.fr\/culture-loisirs\/cinema\/george-miller-et-tilda-swinton-a-cannes-ce-festival-cest-comme-un-phare-pour-les-gens-du-cinema-21-05-2022-6H5PJKAC7NGIHLREWF5XMQQKD4.php\" target=\"_self\" rel=\"nofollow noopener\">Tilda Swinton.<\/a><\/p>\n<p>Inspir\u00e9 de la lutte contre apartheid en Afrique du Sud<\/p>\n<p class=\"paragraph text_align_left lp-f-body-02\">Cet engagement, \u00e0 l\u2019initiative du groupe Film Workers for Palestine, s\u2019inspire du boycott culturel en Afrique du Sud \u00e0 l\u2019\u00e9poque de l\u2019apartheid, et notamment de \u00ab\u00a0Filmmakers United Against Apartheid\u00a0\u00bb (\u00ab\u00a0Les cin\u00e9astes unis contre l\u2019apartheid\u00a0\u00bb).<\/p>\n<p class=\"paragraph text_align_left lp-f-body-02\">Il vise, concr\u00e8tement, \u00e0 cesser de collaborer avec des festivals, cin\u00e9mas, diffuseurs et soci\u00e9t\u00e9 de production coupables selon les signataires de \u00ab\u00a0disculper ou justifier le g\u00e9nocide et l\u2019apartheid\u00a0\u00bb.<\/p>\n<p class=\"paragraph text_align_left lp-f-body-02\">Ils citent par exemple le festival du film de J\u00e9rusalem ou celui de documentaires Docaviv, qui \u00ab\u00a0continuent de collaborer avec le gouvernement isra\u00e9lien\u00a0\u00bb.<\/p>\n<p class=\"paragraph text_align_left lp-f-body-02\">\u00ab\u00a0La grande majorit\u00e9 des soci\u00e9t\u00e9s isra\u00e9liennes de production et de distribution cin\u00e9matographiques, des agents commerciaux, des cin\u00e9mas et autres institutions cin\u00e9matographiques n\u2019ont jamais reconnu les droits internationaux reconnus du peuple palestinien dans leur int\u00e9gralit\u00e9\u00a0\u00bb, d\u00e9noncent-ils.<\/p>\n<p>\u00ab\u00a0Des entit\u00e9s isra\u00e9liennes qui ne sont pas complices\u00a0\u00bb<\/p>\n<p class=\"paragraph text_align_left lp-f-body-02\">Ils ajoutent qu\u2019\u00ab\u00a0il existe cependant quelques entit\u00e9s cin\u00e9matographiques isra\u00e9liennes qui ne sont pas complices\u00a0\u00bb, sans les nommer.<\/p>\n<p class=\"paragraph text_align_left lp-f-body-02\">\u00ab\u00a0Nous r\u00e9pondons \u00e0 l\u2019appel des cin\u00e9astes palestiniens, qui ont exhort\u00e9 l\u2019industrie cin\u00e9matographique internationale \u00e0 refuser le silence, le racisme et la d\u00e9shumanisation\u00a0\u00bb, ajoutent-ils dans ce texte, qui compte aussi Ava DuVernay, Riz Ahmed et Josh O\u2019Connor parmi les signataires.<\/p>\n<p class=\"paragraph text_align_left lp-f-body-02\">Cet appel au boycott cible \u00ab\u00a0la complicit\u00e9 institutionnelle, pas l\u2019identit\u00e9\u00a0\u00bb, ni les individus de nationalit\u00e9 isra\u00e9lienne, pr\u00e9cise la tribune.<\/p>\n<p class=\"paragraph text_align_left lp-f-body-02\">Plusieurs lettres sign\u00e9es par des personnalit\u00e9s du cin\u00e9ma, de la musique ou de la litt\u00e9rature ont \u00e9t\u00e9 publi\u00e9es depuis l\u2019attaque sans pr\u00e9c\u00e9dent du Hamas le 7\u00a0octobre 2023 en Isra\u00ebl et l\u2019offensive d\u00e9vastatrice isra\u00e9lienne lanc\u00e9e \u00e0 Gaza en riposte.<\/p>\n<p class=\"paragraph text_align_left lp-f-body-02\">Fin ao\u00fbt, le collectif de cin\u00e9astes italiens Venice4Palestine avait exhort\u00e9 le festival de la ville \u00e0 \u00ab\u00a0adopter une position claire et sans ambigu\u00eft\u00e9\u00a0\u00bb contre les actions d\u2019Isra\u00ebl, leur lettre r\u00e9coltant 2 000 signatures dont celles de <a href=\"https:\/\/www.leparisien.fr\/culture-loisirs\/series\/le-cabinet-de-curiosites-de-guillermo-del-toro-sur-netflix-cest-quoi-cette-serie-dhorreur-a-lancienne-25-10-2022-667FSGLQ4FCARBUTK7S3EXYSDQ.php\" target=\"_self\" rel=\"nofollow noopener\">Guillermo del Toro <\/a>ou <a href=\"https:\/\/www.leparisien.fr\/culture-loisirs\/cinema\/ken-loach-86-ans-et-34-films-presentes-au-festival-de-cannes-je-nai-jamais-voulu-arreter-le-cinema-26-05-2023-AUVGX7P4FZCXXMDNHKGJUXBUPI.php\" target=\"_self\" rel=\"nofollow noopener\">Ken Loach.<\/a><\/p>\n<p class=\"paragraph text_align_left lp-f-body-02\">Quelques mois plus t\u00f4t \u00e0 Cannes, quelque 900 personnalit\u00e9s avaient sign\u00e9 une p\u00e9tition pour d\u00e9noncer le \u00ab\u00a0silence\u00a0\u00bb sur le \u00ab\u00a0g\u00e9nocide\u00a0\u00bb \u00e0 Gaza, dont la pr\u00e9sidente du jury <a href=\"https:\/\/www.leparisien.fr\/culture-loisirs\/cinema\/festival-de-cannes-2025-juliette-binoche-sera-la-presidente-du-jury-04-02-2025-ZME76H47BFDMXE5FIM25LXCXVU.php\" target=\"_self\" rel=\"nofollow noopener\">Juliette Binoche<\/a>, Pedro Almodovar, <a href=\"https:\/\/www.leparisien.fr\/culture-loisirs\/cinema\/joaquin-phoenix-oscar-du-meilleur-acteur-c-etait-difficile-de-travailler-avec-moi-10-02-2020-8256564.php\" target=\"_self\" rel=\"nofollow noopener\">Joaquin Phoenix <\/a>ou <a href=\"https:\/\/www.leparisien.fr\/culture-loisirs\/cinema\/lactrice-americaine-susan-sarandon-ecartee-par-son-agence-apres-ses-propos-contre-israel-22-11-2023-ITQSKCS37NBS7LI4JLPBZHR7Q4.php\" target=\"_self\" rel=\"nofollow noopener\">Susan Sarandon.<\/a><\/p>\n<p class=\"paragraph text_align_left lp-f-body-02\">Le r\u00e9alisateur de \u00ab\u00a0Tout sur ma m\u00e8re\u00a0\u00bb avait demand\u00e9 au Premier ministre espagnol Pedro Sanchez de <a href=\"https:\/\/www.leparisien.fr\/international\/espagne\/guerre-a-gaza-pedro-almodovar-demande-au-gouvernement-espagnol-de-rompre-avec-israel-27-08-2025-K22PEWZ3VNHGTEQMHEPGL6OYAA.php\" target=\"_self\" rel=\"nofollow noopener\">rompre avec Isra\u00ebl, <\/a>appelant les Europ\u00e9ens \u00e0 faire de m\u00eame.<\/p>\n","protected":false},"excerpt":{"rendered":"Quelque 1 500 acteurs, r\u00e9alisateurs et professionnels internationaux du cin\u00e9ma comme Olivia Colman, Javier Bardem et Mark Ruffalo&hellip;\n","protected":false},"author":2,"featured_media":376798,"comment_status":"","ping_status":"","sticky":false,"template":"","format":"standard","meta":{"footnotes":""},"categories":[8],"tags":[650,872,58,59,1011,27,14],"class_list":{"0":"post-376797","1":"post","2":"type-post","3":"status-publish","4":"format-standard","5":"has-post-thumbnail","7":"category-divertissement","8":"tag-cinema","9":"tag-culture-et-loisirs","10":"tag-divertissement","11":"tag-entertainment","12":"tag-fr","13":"tag-france","14":"tag-international"},"share_on_mastodon":{"url":"https:\/\/pubeurope.com\/@fr\/115172239209447594","error":""},"_links":{"self":[{"href":"https:\/\/www.europesays.com\/fr\/wp-json\/wp\/v2\/posts\/376797","targetHints":{"allow":["GET"]}}],"collection":[{"href":"https:\/\/www.europesays.com\/fr\/wp-json\/wp\/v2\/posts"}],"about":[{"href":"https:\/\/www.europesays.com\/fr\/wp-json\/wp\/v2\/types\/post"}],"author":[{"embeddable":true,"href":"https:\/\/www.europesays.com\/fr\/wp-json\/wp\/v2\/users\/2"}],"replies":[{"embeddable":true,"href":"https:\/\/www.europesays.com\/fr\/wp-json\/wp\/v2\/comments?post=376797"}],"version-history":[{"count":0,"href":"https:\/\/www.europesays.com\/fr\/wp-json\/wp\/v2\/posts\/376797\/revisions"}],"wp:featuredmedia":[{"embeddable":true,"href":"https:\/\/www.europesays.com\/fr\/wp-json\/wp\/v2\/media\/376798"}],"wp:attachment":[{"href":"https:\/\/www.europesays.com\/fr\/wp-json\/wp\/v2\/media?parent=376797"}],"wp:term":[{"taxonomy":"category","embeddable":true,"href":"https:\/\/www.europesays.com\/fr\/wp-json\/wp\/v2\/categories?post=376797"},{"taxonomy":"post_tag","embeddable":true,"href":"https:\/\/www.europesays.com\/fr\/wp-json\/wp\/v2\/tags?post=376797"}],"curies":[{"name":"wp","href":"https:\/\/api.w.org\/{rel}","templated":true}]}}