{"id":376801,"date":"2025-09-09T03:35:15","date_gmt":"2025-09-09T03:35:15","guid":{"rendered":"https:\/\/www.europesays.com\/fr\/376801\/"},"modified":"2025-09-09T03:35:15","modified_gmt":"2025-09-09T03:35:15","slug":"avec-ses-faux-airs-de-megane-r-s-cette-compacte-electrique-chinoise-veut-bousculer-leurope","status":"publish","type":"post","link":"https:\/\/www.europesays.com\/fr\/376801\/","title":{"rendered":"Avec ses faux airs de M\u00e9gane R.S., cette compacte \u00e9lectrique chinoise veut bousculer l\u2019Europe"},"content":{"rendered":"<p>D\u00e9voil\u00e9e en premi\u00e8re mondiale au salon de Munich, la Leapmotor B05 s\u2019attaque au c\u0153ur du march\u00e9 europ\u00e9en. Cette compacte de 4,43 m affiche un style qui n&rsquo;est pas sans rappeler une certaine M\u00e9gane R.S., tandis qu&rsquo;elle s&rsquo;affiche comme alternative plus accessible face aux Renault M\u00e9gane E-Tech et Volkswagen ID.3.<\/p>\n<p>\u00a0<\/p>\n<p>Apr\u00e8s avoir lanc\u00e9 son SUV <a title=\"B10\" href=\"https:\/\/www.automobile-magazine.fr\/toute-l-actualite\/article\/49281-prix-choc-pour-ce-nouveau-suv-electrique-concurrent-du-peugeot-e-3008\" target=\"_blank\" rel=\"noopener\">B10<\/a>,<strong> <a href=\"https:\/\/www.automobile-magazine.fr\/marque\/leapmotor\" target=\"_blank\" rel=\"noopener\">Leapmotor<\/a> poursuit son offensive en Europe avec la B05, pr\u00e9sent\u00e9e en premi\u00e8re mondiale au <a href=\"https:\/\/www.automobile-magazine.fr\/toute-l-actualite\/article\/49120-salon-automobile-de-munich-2025-toutes-les-nouvelles-voitures-presentees\" target=\"_blank\" rel=\"noopener\">salon de Munich<\/a> <\/strong>qui ouvre ce lundi 8 septembre. Con\u00e7u sur la plateforme LEAP 3.5, ce mod\u00e8le incarne la strat\u00e9gie de la marque chinoise, soutenue par Stellantis faut-il le rappeler, pour s\u2019imposer dans les segments cl\u00e9s du march\u00e9. Avec 4,43 m de long et 1,88 m de large, <strong>la B05 s\u2019inscrit tout pile dans la cat\u00e9gorie des compactes \u00e9lectriques<\/strong> domin\u00e9e par Renault, Volkswagen ou Peugeot.<\/p>\n<p>Un design audacieux<img decoding=\"async\" loading=\"lazy\" alt=\"Avec 4,43 m de long et 1,88 m de large, la B05 s\u2019inscrit tout pile dans la cat\u00e9gorie des compactes \u00e9lectriques. Un segment qu'elle compte secouer avec un prix canon. \" src=\"https:\/\/www.europesays.com\/fr\/wp-content\/uploads\/2025\/09\/avec-443-m-de-long-et-188-m-de-large-la-b05-sinscrit-tout-pile-dans-la-categorie-des-compactes-elect.jpeg\" width=\"800\" height=\"449\"\/>Avec 4,43 m de long et 1,88 m de large, la B05 s\u2019inscrit tout pile dans la cat\u00e9gorie des compactes \u00e9lectriques. Un segment qu&rsquo;elle compte secouer avec un prix canon. \u00a9 L&rsquo;AM<\/p>\n<p>Officiellement qualifi\u00e9e de \u00ab\u00a0coup\u00e9 compact\u00a0\u00bb, <strong>la B05 adopte en r\u00e9alit\u00e9 un format de berline cinq portes, \u00e0 hayon, mais avec quelques d\u00e9tails distinctifs<\/strong> comme ses vitres sans encadrement et ses jantes alliage de 19 pouces. On retrouve le design du SUV B10, notamment ses optiques reli\u00e9es par un bandeau lumineux \u00e0 l\u2019avant et \u00e0 l\u2019arri\u00e8re, mais avec une ligne plus dynamique. <strong>Qui n&rsquo;est d&rsquo;ailleurs pas sans rappeler sous certains angles celle de la <a title=\"Volkswagen Golf\" href=\"https:\/\/www.automobile-magazine.fr\/modele\/volkswagen\/golf\" target=\"_blank\" rel=\"noopener\">Volkswagen Golf<\/a> (\u00e0 l&rsquo;avant)<\/strong>. Voire de la feu <a href=\"https:\/\/www.automobile-magazine.fr\/fiches-techniques\/21625-renault-megane-rs-ultime-edc6-2023\" target=\"_blank\" rel=\"noopener\">Renault M\u00e9gane R.S.<\/a> \u00e0 l&rsquo;arri\u00e8re. Peut-\u00eatre que le becquet et la couleur jaune y sont-ils pour quelque chose\u2026 Ses proportions g\u00e9n\u00e9reuses (empattement de 2,73 m) la rapprochent d\u2019une <a href=\"https:\/\/www.automobile-magazine.fr\/modele\/kia\/ev4\" target=\"_blank\" rel=\"noopener\">Kia EV4<\/a> et laissent augurer une belle habitabilit\u00e9, m\u00eame si l\u2019habitacle n\u2019a pas encore \u00e9t\u00e9 r\u00e9v\u00e9l\u00e9. D&rsquo;o\u00f9 les vitres opaques sur le mod\u00e8le expos\u00e9.<\/p>\n<p>Un prix canon ?<\/p>\n<p>Sous sa carrosserie, <strong>la B05 devrait reprendre la m\u00e9canique du B10<\/strong> : un moteur \u00e9lectrique de 218 ch et deux choix de batteries (56,2 et 67,1 kWh). Avec un gabarit plus bas et plus profil\u00e9, son autonomie pourrait d\u00e9passer les 434 km WLTP annonc\u00e9s sur le SUV. \u00c0 bord, on devrait retrouver l\u2019\u00e9cran central de 14,6 pouces et l\u2019interface connect\u00e9e d\u00e9j\u00e0 aper\u00e7us sur le reste de la gamme.\u2028 C\u00f4t\u00e9 prix, l\u00e0 encore Leapmotor reste encore discret, mais <strong>tout indique que la B05 se positionnera sous les 30 000 euros en entr\u00e9e de gamme<\/strong>, soit bien en dessous des 34 990 \u20ac d\u2019une <a title=\"Volkswagen ID.3\" href=\"https:\/\/www.automobile-magazine.fr\/modele\/volkswagen\/id\" target=\"_blank\" rel=\"noopener\">Volkswagen ID.3<\/a> ou des 39 500 \u20ac demand\u00e9s pour une <a href=\"https:\/\/www.automobile-magazine.fr\/modele\/renault\/megane\" target=\"_blank\" rel=\"noopener\">Renault M\u00e9gane E-Tech<\/a>. Produite \u00e0 terme dans l\u2019usine Stellantis de Saragosse, en Espagne, elle devrait \u00e9galement \u00eatre \u00e9ligible au <a href=\"https:\/\/www.automobile-magazine.fr\/voitures-electriques\/article\/49351-vous-voulez-acheter-une-voiture-electrique-attendez-le-1er-octobre-le-bonus-va-changer\" target=\"_blank\" rel=\"noopener\">bonus \u00e9cologique<\/a>.<\/p>\n<p>\u00a0<\/p>\n<p> <img decoding=\"async\" src=\"https:\/\/www.europesays.com\/fr\/wp-content\/uploads\/2025\/04\/mael-pilven.webp.webp\" alt=\"Ma\u00ebl Pilven\" width=\"120\" height=\"120\" class=\"visu-auteur\" loading=\"lazy\"\/><\/p>\n<p class=\"short-txt\"> Nouvelle ou ancienne, thermique ou \u00e9lectrique, l\u2019automobile me fait vibrer depuis toujours. Au volant comme derri\u00e8re mon \u00e9cran, j\u2019en parle avec autant de passion que possible !<\/p>\n<p> Notez cet article<\/p>\n<p> 4.6\/5 ( 4 votes)<\/p>\n<p>  Publi\u00e9 le  08\/09\/2025 \u00e0 16:00  <\/p>\n<p> <a href=\"https:\/\/www.automobile-magazine.fr\/marque\/leapmotor\" target=\"_blank\" rel=\"noopener\"> LeapMotor <\/a><\/p>\n","protected":false},"excerpt":{"rendered":"D\u00e9voil\u00e9e en premi\u00e8re mondiale au salon de Munich, la Leapmotor B05 s\u2019attaque au c\u0153ur du march\u00e9 europ\u00e9en. Cette&hellip;\n","protected":false},"author":2,"featured_media":376802,"comment_status":"","ping_status":"","sticky":false,"template":"","format":"standard","meta":{"footnotes":""},"categories":[6],"tags":[35,33,34,1011,27,48675,622],"class_list":{"0":"post-376801","1":"post","2":"type-post","3":"status-publish","4":"format-standard","5":"has-post-thumbnail","7":"category-economie","8":"tag-business","9":"tag-economie","10":"tag-economy","11":"tag-fr","12":"tag-france","13":"tag-leapmotor","14":"tag-toute-lu0027actualitu00e9"},"share_on_mastodon":{"url":"https:\/\/pubeurope.com\/@fr\/115172247405788681","error":""},"_links":{"self":[{"href":"https:\/\/www.europesays.com\/fr\/wp-json\/wp\/v2\/posts\/376801","targetHints":{"allow":["GET"]}}],"collection":[{"href":"https:\/\/www.europesays.com\/fr\/wp-json\/wp\/v2\/posts"}],"about":[{"href":"https:\/\/www.europesays.com\/fr\/wp-json\/wp\/v2\/types\/post"}],"author":[{"embeddable":true,"href":"https:\/\/www.europesays.com\/fr\/wp-json\/wp\/v2\/users\/2"}],"replies":[{"embeddable":true,"href":"https:\/\/www.europesays.com\/fr\/wp-json\/wp\/v2\/comments?post=376801"}],"version-history":[{"count":0,"href":"https:\/\/www.europesays.com\/fr\/wp-json\/wp\/v2\/posts\/376801\/revisions"}],"wp:featuredmedia":[{"embeddable":true,"href":"https:\/\/www.europesays.com\/fr\/wp-json\/wp\/v2\/media\/376802"}],"wp:attachment":[{"href":"https:\/\/www.europesays.com\/fr\/wp-json\/wp\/v2\/media?parent=376801"}],"wp:term":[{"taxonomy":"category","embeddable":true,"href":"https:\/\/www.europesays.com\/fr\/wp-json\/wp\/v2\/categories?post=376801"},{"taxonomy":"post_tag","embeddable":true,"href":"https:\/\/www.europesays.com\/fr\/wp-json\/wp\/v2\/tags?post=376801"}],"curies":[{"name":"wp","href":"https:\/\/api.w.org\/{rel}","templated":true}]}}