{"id":376803,"date":"2025-09-09T03:36:15","date_gmt":"2025-09-09T03:36:15","guid":{"rendered":"https:\/\/www.europesays.com\/fr\/376803\/"},"modified":"2025-09-09T03:36:15","modified_gmt":"2025-09-09T03:36:15","slug":"un-seisme-tres-intense-secoue-une-partie-du-pays-dont-athenes","status":"publish","type":"post","link":"https:\/\/www.europesays.com\/fr\/376803\/","title":{"rendered":"Un s\u00e9isme \u00ab\u00a0tr\u00e8s intense\u00a0\u00bb secoue une partie du pays dont Ath\u00e8nes"},"content":{"rendered":"<p>La terre a trembl\u00e9 cette nuit en <a href=\"https:\/\/www.20minutes.fr\/dossier\/grece\" target=\"_blank\" class=\"c-link c-link--is-underlined\" rel=\"noopener\">Gr\u00e8ce<\/a>. De magnitude 5,3 sur l\u2019\u00e9chelle de Richter, un <a href=\"https:\/\/www.20minutes.fr\/dossier\/seisme\" target=\"_blank\" class=\"c-link c-link--is-underlined\" rel=\"noopener\">s\u00e9isme<\/a> s\u2019est en effet produit au large de l\u2019\u00eele d\u2019Eub\u00e9e, a annonc\u00e9 l\u2019Institut de G\u00e9odynamique de l\u2019Observatoire National d\u2019Ath\u00e8nes.<\/p>\n<p>L\u2019\u00e9picentre du <a href=\"https:\/\/www.20minutes.fr\/monde\/tremblement-de-terre\/\" target=\"_blank\" class=\"c-link c-link--is-underlined\" rel=\"noopener\">tremblement de terre<\/a> intervenu \u00e0 00h30 ce mardi a \u00e9t\u00e9 localis\u00e9 en mer \u00e0 45\u00a0km au nord-est de la capitale et \u00e0 4\u00a0km des c\u00f4tes de la station baln\u00e9aire de Nea Styra, dans le sud-ouest de l\u2019\u00eele d\u2019Eub\u00e9e, la deuxi\u00e8me plus grande \u00eele du pays.<\/p>\n<p>\u00ab\u00a0Jusqu\u2019\u00e0 pr\u00e9sent, aucun d\u00e9g\u00e2t\u00a0\u00bb<\/p>\n<p>Ce ph\u00e9nom\u00e8ne naturel a \u00e9t\u00e9 fortement ressenti \u00e0 Ath\u00e8nes. La capitale et son agglom\u00e9ration comptent quelque 3\u00a0millions d\u2019habitants.<\/p>\n<\/p>\n<p>Sur la cha\u00eene publique de t\u00e9l\u00e9vision ERT, le maire de la ville de Marathon, Stergios Tsirkas, proche de l\u2019\u00e9picentre, a assur\u00e9\u00a0: \u00ab\u00a0Le s\u00e9isme a \u00e9t\u00e9 tr\u00e8s intense\u00a0\u00bb, et pr\u00e9cis\u00e9 que \u00ab\u00a0jusqu\u2019\u00e0 pr\u00e9sent, aucun d\u00e9g\u00e2t n\u2019a \u00e9t\u00e9 signal\u00e9\u00a0\u00bb.<\/p>\n<p><a href=\"https:\/\/www.20minutes.fr\/dossier\/grece\" target=\"_blank\" class=\"c-link c-btn c-btn--primary\" rel=\"noopener\">Nos articles sur la Gr\u00e8ce<\/a><\/p>\n<p>Situ\u00e9e sur plusieurs failles g\u00e9ologiques en M\u00e9diterran\u00e9e sud-est, la Gr\u00e8ce est r\u00e9guli\u00e8rement touch\u00e9e par des s\u00e9ismes. Le dernier tremblement de terre meurtrier dans l\u2019archipel a eu lieu en octobre\u00a02020 sur l\u2019\u00eele de Samos, en Eg\u00e9e, entre la Gr\u00e8ce et la Turquie. D\u2019une magnitude 7, il avait fait deux morts \u00e0 Samos et plus de 100 \u00e0 Izmir, ville portuaire turque.<\/p>\n","protected":false},"excerpt":{"rendered":"La terre a trembl\u00e9 cette nuit en Gr\u00e8ce. De magnitude 5,3 sur l\u2019\u00e9chelle de Richter, un s\u00e9isme s\u2019est&hellip;\n","protected":false},"author":2,"featured_media":376804,"comment_status":"","ping_status":"","sticky":false,"template":"","format":"standard","meta":{"footnotes":""},"categories":[5],"tags":[47,11,4732,1011,27,8906,14,74,12,18565,18690,133,28],"class_list":{"0":"post-376803","1":"post","2":"type-post","3":"status-publish","4":"format-standard","5":"has-post-thumbnail","7":"category-international","8":"tag-actualite","9":"tag-actualites","10":"tag-catastrophe-naturelle","11":"tag-fr","12":"tag-france","13":"tag-grece","14":"tag-international","15":"tag-monde","16":"tag-news","17":"tag-seismes","18":"tag-tremblement-de-terre","19":"tag-video","20":"tag-world"},"share_on_mastodon":{"url":"https:\/\/pubeurope.com\/@fr\/115172250944336483","error":""},"_links":{"self":[{"href":"https:\/\/www.europesays.com\/fr\/wp-json\/wp\/v2\/posts\/376803","targetHints":{"allow":["GET"]}}],"collection":[{"href":"https:\/\/www.europesays.com\/fr\/wp-json\/wp\/v2\/posts"}],"about":[{"href":"https:\/\/www.europesays.com\/fr\/wp-json\/wp\/v2\/types\/post"}],"author":[{"embeddable":true,"href":"https:\/\/www.europesays.com\/fr\/wp-json\/wp\/v2\/users\/2"}],"replies":[{"embeddable":true,"href":"https:\/\/www.europesays.com\/fr\/wp-json\/wp\/v2\/comments?post=376803"}],"version-history":[{"count":0,"href":"https:\/\/www.europesays.com\/fr\/wp-json\/wp\/v2\/posts\/376803\/revisions"}],"wp:featuredmedia":[{"embeddable":true,"href":"https:\/\/www.europesays.com\/fr\/wp-json\/wp\/v2\/media\/376804"}],"wp:attachment":[{"href":"https:\/\/www.europesays.com\/fr\/wp-json\/wp\/v2\/media?parent=376803"}],"wp:term":[{"taxonomy":"category","embeddable":true,"href":"https:\/\/www.europesays.com\/fr\/wp-json\/wp\/v2\/categories?post=376803"},{"taxonomy":"post_tag","embeddable":true,"href":"https:\/\/www.europesays.com\/fr\/wp-json\/wp\/v2\/tags?post=376803"}],"curies":[{"name":"wp","href":"https:\/\/api.w.org\/{rel}","templated":true}]}}