{"id":376805,"date":"2025-09-09T03:39:15","date_gmt":"2025-09-09T03:39:15","guid":{"rendered":"https:\/\/www.europesays.com\/fr\/376805\/"},"modified":"2025-09-09T03:39:15","modified_gmt":"2025-09-09T03:39:15","slug":"un-pot-de-depart-de-francois-bayrou-prevu-ce-soir","status":"publish","type":"post","link":"https:\/\/www.europesays.com\/fr\/376805\/","title":{"rendered":"un pot de d\u00e9part de \u00ab\u00a0Fran\u00e7ois Bayrou\u00a0\u00bb pr\u00e9vu ce soir"},"content":{"rendered":"\n<p>Le couperet devrait tomber dans la soir\u00e9e. Fran\u00e7ois Bayrou est en tout cas attendu devant les d\u00e9put\u00e9s, ce lundi apr\u00e8s-midi, pour ce qui ressemble \u00e0 sa chute annonc\u00e9e. Sauf retournement de situation, le Premier ministre va quitter son poste, \u00e0 l\u2019issue d\u2019un vote de confiance, <a href=\"https:\/\/www.activradio.com\/budget-2026-francois-bayrou-veut-supprimer-2-jours-feries\" rel=\"noopener\" target=\"_blank\">au sujet de son budget 2026<\/a>, pour lequel il souhaite r\u00e9aliser 44 milliards d\u2019euros d\u2019\u00e9conomie.<\/p>\n<p>Ce serait la premi\u00e8re fois sous la Ve r\u00e9publique que le chef de gouvernement perd ce type de vote. Du c\u00f4t\u00e9 des syndicats, on anticipe d\u00e9j\u00e0 le r\u00e9sultat en organisant un \u00ab\u00a0pot de d\u00e9part\u00a0\u00bb de Fran\u00e7ois Bayrou. Le rendez-vous est donn\u00e9 ce lundi, \u00e0 partir de 18 heures, devant la mairie de Saint-\u00c9tienne.<\/p>\n","protected":false},"excerpt":{"rendered":"Le couperet devrait tomber dans la soir\u00e9e. Fran\u00e7ois Bayrou est en tout cas attendu devant les d\u00e9put\u00e9s, ce&hellip;\n","protected":false},"author":2,"featured_media":286239,"comment_status":"","ping_status":"","sticky":false,"template":"","format":"standard","meta":{"footnotes":""},"categories":[9653],"tags":[1111,11,2430,11847,1003,1271,3985,1777,674,1011,27,3367,12,25,4001,11564],"class_list":{"0":"post-376805","1":"post","2":"type-post","3":"status-publish","4":"format-standard","5":"has-post-thumbnail","7":"category-saint-etienne","8":"tag-actu","9":"tag-actualites","10":"tag-auvergne-rhone-alpes","11":"tag-bayrou","12":"tag-budget","13":"tag-cgt","14":"tag-depart","15":"tag-eu","16":"tag-europe","17":"tag-fr","18":"tag-france","19":"tag-loire","20":"tag-news","21":"tag-republique-francaise","22":"tag-saint-etienne","23":"tag-syndicat"},"share_on_mastodon":{"url":"https:\/\/pubeurope.com\/@fr\/115172262811207319","error":""},"_links":{"self":[{"href":"https:\/\/www.europesays.com\/fr\/wp-json\/wp\/v2\/posts\/376805","targetHints":{"allow":["GET"]}}],"collection":[{"href":"https:\/\/www.europesays.com\/fr\/wp-json\/wp\/v2\/posts"}],"about":[{"href":"https:\/\/www.europesays.com\/fr\/wp-json\/wp\/v2\/types\/post"}],"author":[{"embeddable":true,"href":"https:\/\/www.europesays.com\/fr\/wp-json\/wp\/v2\/users\/2"}],"replies":[{"embeddable":true,"href":"https:\/\/www.europesays.com\/fr\/wp-json\/wp\/v2\/comments?post=376805"}],"version-history":[{"count":0,"href":"https:\/\/www.europesays.com\/fr\/wp-json\/wp\/v2\/posts\/376805\/revisions"}],"wp:featuredmedia":[{"embeddable":true,"href":"https:\/\/www.europesays.com\/fr\/wp-json\/wp\/v2\/media\/286239"}],"wp:attachment":[{"href":"https:\/\/www.europesays.com\/fr\/wp-json\/wp\/v2\/media?parent=376805"}],"wp:term":[{"taxonomy":"category","embeddable":true,"href":"https:\/\/www.europesays.com\/fr\/wp-json\/wp\/v2\/categories?post=376805"},{"taxonomy":"post_tag","embeddable":true,"href":"https:\/\/www.europesays.com\/fr\/wp-json\/wp\/v2\/tags?post=376805"}],"curies":[{"name":"wp","href":"https:\/\/api.w.org\/{rel}","templated":true}]}}