{"id":376806,"date":"2025-09-09T03:40:21","date_gmt":"2025-09-09T03:40:21","guid":{"rendered":"https:\/\/www.europesays.com\/fr\/376806\/"},"modified":"2025-09-09T03:40:21","modified_gmt":"2025-09-09T03:40:21","slug":"mobilisation-du-10-septembre-les-actions-prevues-dans-la-loire-et-en-haute-loire","status":"publish","type":"post","link":"https:\/\/www.europesays.com\/fr\/376806\/","title":{"rendered":"Mobilisation du 10 septembre\u00a0: les actions pr\u00e9vues dans la Loire et en Haute-Loire"},"content":{"rendered":"<p>Le mouvement \u00ab\u00a0bloquons-tout le 10 septembre\u00a0\u00bb n\u00e9 sur les r\u00e9seaux sociaux s&rsquo;organise aussi dans la Loire et la Haute-Loire. Tour d&rsquo;horizons des manifestations et blocages organis\u00e9s.<\/p>\n<p>La mobilisation du 10 septembre se pr\u00e9cise dans la Loire et la Haute-Loire. Des assembl\u00e9es citoyennes sont organis\u00e9es d\u00e9j\u00e0 depuis plusieurs semaines \u00e0 Saint-\u00c9tienne, comme \u00e0 Roanne ou le-Puy-en-Velay.\u00a0Les autorit\u00e9s s&rsquo;attendent mercredi \u00e0 des op\u00e9rations diverses, allant de blocages de gares ou d&rsquo;axes de circulation, \u00e0 des actions de sabotages de radars automatiques et des manifestations classiques.<\/p>\n<p>Blocage \u00e0 la gare de Ch\u00e2teaucreux \u00e0 Saint-\u00c9tienne<\/p>\n<p>\u00c0 Saint-\u00c9tienne, le rendez-vous est \u00e0 8h30 \u00e0 la gare de Ch\u00e2teaucreux pour un blocage des trains. Des actions sur des ronds-point ou p\u00e9ages ne sont pas exclus non plus.<\/p>\n<ul>\n<li><strong>Saint-\u00c9tienne\u00a0: rendez-vous 8h et demi sur le parvis de la gare de Ch\u00e2teaucreux, un blocage des trains est pr\u00e9vu.<\/strong> Le syndicat Sud Rail s&rsquo;associe au mouvement du 10 septembre, et \u00ab\u00a0appelle les cheminot-es \u00e0 rejoindre les initiatives citoyennes et les diff\u00e9rents points de blocages sur la r\u00e9gion\u00a0\u00bb\u00a0dans un communiqu\u00e9.<\/li>\n<li><strong>Saint-\u00c9tienne\u00a0:\u00a0manifestation intersyndicale \u00e0 15h<\/strong> de la Bourse du Travail \u00e0 l&rsquo;H\u00f4tel de Ville. L&rsquo;Union d\u00e9partementale de la CGT dans la Loire, Solidaires, la FSU et FO ont sign\u00e9 l&rsquo;appel \u00e0 manifester.<\/li>\n<li><strong>Roanne\u00a0: manifestation intersyndicale \u00e0 10h30 du tribunal \u00e0 la Sous-Pr\u00e9fecture.<\/strong><\/li>\n<li>Saint-Bonnet-le-Ch\u00e2teau\u00a0: rendez-vous \u00e0 11h \u00e0 l&rsquo;ancienne gare.<\/li>\n<li>Montbrison\u00a0: rendez-vous 8h \u00e0 la Sous-Pr\u00e9fecture.<\/li>\n<\/ul>\n<p>Des rassemblements citoyens et un blocage sur un ronds-point en Haute-Loire<\/p>\n<p>En Haute-Loire, la mobilisation s&rsquo;organise principalement au Puy-en-Velay. Mais un blocage est \u00e9galement pr\u00e9vu au rond-point de Limagne \u00e0 Brioude.<\/p>\n<ul>\n<li>Brioude\u00a0: rendez-vous \u00e0 <strong>7h au rond-point de la Limagne pour un blocage.<\/strong><\/li>\n<li>Le Puy-en-Velay\u00a0: rendez-vous \u00e0 7h30 au lyc\u00e9e Simone Veil.<\/li>\n<li>Le Puy-en-Velay\u00a0: la CGT, FSU et la Conf\u00e9d\u00e9ration paysanne se donnent rendez-vous \u00e0 12h devant le MEDEF, 16 bd du pr\u00e9sident Bertrand \u00e0 c\u00f4t\u00e9 de la Chambre d&rsquo;agriculture.<\/li>\n<li>Le Puy-en-Velay\u00a0: la CGT de l&rsquo;h\u00f4pital Emile Roux appelle \u00e0 la gr\u00e8ve et \u00e0 rejoindre ce rassemblement \u00e0 12h devant le MEDEF<\/li>\n<\/ul>\n<p>\u00c0 lire aussi   <img decoding=\"async\" src=\"https:\/\/www.europesays.com\/fr\/wp-content\/uploads\/2025\/09\/1757389221_118_560x315\" alt=\"Une assembl\u00e9e g\u00e9n\u00e9rale de pr\u00e9paration \u00e0 la journ\u00e9e du 10 septembre, \u00e0 Poitiers.\" style=\"--_image-preview:url('data:image\/jpeg;base64,\/9j\/2wBDACgcHiMeGSgjISMtKygwPGRBPDc3PHtYXUlkkYCZlo+AjIqgtObDoKrarYqMyP\/L2u71\/\/\/\/m8H\/\/\/\/6\/+b9\/\/j\/2wBDASstLTw1PHZBQXb4pYyl+Pj4+Pj4+Pj4+Pj4+Pj4+Pj4+Pj4+Pj4+Pj4+Pj4+Pj4+Pj4+Pj4+Pj4+Pj4+Pj4+Pj\/wAARCAAXACoDASIAAhEBAxEB\/8QAGAABAQEBAQAAAAAAAAAAAAAAAAIDAQT\/xAAYEAEBAQEBAAAAAAAAAAAAAAAAARECEv\/EABYBAQEBAAAAAAAAAAAAAAAAAAABAv\/EABQRAQAAAAAAAAAAAAAAAAAAAAD\/2gAMAwEAAhEDEQA\/AK00wwUtRarE2IMu6y1r1GeA9+HkFHLym8gyM+uUeQB\/\/9k=');\" loading=\"lazy\" fetchpriority=\"low\" aria-hidden=\"true\" class=\"svelte-1pnmlwx rounded\" onload=\"this.__e=event\" onerror=\"this.__e=event\"\/>Des \u00ab\u00a0pots de d\u00e9part\u00a0\u00bb de Bayrou pr\u00e9vus devant les mairies ce 8 septembre<\/p>\n<p>En amont des manifestations et blocages du 10 septembre, des <strong>rassemblements sont pr\u00e9vus devant les mairies de nos deux d\u00e9partement ce lundi soir, baptis\u00e9s \u00ab\u00a0Bye Bye Bayrou\u00a0\u00bb<\/strong>. Les rendez-vous sont \u00e0 18h devant les mairies de Saint-\u00c9tienne, Roanne, le Puy-en-Velay, 18h30 devant la mairie de Monistrol-sur-Loire et 20h \u00e0 Brioude.<\/p>\n","protected":false},"excerpt":{"rendered":"Le mouvement \u00ab\u00a0bloquons-tout le 10 septembre\u00a0\u00bb n\u00e9 sur les r\u00e9seaux sociaux s&rsquo;organise aussi dans la Loire et la&hellip;\n","protected":false},"author":2,"featured_media":376807,"comment_status":"","ping_status":"","sticky":false,"template":"","format":"standard","meta":{"footnotes":""},"categories":[9653],"tags":[1111,11,2430,1777,674,1011,27,12,25,4001],"class_list":{"0":"post-376806","1":"post","2":"type-post","3":"status-publish","4":"format-standard","5":"has-post-thumbnail","7":"category-saint-etienne","8":"tag-actu","9":"tag-actualites","10":"tag-auvergne-rhone-alpes","11":"tag-eu","12":"tag-europe","13":"tag-fr","14":"tag-france","15":"tag-news","16":"tag-republique-francaise","17":"tag-saint-etienne"},"share_on_mastodon":{"url":"https:\/\/pubeurope.com\/@fr\/115172266712326269","error":""},"_links":{"self":[{"href":"https:\/\/www.europesays.com\/fr\/wp-json\/wp\/v2\/posts\/376806","targetHints":{"allow":["GET"]}}],"collection":[{"href":"https:\/\/www.europesays.com\/fr\/wp-json\/wp\/v2\/posts"}],"about":[{"href":"https:\/\/www.europesays.com\/fr\/wp-json\/wp\/v2\/types\/post"}],"author":[{"embeddable":true,"href":"https:\/\/www.europesays.com\/fr\/wp-json\/wp\/v2\/users\/2"}],"replies":[{"embeddable":true,"href":"https:\/\/www.europesays.com\/fr\/wp-json\/wp\/v2\/comments?post=376806"}],"version-history":[{"count":0,"href":"https:\/\/www.europesays.com\/fr\/wp-json\/wp\/v2\/posts\/376806\/revisions"}],"wp:featuredmedia":[{"embeddable":true,"href":"https:\/\/www.europesays.com\/fr\/wp-json\/wp\/v2\/media\/376807"}],"wp:attachment":[{"href":"https:\/\/www.europesays.com\/fr\/wp-json\/wp\/v2\/media?parent=376806"}],"wp:term":[{"taxonomy":"category","embeddable":true,"href":"https:\/\/www.europesays.com\/fr\/wp-json\/wp\/v2\/categories?post=376806"},{"taxonomy":"post_tag","embeddable":true,"href":"https:\/\/www.europesays.com\/fr\/wp-json\/wp\/v2\/tags?post=376806"}],"curies":[{"name":"wp","href":"https:\/\/api.w.org\/{rel}","templated":true}]}}