{"id":376810,"date":"2025-09-09T03:44:09","date_gmt":"2025-09-09T03:44:09","guid":{"rendered":"https:\/\/www.europesays.com\/fr\/376810\/"},"modified":"2025-09-09T03:44:09","modified_gmt":"2025-09-09T03:44:09","slug":"la-ville-de-la-seyne-va-bientot-devenir-proprietaire-dun-terrain-a-saint-elme-un-parking-en-projet","status":"publish","type":"post","link":"https:\/\/www.europesays.com\/fr\/376810\/","title":{"rendered":"La Ville de La Seyne va bient\u00f4t devenir propri\u00e9taire d\u2019un terrain \u00e0 Saint-Elme, un parking en projet"},"content":{"rendered":"<p>Quelques jours avant la r\u00e9serve \u00e0 laquelle les \u00e9lus locaux sont soumis \u00e0 l\u2019approche des \u00e9lections municipales de mars prochain, le maire de La Seyne a fait un point sur les projets (nos pr\u00e9c\u00e9dentes \u00e9ditions). Dans le lot, il a annonc\u00e9 que la Ville allait faire l\u2019acquisition tr\u00e8s prochaine d\u2019un terrain \u00e0 Saint-Elme, sur la partie basse de la colline situ\u00e9e derri\u00e8re la base nautique, \u00e0 la fronti\u00e8re avec Saint-Mandrier, o\u00f9 se trouve l\u2019autre versant. \u00ab\u00a0Ces parcelles appartiennent \u00e0 la Marine et au Conservatoire du littoral, qui souhaitent s\u2019en d\u00e9faire, a pr\u00e9cis\u00e9 Joseph Minniti. Et ils nous ont propos\u00e9 de les racheter. Ce que nous allons faire, avec l\u2019aide de la M\u00e9tropole.\u00a0\u00bb<\/p>\n<p>1,1 hectare en partie bois\u00e9<\/p>\n<p>Sur ce terrain bois\u00e9 de plus d\u2019un hectare comptant quelques constructions abandonn\u00e9es, 8.000m\u00b2 vont donc devenir propri\u00e9t\u00e9 de la Ville contre 660.000 euros, le reste (pr\u00e8s de 3.000m\u00b2) serait acquis par la M\u00e9tropole Toulon Provence M\u00e9diterran\u00e9e, pour 240.000 euros.<\/p>\n<p>Pour quoi faire? \u00ab\u00a0Le but est, avant tout, de pr\u00e9server cet endroit d\u2019un quelconque projet immobilier\u00a0\u00bb, confie l\u2019\u00e9lu. Charge \u00e0 la prochaine municipalit\u00e9 de lui trouver une utilit\u00e9. Le maire souffle d\u00e9j\u00e0 volontiers quelques id\u00e9es: \u00ab\u00a0Il serait peut-\u00eatre envisageable de r\u00e9habiliter les b\u00e2timents, pour en faire une maison de la mer, pourquoi pas\u2026 Ou une extension des activit\u00e9s de la base nautique.\u00a0\u00bb<\/p>\n<p>En l\u2019\u00e9tat actuel de la r\u00e9flexion, la partie TPM devrait \u00eatre am\u00e9nag\u00e9e en \u00ab\u00a0un parking de 40 ou 50 places\u00a0\u00bb, ce qui ne serait pas du luxe pour les riverains et les usagers de ce petit port, en \u00e9t\u00e9 particuli\u00e8rement. \u00ab\u00a0Et il n\u2019est pas question d\u2019y couper les arbres.\u00a0\u00bb<\/p>\n<p>Ce dossier jamais encore \u00e9voqu\u00e9 publiquement a \u00e9t\u00e9 ouvert \u00e0 la fin 2024, indique encore M. Minniti. \u00ab\u00a0Nous avons discut\u00e9 avec la M\u00e9tropole et les services de l\u2019\u00c9tat\u2026 et n\u00e9goci\u00e9 aussi. La Ville a d\u2019ailleurs obtenu une baisse significative du prix d\u2019origine, qui \u00e9tait, pour sa part, de 865.000 euros.\u00a0\u00bb<\/p>\n<p>Cette acquisition doit faire l\u2019objet d\u2019une d\u00e9lib\u00e9ration au prochain conseil municipal.<\/p>\n","protected":false},"excerpt":{"rendered":"Quelques jours avant la r\u00e9serve \u00e0 laquelle les \u00e9lus locaux sont soumis \u00e0 l\u2019approche des \u00e9lections municipales de&hellip;\n","protected":false},"author":2,"featured_media":376811,"comment_status":"","ping_status":"","sticky":false,"template":"","format":"standard","meta":{"footnotes":""},"categories":[9619],"tags":[1111,11,1777,674,1011,27,12,316,882,25,2310,1352,3366],"class_list":{"0":"post-376810","1":"post","2":"type-post","3":"status-publish","4":"format-standard","5":"has-post-thumbnail","7":"category-toulon","8":"tag-actu","9":"tag-actualites","10":"tag-eu","11":"tag-europe","12":"tag-fr","13":"tag-france","14":"tag-news","15":"tag-politique","16":"tag-provence-alpes-cote-dazur","17":"tag-republique-francaise","18":"tag-toulon","19":"tag-urbanisme","20":"tag-vie-locale"},"share_on_mastodon":{"url":"https:\/\/pubeurope.com\/@fr\/115172282482125682","error":""},"_links":{"self":[{"href":"https:\/\/www.europesays.com\/fr\/wp-json\/wp\/v2\/posts\/376810","targetHints":{"allow":["GET"]}}],"collection":[{"href":"https:\/\/www.europesays.com\/fr\/wp-json\/wp\/v2\/posts"}],"about":[{"href":"https:\/\/www.europesays.com\/fr\/wp-json\/wp\/v2\/types\/post"}],"author":[{"embeddable":true,"href":"https:\/\/www.europesays.com\/fr\/wp-json\/wp\/v2\/users\/2"}],"replies":[{"embeddable":true,"href":"https:\/\/www.europesays.com\/fr\/wp-json\/wp\/v2\/comments?post=376810"}],"version-history":[{"count":0,"href":"https:\/\/www.europesays.com\/fr\/wp-json\/wp\/v2\/posts\/376810\/revisions"}],"wp:featuredmedia":[{"embeddable":true,"href":"https:\/\/www.europesays.com\/fr\/wp-json\/wp\/v2\/media\/376811"}],"wp:attachment":[{"href":"https:\/\/www.europesays.com\/fr\/wp-json\/wp\/v2\/media?parent=376810"}],"wp:term":[{"taxonomy":"category","embeddable":true,"href":"https:\/\/www.europesays.com\/fr\/wp-json\/wp\/v2\/categories?post=376810"},{"taxonomy":"post_tag","embeddable":true,"href":"https:\/\/www.europesays.com\/fr\/wp-json\/wp\/v2\/tags?post=376810"}],"curies":[{"name":"wp","href":"https:\/\/api.w.org\/{rel}","templated":true}]}}