{"id":376814,"date":"2025-09-09T03:46:11","date_gmt":"2025-09-09T03:46:11","guid":{"rendered":"https:\/\/www.europesays.com\/fr\/376814\/"},"modified":"2025-09-09T03:46:11","modified_gmt":"2025-09-09T03:46:11","slug":"limaginarium-de-merryl-dang-a-la-mjc-centre-andre-malraux","status":"publish","type":"post","link":"https:\/\/www.europesays.com\/fr\/376814\/","title":{"rendered":"L\u2019Imaginarium de Merryl Dang \u00e0 la MJC Centre Andr\u00e9 Malraux"},"content":{"rendered":"<p>Pour commencer cette nouvelle saison, la MJC accueille du 9 au 25 septembre les \u0153uvres de Merryl Dang \u00e0 travers l\u2019exposition Imaginarium o\u00f9 elle pr\u00e9sente ses toiles f\u00e9eriques.<\/p>\n<p>Originaire de Nouvelle-Cal\u00e9donie et issue d\u2019une double culture franco-vietnamienne, Merryl grandit au milieu des arts ethniques oc\u00e9aniens, ne d\u00e9couvrant les \u0153uvres des ma\u00eetres europ\u00e9ens qu\u2019\u00e0 travers les livres.<\/p>\n<p><b>L\u2019artiste veut r\u00e9veiller la magie et les contes<\/b><\/p>\n<p>Au carrefour de toutes ces influences culturelles, son p\u00e8re nourrit sa passion pour le dessin. Jusqu\u2019\u00e0 ses 17 ans, elle explore une multitude de techniques artistiques. C\u2019est pourtant en sciences environnementales qu\u2019elle poursuit ses \u00e9tudes sup\u00e9rieures, d\u2019abord en Australie puis \u00e0 Montpellier. Au contact de l\u2019artiste Delphine Gache, elle se sp\u00e9cialise dans l\u2019aquarelle et cherche sa voie entre l\u2019illustration et la cr\u00e9ation de bandes dessin\u00e9es. Elle atteint l\u2019un de ses objectifs artistiques en illustrant le texte de l\u2019autrice Sophia Peignot Le petit bidule un peu marron et un peu rond. Ce livre, qui parle de confiance en soi, accompagne les jeunes lecteurs dans une qu\u00eate initiatique, parfaitement mise en lumi\u00e8re par ses illustrations douces et po\u00e9tiques.<\/p>\n<p>Deux ouvrages posent les fondations de son univers artistique. Le premier est un livre illustr\u00e9 par l\u2019artiste f\u00e9erique Sandrine Gestin et le second est un artbook japonais empli de dragons et de magiciennes qu\u2019elle conserve encore pr\u00e9cieusement \u00e0 ce jour. Si l\u2019on ne peut voir ces peuples f\u00e9eriques, c\u2019est qu\u2019ils sont forc\u00e9ment cach\u00e9s dans la partie la plus sombre et la plus terrifiante, au-del\u00e0 de la barri\u00e8re de corail, dans les abysses. C\u2019est dans ce m\u00e9lange de myst\u00e8re et de crainte respectueuse qu\u2019elle puise ses \u00e9motions cr\u00e9atrices.<\/p>\n<p>\u00c0 travers son art, Merryl s\u2019attache \u00e0 r\u00e9veiller la magie et les contes, dans un monde de plus en plus insensible et gris. Elle cherche \u00e0 r\u00e9veiller la flamme presque \u00e9teinte de l\u2019\u00e9merveillement, pour cr\u00e9er un brasier de c\u0153urs pr\u00eats \u00e0 \u00e9clairer le monde.<\/p>\n<p>\u00ab\u00a0La MJC de Castelnau-le-Lez est un espace qui fait rayonner la culture aussi bien aupr\u00e8s des adultes que des enfants. Enfant, j\u2019y ai d\u00e9couvert les \u0153uvres d\u2019autres artistes et j\u2019ai pu appr\u00e9cier l\u2019engagement de son \u00e9quipe au service de la culture.\u00a0\u00bb<\/p>\n<p>Exposition du 9 au 25 septembre en entr\u00e9e libre, du lundi au vendredi, de 9 h \u00e0 12 h et de 14 h \u00e0 19 h. Vernissage jeudi 11 septembre, \u00e0 18 h 30, entr\u00e9e libre.<\/p>\n<p>Correspondant Midi Libre : 06 62 21 67 37<\/p>\n","protected":false},"excerpt":{"rendered":"Pour commencer cette nouvelle saison, la MJC accueille du 9 au 25 septembre les \u0153uvres de Merryl Dang&hellip;\n","protected":false},"author":2,"featured_media":376815,"comment_status":"","ping_status":"","sticky":false,"template":"","format":"standard","meta":{"footnotes":""},"categories":[9599],"tags":[1111,11,1777,674,1011,27,2208,12,2680,25],"class_list":{"0":"post-376814","1":"post","2":"type-post","3":"status-publish","4":"format-standard","5":"has-post-thumbnail","7":"category-montpellier","8":"tag-actu","9":"tag-actualites","10":"tag-eu","11":"tag-europe","12":"tag-fr","13":"tag-france","14":"tag-montpellier","15":"tag-news","16":"tag-occitanie","17":"tag-republique-francaise"},"share_on_mastodon":{"url":"https:\/\/pubeurope.com\/@fr\/115172290264946788","error":""},"_links":{"self":[{"href":"https:\/\/www.europesays.com\/fr\/wp-json\/wp\/v2\/posts\/376814","targetHints":{"allow":["GET"]}}],"collection":[{"href":"https:\/\/www.europesays.com\/fr\/wp-json\/wp\/v2\/posts"}],"about":[{"href":"https:\/\/www.europesays.com\/fr\/wp-json\/wp\/v2\/types\/post"}],"author":[{"embeddable":true,"href":"https:\/\/www.europesays.com\/fr\/wp-json\/wp\/v2\/users\/2"}],"replies":[{"embeddable":true,"href":"https:\/\/www.europesays.com\/fr\/wp-json\/wp\/v2\/comments?post=376814"}],"version-history":[{"count":0,"href":"https:\/\/www.europesays.com\/fr\/wp-json\/wp\/v2\/posts\/376814\/revisions"}],"wp:featuredmedia":[{"embeddable":true,"href":"https:\/\/www.europesays.com\/fr\/wp-json\/wp\/v2\/media\/376815"}],"wp:attachment":[{"href":"https:\/\/www.europesays.com\/fr\/wp-json\/wp\/v2\/media?parent=376814"}],"wp:term":[{"taxonomy":"category","embeddable":true,"href":"https:\/\/www.europesays.com\/fr\/wp-json\/wp\/v2\/categories?post=376814"},{"taxonomy":"post_tag","embeddable":true,"href":"https:\/\/www.europesays.com\/fr\/wp-json\/wp\/v2\/tags?post=376814"}],"curies":[{"name":"wp","href":"https:\/\/api.w.org\/{rel}","templated":true}]}}