{"id":376816,"date":"2025-09-09T03:47:17","date_gmt":"2025-09-09T03:47:17","guid":{"rendered":"https:\/\/www.europesays.com\/fr\/376816\/"},"modified":"2025-09-09T03:47:17","modified_gmt":"2025-09-09T03:47:17","slug":"depart-de-feu-pres-dun-centre-equestre-a-louest-de-montpellier-deux-hectares-de-vegetation-brules","status":"publish","type":"post","link":"https:\/\/www.europesays.com\/fr\/376816\/","title":{"rendered":"D\u00e9part de feu pr\u00e8s d\u2019un centre \u00e9questre \u00e0 l\u2019ouest de Montpellier\u00a0: deux hectares de v\u00e9g\u00e9tation br\u00fbl\u00e9s"},"content":{"rendered":"<p>\n                                                                L\u2019incendie s\u2019est d\u00e9clar\u00e9 samedi 6\u00a0septembre entre Murviel-l\u00e8s-Montpellier et Saint-Georges-d\u2019Orques. Les b\u00e9n\u00e9voles du Comit\u00e9 communal feux de for\u00eat ont donn\u00e9 l\u2019alerte.\n                            <\/p>\n<p>Samedi 6\u00a0septembre, en d\u00e9but d\u2019apr\u00e8s-midi, un feu de v\u00e9g\u00e9tation s\u2019est d\u00e9clar\u00e9 le long de la route RD 27E6, entre Murviel-l\u00e8s-Montpellier et Saint-Georges-d\u2019Orques, \u00e0 proximit\u00e9 du centre \u00e9questre.<\/p>\n<p>Le d\u00e9part de feu a \u00e9t\u00e9 constat\u00e9 par les b\u00e9n\u00e9voles du CCFF (Comit\u00e9 communal feux de for\u00eat) de Murviel-l\u00e8s-Montpellier, qui sont intervenus imm\u00e9diatement. \u00ab\u00a0On a donn\u00e9 l\u2019alerte, puis on est arriv\u00e9 les premiers sur place. Notre priorit\u00e9 a \u00e9t\u00e9 de s\u00e9curiser la zone et d\u2019accueillir les services de secours\u00a0\u00bb, explique l\u2019un des membres pr\u00e9sents.<\/p>\n<p>La circulation interrompue pendant 2\u00a0heures<\/p>\n<p>La circulation a \u00e9t\u00e9 interrompue pendant pr\u00e8s de deux heures, au niveau de la croix de Cade, afin de permettre l\u2019intervention des forestiers-sapeurs et des sapeurs-pompiers de l\u2019H\u00e9rault. \u00c9quip\u00e9s de lances \u00e0 incendie, ils ont ma\u00eetris\u00e9 le sinistre.<\/p>\n<p>\u00ab\u00a0Malheureusement, deux hectares de v\u00e9g\u00e9tation et de vignes sont partis en fum\u00e9e\u00a0\u00bb, pr\u00e9cise le membre du CCFF. La gendarmerie a, de son c\u00f4t\u00e9, coordonn\u00e9\u00a0les secours.<br \/>Une fois la situation sous contr\u00f4le, la route a pu rouvrir dans l\u2019apr\u00e8s-midi.<\/p>\n<p>Les b\u00e9n\u00e9voles du CCFF ont ensuite rejoint la foire des associations, o\u00f9 ils tenaient un stand d\u2019information. L\u2019occasion de rappeler les bons r\u00e9flexes en cas de d\u00e9part de feu et l\u2019importance de la vigilance collective en cette p\u00e9riode encore \u00e0 risque.<\/p>\n","protected":false},"excerpt":{"rendered":"L\u2019incendie s\u2019est d\u00e9clar\u00e9 samedi 6\u00a0septembre entre Murviel-l\u00e8s-Montpellier et Saint-Georges-d\u2019Orques. Les b\u00e9n\u00e9voles du Comit\u00e9 communal feux de for\u00eat ont&hellip;\n","protected":false},"author":2,"featured_media":376817,"comment_status":"","ping_status":"","sticky":false,"template":"","format":"standard","meta":{"footnotes":""},"categories":[9599],"tags":[1111,11,1777,674,1011,27,2208,12,2680,25],"class_list":{"0":"post-376816","1":"post","2":"type-post","3":"status-publish","4":"format-standard","5":"has-post-thumbnail","7":"category-montpellier","8":"tag-actu","9":"tag-actualites","10":"tag-eu","11":"tag-europe","12":"tag-fr","13":"tag-france","14":"tag-montpellier","15":"tag-news","16":"tag-occitanie","17":"tag-republique-francaise"},"share_on_mastodon":{"url":"https:\/\/pubeurope.com\/@fr\/115172294261511348","error":""},"_links":{"self":[{"href":"https:\/\/www.europesays.com\/fr\/wp-json\/wp\/v2\/posts\/376816","targetHints":{"allow":["GET"]}}],"collection":[{"href":"https:\/\/www.europesays.com\/fr\/wp-json\/wp\/v2\/posts"}],"about":[{"href":"https:\/\/www.europesays.com\/fr\/wp-json\/wp\/v2\/types\/post"}],"author":[{"embeddable":true,"href":"https:\/\/www.europesays.com\/fr\/wp-json\/wp\/v2\/users\/2"}],"replies":[{"embeddable":true,"href":"https:\/\/www.europesays.com\/fr\/wp-json\/wp\/v2\/comments?post=376816"}],"version-history":[{"count":0,"href":"https:\/\/www.europesays.com\/fr\/wp-json\/wp\/v2\/posts\/376816\/revisions"}],"wp:featuredmedia":[{"embeddable":true,"href":"https:\/\/www.europesays.com\/fr\/wp-json\/wp\/v2\/media\/376817"}],"wp:attachment":[{"href":"https:\/\/www.europesays.com\/fr\/wp-json\/wp\/v2\/media?parent=376816"}],"wp:term":[{"taxonomy":"category","embeddable":true,"href":"https:\/\/www.europesays.com\/fr\/wp-json\/wp\/v2\/categories?post=376816"},{"taxonomy":"post_tag","embeddable":true,"href":"https:\/\/www.europesays.com\/fr\/wp-json\/wp\/v2\/tags?post=376816"}],"curies":[{"name":"wp","href":"https:\/\/api.w.org\/{rel}","templated":true}]}}