{"id":376824,"date":"2025-09-09T03:53:15","date_gmt":"2025-09-09T03:53:15","guid":{"rendered":"https:\/\/www.europesays.com\/fr\/376824\/"},"modified":"2025-09-09T03:53:15","modified_gmt":"2025-09-09T03:53:15","slug":"lentreprise-yves-rocher-fait-un-premier-pas-vers-le-reemploi-a-rennes-2","status":"publish","type":"post","link":"https:\/\/www.europesays.com\/fr\/376824\/","title":{"rendered":"L\u2019entreprise Yves Rocher fait un premier pas vers le r\u00e9emploi \u00e0 Rennes"},"content":{"rendered":"<p>La loi Anti gaspillage et pour une \u00e9conomie circulaire (Agec) encourage \u00e0 limiter la production de d\u00e9chets. Voil\u00e0 pourquoi, <a href=\"https:\/\/rennes.maville.com\/actu\/actudet_-exclusif.-la-consigne-du-verre-est-de-retour-le-12-juin-pour-10-ou-20-centimes-par-contenant-_54135-6819160_actu.Htm\" target=\"_self\" rel=\"nofollow noopener\">la consignation des bouteilles en verre<\/a> fait progressivement son grand retour en France.<\/p>\n<p>L\u2019entreprise Yves Rocher fait un pas dans le sens du r\u00e9emploi dans trois de ses boutiques, deux \u00e0 Paris et une \u00e0 Rennes, rue le Bastard. Les clients rapportant les pots en verre sont cr\u00e9dit\u00e9s d\u20191\u00a0\u20ac en bon d\u2019achat. Si dans les pr\u00e9sentoirs c\u2019est encore le plastique qui domine largement,<strong> \u00ab\u00a0nous avons actuellement 36\u00a0r\u00e9f\u00e9rences de produits, uniquement les soins visage, qui sont en verre et qui peuvent \u00eatre ramen\u00e9es en magasin,<\/strong> indique la directrice Impact et RSE Alexandra Ferr\u00e9.<\/p>\n<p>Pas encore remis dans le circuit<\/p>\n<p>Ces vieux pots r\u00e9colt\u00e9s partent ensuite vers la maison m\u00e8re \u00e0 La Gacilly, fief morbihannais de l\u2019entreprise. Sur place, une exp\u00e9rimentation est en cours pour r\u00e9aliser le lavage. <strong>\u00ab\u00a0Nous devons voir combien de rotations sont possibles, quelles sont les meilleures techniques \u00e0 utiliser pour les remplir \u00e0 nouveau. Notre but est \u00e9videmment d\u2019offrir \u00e0 la fin un produit de qualit\u00e9 \u00e9gale quand il sera remis dans le circuit.\u00a0\u00bb<\/strong> Ce qui n\u2019est pas encore le cas.\u00a0<\/p>\n<p>\t<img decoding=\"async\" src=\"https:\/\/www.europesays.com\/fr\/wp-content\/uploads\/2025\/09\/P35449582D6966055G_px_640_.jpg\" alt=\"photo alexandra ferr\u00e9 est la directrice impact &amp; rse de la marque yves rocher.  \u00a9  yves rocher\" width=\"640\" title=\" Alexandra Ferr\u00e9 est la directrice Impact &amp; RSE de la marque Yves Rocher.   Yves Rocher \"\/><\/p>\n<p class=\"elmt-legende\"> Alexandra Ferr\u00e9 est la directrice Impact &amp; RSE de la marque Yves Rocher.   Yves Rocher <\/p>\n<p>Si la phase industrielle est valid\u00e9e, ce syst\u00e8me de consignes pourrait alors \u00eatre \u00e9tendu aux 660\u00a0magasins de l\u2019enseigne en France.<\/p>\n<p>\u00a0<\/p>\n","protected":false},"excerpt":{"rendered":"La loi Anti gaspillage et pour une \u00e9conomie circulaire (Agec) encourage \u00e0 limiter la production de d\u00e9chets. Voil\u00e0&hellip;\n","protected":false},"author":2,"featured_media":376218,"comment_status":"","ping_status":"","sticky":false,"template":"","format":"standard","meta":{"footnotes":""},"categories":[2821],"tags":[1111,11,829,257,1777,674,21,1011,27,12,12391,584,25,34491,15989],"class_list":{"0":"post-376824","1":"post","2":"type-post","3":"status-publish","4":"format-standard","5":"has-post-thumbnail","7":"category-rennes","8":"tag-actu","9":"tag-actualites","10":"tag-bretagne","11":"tag-entreprise","12":"tag-eu","13":"tag-europe","14":"tag-fait","15":"tag-fr","16":"tag-france","17":"tag-news","18":"tag-reemploi","19":"tag-rennes","20":"tag-republique-francaise","21":"tag-rocher","22":"tag-yves"},"share_on_mastodon":{"url":"https:\/\/pubeurope.com\/@fr\/115172317820600923","error":""},"_links":{"self":[{"href":"https:\/\/www.europesays.com\/fr\/wp-json\/wp\/v2\/posts\/376824","targetHints":{"allow":["GET"]}}],"collection":[{"href":"https:\/\/www.europesays.com\/fr\/wp-json\/wp\/v2\/posts"}],"about":[{"href":"https:\/\/www.europesays.com\/fr\/wp-json\/wp\/v2\/types\/post"}],"author":[{"embeddable":true,"href":"https:\/\/www.europesays.com\/fr\/wp-json\/wp\/v2\/users\/2"}],"replies":[{"embeddable":true,"href":"https:\/\/www.europesays.com\/fr\/wp-json\/wp\/v2\/comments?post=376824"}],"version-history":[{"count":0,"href":"https:\/\/www.europesays.com\/fr\/wp-json\/wp\/v2\/posts\/376824\/revisions"}],"wp:featuredmedia":[{"embeddable":true,"href":"https:\/\/www.europesays.com\/fr\/wp-json\/wp\/v2\/media\/376218"}],"wp:attachment":[{"href":"https:\/\/www.europesays.com\/fr\/wp-json\/wp\/v2\/media?parent=376824"}],"wp:term":[{"taxonomy":"category","embeddable":true,"href":"https:\/\/www.europesays.com\/fr\/wp-json\/wp\/v2\/categories?post=376824"},{"taxonomy":"post_tag","embeddable":true,"href":"https:\/\/www.europesays.com\/fr\/wp-json\/wp\/v2\/tags?post=376824"}],"curies":[{"name":"wp","href":"https:\/\/api.w.org\/{rel}","templated":true}]}}