{"id":376831,"date":"2025-09-09T03:57:13","date_gmt":"2025-09-09T03:57:13","guid":{"rendered":"https:\/\/www.europesays.com\/fr\/376831\/"},"modified":"2025-09-09T03:57:13","modified_gmt":"2025-09-09T03:57:13","slug":"pres-de-nice-mcdonalds-licencie-cinq-personnes-pour-avoir-manifeste-trop-cest-trop","status":"publish","type":"post","link":"https:\/\/www.europesays.com\/fr\/376831\/","title":{"rendered":"Pr\u00e8s de Nice. McDonald&rsquo;s licencie cinq personnes pour avoir manifest\u00e9 : \u00ab\u00a0Trop c&rsquo;est trop\u00a0\u00bb"},"content":{"rendered":"<p>            Par<br \/>\n        <strong><br \/>\n            <a href=\"https:\/\/actu.fr\/auteur\/ugo-maillard\" title=\"Consulter tous les articles de Ugo Maillard\" target=\"_blank\" rel=\"noopener\">Ugo Maillard<\/a><br \/>\n        <\/strong><\/p>\n<p>        Publi\u00e9 le<\/p>\n<p>            8 sept. 2025 \u00e0 16h19        <\/p>\n<p>Tout commence le 15\u00a0juillet 2025. Ce jour-l\u00e0, une dizaine de salari\u00e9s du restaurant McDonald\u2019s de Cagnes-sur-Mer (<a href=\"https:\/\/actu.fr\/provence-alpes-cote-d-azur\/alpes-maritimes_06\" target=\"_blank\" rel=\"noopener\">Alpes-Maritimes<\/a>) se<strong> mettent en gr\u00e8ve<\/strong> pour d\u00e9noncer tout un tas de manquements\u2009: \u00ab\u2009acharnement moral\u2009\u00bb, \u00ab\u2009heures suppl\u00e9mentaires non pay\u00e9es\u2009\u00bb ou encore une \u00ab\u2009hygi\u00e8ne douteuse\u2009\u00bb dans l\u2019\u00e9tablissement avec la \u00ab\u2009pr\u00e9sence de cafards\u2009\u00bb et du \u00ab\u2009mat\u00e9riel frigorifique en panne\u2009\u00bb. Une situation signal\u00e9e \u00e0 plusieurs reprises en interne qui n\u2019a pas trouv\u00e9 \u00e9cho aupr\u00e8s de la direction du restaurant.<\/p>\n<p class=\" wall-content\">Dix jours plus tard, cinq d\u2019entre eux sont mis \u00e0 pied. Mi-ao\u00fbt, la d\u00e9cision tombe. Ils sont <strong>licenci\u00e9s<\/strong> pour \u00ab\u2009faute lourde\u2009\u00bb. Les raisons \u00e9voqu\u00e9es par la direction de l\u2019\u00e9tablissement cagnois sont floues, mais tiennent sur leur action de protestation qui aurait entrav\u00e9 le service du restaurant.<\/p>\n<p class=\" wall-content\">La CGT a d\u00e9cid\u00e9 de se mobiliser et d\u2019accompagner les cinq salari\u00e9s dans leur combat.<\/p>\n<p>\u00ab\u2009Ils sont en col\u00e8re\u2009\u00bb<\/p>\n<p class=\" wall-content\">Ce lundi 8\u00a0septembre, une manifestation a \u00e9t\u00e9 organis\u00e9e par des membres de la CGT devant le restaurant McDonald\u2019s de Cagnes-sur-Mer. La dizaine de militants ont<strong> distribu\u00e9 des tracts<\/strong> aux clients du drive pour d\u00e9noncer cette d\u00e9cision \u00ab\u2009injuste\u2009\u00bb, devant une dizaine de policiers nationaux et municipaux.<\/p>\n<p>    <img   decoding=\"async\" loading=\"lazy\" src=\"https:\/\/www.europesays.com\/fr\/wp-content\/uploads\/2025\/09\/drive-mcdo-cgt-960x640.png\" alt=\"Une distribution de tracts aupr\u00e8s des clients de McDonald's.\" width=\"960\" height=\"640\"\/><br \/>\n    Une distribution de tracts aupr\u00e8s des clients de McDonald\u2019s. (\u00a9Ugo Maillard \/ actu Nice)<br \/>\n    <a href=\"https:\/\/www.google.com\/maps\/embed?pb=!1m18!1m12!1m3!1d8402.896877944986!2d7.132042265644548!3d43.662777558996346!2m3!1f0!2f0!3f0!3m2!1i1024!2i768!4f13.1!3m3!1m2!1s0x12cdd374947b586b%3A0x86e32ad9f575b88d!2sMcDonald%27s%20Cagnes-sur-Mer!5e0!3m2!1sfr!2sfr!4v1757335224974!5m2!1sfr!2sfr\" title=\"Ouvrie le lien\" target=\"_blank\" rel=\"noopener\">Cliquez ici pour visualiser le contenu<\/a><\/p>\n<p class=\" wall-content\">\u00ab\u2009En \u00e9tant vir\u00e9s pour faute lourde, les cinq employ\u00e9s n\u2019ont pas le droit aux indemnit\u00e9s de licenciement. Il s\u2019agit tout simplement d\u2019une n\u00e9gation du droit de gr\u00e8ve, pourtant inscrit dans la constitution\u2009\u00bb, explique les syndicalistes \u00e0 la r\u00e9daction d\u2019<a href=\"https:\/\/actu.fr\/nice\/\" target=\"_blank\" rel=\"noopener\">actu Nice.<\/a><\/p>\n<p>Votre r\u00e9gion, votre actu !<\/p>\n<p>Recevez chaque jour les infos qui comptent pour vous.<\/p>\n<p>\t<a href=\"https:\/\/actu.fr\/newsletter\" class=\"ac-btn ac-btn--corner ac-btn--medium ac-btn--blue800\" target=\"_blank\" rel=\"noopener\">S&rsquo;incrire<\/a><\/p>\n<blockquote class=\"ac-article-quote wall-content\">\n<p>Trop, c&rsquo;est trop. La CGT r\u00e9clame le respect de la loi et du droit de gr\u00e8ve, des conditions de travail d\u00e9centes et la fin des pressions et des licenciements abusifs.<\/p>\n<p>    <strong>CGT Commerce et services Carros, des Alpes-Maritimes<\/strong>\n            <\/p><\/blockquote>\n<p class=\" wall-content\">Dominique Larose, \u00e0 la GCT commerce des Alpes-Maritimes, explique que les \u00ab\u2009cinq salari\u00e9s sont en col\u00e8re\u2009\u00bb. Ce lundi, ils n\u2019\u00e9taient pas pr\u00e9sents devant le McDonald\u2019s par peur de r\u00e9percussion \u00ab\u2009au niveau p\u00e9nal\u2009\u00bb, nous glisse-t-on.<\/p>\n<p>Une possibilit\u00e9 d\u2019aller aux prud\u2019hommes<\/p>\n<p class=\" wall-content\">Dans un mail adress\u00e9 au franchis\u00e9 du restaurant McDonald\u2019s de Cagnes-sur-Mer, la CGT d\u00e9nonce des proc\u00e9dures de sanction engag\u00e9es pour \u00ab\u2009licencier des salari\u00e9s qui vous [le franchis\u00e9] d\u00e9rangent\u2009\u00bb.<\/p>\n<p class=\" wall-content\">Pour l\u2019heure, l\u2019objectif du syndicat et des cinq personnes licenci\u00e9es est d\u2019obtenir un licenciement pour faute simple, ce qui leur permettrait d\u2019obtenir des indemnit\u00e9s de licenciement.<\/p>\n<p class=\" wall-content\">La CGT va faire appel \u00e0 un avocat et <strong>se r\u00e9serve le droit d\u2019aller devant le conseil des prud\u2019hommes<\/strong> si la direction de McDonald\u2019s ne r\u00e9pond pas.<\/p>\n<p class=\" wall-content\">Sollicit\u00e9 par la r\u00e9daction d\u2019actu Nice, le groupe McDonald\u2019s n\u2019a pas encore r\u00e9pondu.<\/p>\n<p class=\" wall-content\">Personnalisez votre actualit\u00e9 en ajoutant vos villes et m\u00e9dias en favori avec <a href=\"https:\/\/moncompte.actu.fr\" title=\"D\u00e9couvez Mon Actu\" rel=\"nofollow noopener\" data-trk=\"{&quot;cta&quot;:{&quot;action&quot;:&quot;https:\\\/\\\/moncompte.actu.fr&quot;,&quot;category&quot;:&quot;mon compte&quot;,&quot;from&quot;:&quot;article footer&quot;,&quot;name&quot;:&quot;Mon actu&quot;,&quot;type&quot;:&quot;cta&quot;}}\" target=\"_blank\">Mon Actu<\/a>.<\/p>\n","protected":false},"excerpt":{"rendered":"Par Ugo Maillard Publi\u00e9 le 8 sept. 2025 \u00e0 16h19 Tout commence le 15\u00a0juillet 2025. Ce jour-l\u00e0, une&hellip;\n","protected":false},"author":2,"featured_media":376832,"comment_status":"","ping_status":"","sticky":false,"template":"","format":"standard","meta":{"footnotes":""},"categories":[2819],"tags":[1111,11,341,1777,674,1011,27,679,12,2401,882,25,104,3427],"class_list":{"0":"post-376831","1":"post","2":"type-post","3":"status-publish","4":"format-standard","5":"has-post-thumbnail","7":"category-nice","8":"tag-actu","9":"tag-actualites","10":"tag-emploi","11":"tag-eu","12":"tag-europe","13":"tag-fr","14":"tag-france","15":"tag-mcdonalds","16":"tag-news","17":"tag-nice","18":"tag-provence-alpes-cote-dazur","19":"tag-republique-francaise","20":"tag-societe","21":"tag-syndicats"},"share_on_mastodon":{"url":"https:\/\/pubeurope.com\/@fr\/115172333637566467","error":""},"_links":{"self":[{"href":"https:\/\/www.europesays.com\/fr\/wp-json\/wp\/v2\/posts\/376831","targetHints":{"allow":["GET"]}}],"collection":[{"href":"https:\/\/www.europesays.com\/fr\/wp-json\/wp\/v2\/posts"}],"about":[{"href":"https:\/\/www.europesays.com\/fr\/wp-json\/wp\/v2\/types\/post"}],"author":[{"embeddable":true,"href":"https:\/\/www.europesays.com\/fr\/wp-json\/wp\/v2\/users\/2"}],"replies":[{"embeddable":true,"href":"https:\/\/www.europesays.com\/fr\/wp-json\/wp\/v2\/comments?post=376831"}],"version-history":[{"count":0,"href":"https:\/\/www.europesays.com\/fr\/wp-json\/wp\/v2\/posts\/376831\/revisions"}],"wp:featuredmedia":[{"embeddable":true,"href":"https:\/\/www.europesays.com\/fr\/wp-json\/wp\/v2\/media\/376832"}],"wp:attachment":[{"href":"https:\/\/www.europesays.com\/fr\/wp-json\/wp\/v2\/media?parent=376831"}],"wp:term":[{"taxonomy":"category","embeddable":true,"href":"https:\/\/www.europesays.com\/fr\/wp-json\/wp\/v2\/categories?post=376831"},{"taxonomy":"post_tag","embeddable":true,"href":"https:\/\/www.europesays.com\/fr\/wp-json\/wp\/v2\/tags?post=376831"}],"curies":[{"name":"wp","href":"https:\/\/api.w.org\/{rel}","templated":true}]}}