{"id":376835,"date":"2025-09-09T03:59:23","date_gmt":"2025-09-09T03:59:23","guid":{"rendered":"https:\/\/www.europesays.com\/fr\/376835\/"},"modified":"2025-09-09T03:59:23","modified_gmt":"2025-09-09T03:59:23","slug":"ce-nouveau-college-dun-cout-de-26-millions-deuros-a-ete-inaugure-pres-de-nantes","status":"publish","type":"post","link":"https:\/\/www.europesays.com\/fr\/376835\/","title":{"rendered":"Ce nouveau coll\u00e8ge d\u2019un co\u00fbt de 26\u00a0millions d\u2019euros a \u00e9t\u00e9 inaugur\u00e9 pr\u00e8s de Nantes"},"content":{"rendered":"<p><a href=\"https:\/\/nantes.maville.com\/actu\/actudet_-ce-tout-nouveau-college-pres-de-nantes-mise-sur-la-sobriete-energetique-_8-6782880_actu.Htm\" rel=\"nofollow noopener\" target=\"_blank\">Apr\u00e8s trois ans de travaux<\/a>, le nouveau <a href=\"https:\/\/afrank.loire-atlantique.e-lyco.fr\/\" target=\"_self\" rel=\"nofollow noopener\">coll\u00e8ge Anne-Frank<\/a>, venu remplacer l\u2019ancien coll\u00e8ge Ernest-Renan a \u00e9t\u00e9 inaugur\u00e9 ce vendredi 5\u00a0septembre en pr\u00e9sence de Michel M\u00e9nard, pr\u00e9sident du d\u00e9partement de Loire-Atlantique, Vincent Danis, vice-pr\u00e9sident en charge de l\u2019\u00e9ducation, Katia B\u00e9guin, rectrice de l\u2019acad\u00e9mie de Nantes, Bertrand Affil\u00e9, Jean-Marc Launay, &#8230;<\/p>\n<p>\u00a0<\/p>\n","protected":false},"excerpt":{"rendered":"Apr\u00e8s trois ans de travaux, le nouveau coll\u00e8ge Anne-Frank, venu remplacer l\u2019ancien coll\u00e8ge Ernest-Renan a \u00e9t\u00e9 inaugur\u00e9 ce&hellip;\n","protected":false},"author":2,"featured_media":376836,"comment_status":"","ping_status":"","sticky":false,"template":"","format":"standard","meta":{"footnotes":""},"categories":[2818],"tags":[3269,1111,11,1124,3590,2883,1777,674,4658,1011,27,20822,4657,766,12,4565,2636,3762,25],"class_list":{"0":"post-376835","1":"post","2":"type-post","3":"status-publish","4":"format-standard","5":"has-post-thumbnail","7":"category-nantes","8":"tag-3269","9":"tag-actu","10":"tag-actualites","11":"tag-college","12":"tag-cout","13":"tag-ete","14":"tag-eu","15":"tag-europe","16":"tag-euros","17":"tag-fr","18":"tag-france","19":"tag-inaugure","20":"tag-millions","21":"tag-nantes","22":"tag-news","23":"tag-nouveau","24":"tag-pays-de-la-loire","25":"tag-pres","26":"tag-republique-francaise"},"share_on_mastodon":{"url":"https:\/\/pubeurope.com\/@fr\/115172341394754037","error":""},"_links":{"self":[{"href":"https:\/\/www.europesays.com\/fr\/wp-json\/wp\/v2\/posts\/376835","targetHints":{"allow":["GET"]}}],"collection":[{"href":"https:\/\/www.europesays.com\/fr\/wp-json\/wp\/v2\/posts"}],"about":[{"href":"https:\/\/www.europesays.com\/fr\/wp-json\/wp\/v2\/types\/post"}],"author":[{"embeddable":true,"href":"https:\/\/www.europesays.com\/fr\/wp-json\/wp\/v2\/users\/2"}],"replies":[{"embeddable":true,"href":"https:\/\/www.europesays.com\/fr\/wp-json\/wp\/v2\/comments?post=376835"}],"version-history":[{"count":0,"href":"https:\/\/www.europesays.com\/fr\/wp-json\/wp\/v2\/posts\/376835\/revisions"}],"wp:featuredmedia":[{"embeddable":true,"href":"https:\/\/www.europesays.com\/fr\/wp-json\/wp\/v2\/media\/376836"}],"wp:attachment":[{"href":"https:\/\/www.europesays.com\/fr\/wp-json\/wp\/v2\/media?parent=376835"}],"wp:term":[{"taxonomy":"category","embeddable":true,"href":"https:\/\/www.europesays.com\/fr\/wp-json\/wp\/v2\/categories?post=376835"},{"taxonomy":"post_tag","embeddable":true,"href":"https:\/\/www.europesays.com\/fr\/wp-json\/wp\/v2\/tags?post=376835"}],"curies":[{"name":"wp","href":"https:\/\/api.w.org\/{rel}","templated":true}]}}