{"id":376851,"date":"2025-09-09T04:08:09","date_gmt":"2025-09-09T04:08:09","guid":{"rendered":"https:\/\/www.europesays.com\/fr\/376851\/"},"modified":"2025-09-09T04:08:09","modified_gmt":"2025-09-09T04:08:09","slug":"rtm-sncf-quel-impact-sur-les-transports-a-marseille","status":"publish","type":"post","link":"https:\/\/www.europesays.com\/fr\/376851\/","title":{"rendered":"RTM, SNCF&#8230; Quel impact sur les transports \u00e0 Marseille\u00a0?"},"content":{"rendered":"<p>            Par<br \/>\n        <strong><br \/>\n            <a href=\"https:\/\/actu.fr\/auteur\/fabien-binacchi\" title=\"Consulter tous les articles de Fabien Binacchi\" target=\"_blank\" rel=\"noopener\">Fabien Binacchi<\/a><br \/>\n        <\/strong><\/p>\n<p>        Publi\u00e9 le<\/p>\n<p>            9 sept. 2025 \u00e0 5h44        <\/p>\n<p>\u00ab\u2009Bloquons tout\u2009\u00bb dans les transports de <a href=\"https:\/\/actu.fr\/marseille\/\" target=\"_blank\" rel=\"noopener\">Marseille<\/a>\u2009? Sur les rails comme \u00e0 la <a href=\"https:\/\/actu.fr\/tag\/rtm\" target=\"_blank\" rel=\"noopener\">RTM<\/a>, le mouvement social du mercredi 10\u00a0septembre 2025 va avoir un impact certain sur vos d\u00e9placements dans la cit\u00e9 phoc\u00e9enne, \u00e0 l\u2019int\u00e9rieur du d\u00e9partement des <a href=\"https:\/\/actu.fr\/provence-alpes-cote-d-azur\/bouches-du-rhone_13\" target=\"_blank\" rel=\"noopener\">Bouches-du-Rh\u00f4ne <\/a>et m\u00eame au-del\u00e0. Voici tout ce qu\u2019il faut savoir sur <strong>les transports en commun qui circulent ou pas ce jour-l\u00e0,<\/strong> avant d\u2019envisager \u00e9ventuellement un plan B.<\/p>\n<p>Un impact limit\u00e9 sur les r\u00e9seaux de la RTM<\/p>\n<p class=\" wall-content\">Les usagers du r\u00e9seau marseillais de la RTM peuvent d\u00e9j\u00e0 se rassurer\u2009: pour eux, la situation<strong> n\u2019est pas catastrophique.<\/strong> Selon les pr\u00e9visions communiqu\u00e9es par la r\u00e9gie, le trafic n\u2019est finalement que peu impact\u00e9 ce 10\u00a0septembre. Le service est assur\u00e9 normalement sur les deux lignes de m\u00e9tro M1 et M2. Celles de tramway (T1, T2 et T3) circulent \u00e0 85\u2009% et m\u00eame <strong>jusqu\u2019\u00e0 100\u2009% autour des heures de pointe,<\/strong> \u00e0 8h, midi et 17h, promet la r\u00e9gie.<\/p>\n<p class=\" wall-content\">Pour le bus, les voyageurs vont tout de m\u00eame devoir se passer d\u20191\/5 des trajets normalement programm\u00e9s un mercredi, soit <strong>20\u2009% du total des circulations en moins.<\/strong> C\u2019est une moyenne. Le d\u00e9tail, ligne par ligne, est disponible directement <a href=\"https:\/\/www.rtm.fr\/infos-trafic\/5459771719608358411\" target=\"_blank\" rel=\"noopener\">sur le site de la RTM.<\/a><\/p>\n<p class=\" wall-content\">\n<p class=\" wall-content\">Le service est annonc\u00e9 en revanche annonc\u00e9 \u00ab\u2009normal\u2009\u00bb pour les transports scolaires et le transport des personnes et \u00e9l\u00e8ves en situation de handicap.<\/p>\n<p class=\" wall-content\">En dehors de Marseille, <strong>l\u2019Aixpress tourne \u00e0 85\u2009%,<\/strong> la ligne 50 \u00e0 80\u2009% et les r\u00e9seaux de Martigues (Ulysse), Aubagne (Ligne de l\u2019agglo) et La Ciotat (Ciotabus) ne sont pas impact\u00e9es.<\/p>\n<p>Les TER touch\u00e9s, pas les TGV<\/p>\n<p class=\" wall-content\">Du c\u00f4t\u00e9 du r\u00e9seau ferr\u00e9, les TER sont concern\u00e9s par le mouvement social. La SNCF confirme que <strong>\u00ab\u2009la circulation des trains sera perturb\u00e9e sur la r\u00e9gion Sud\u2009\u00bb<\/strong> mais ne pr\u00e9cise pour l\u2019instant pas l\u2019ampleur des r\u00e9percussions sur le trafic. Les pr\u00e9visions seront disponibles \u00e0 partir de 17h ce mardi\u00a09 (<a href=\"https:\/\/www.ter.sncf.com\/sud-provence-alpes-cote-d-azur\/se-deplacer\/info-trafic\/greve\" target=\"_blank\" rel=\"noopener\">en ligne<\/a> et dans les gares).<\/p>\n<p class=\" wall-content\">Des perturbations sont \u00e9galement \u00e0 pr\u00e9voir sur certains Intercit\u00e9s. La ligne <strong>Bordeaux-Marseille<\/strong> et les trains de nuit sont notamment concern\u00e9s. Les trains \u00e0 grande vitesse TGV Inoui, Ouigo et internationaux \u00ab\u2009circuleront normalement\u2009\u00bb, a en revanche pr\u00e9cis\u00e9 la SNCF.<\/p>\n<p>Votre r\u00e9gion, votre actu !<\/p>\n<p>Recevez chaque jour les infos qui comptent pour vous.<\/p>\n<p>\t<a href=\"https:\/\/actu.fr\/newsletter\" class=\"ac-btn ac-btn--corner ac-btn--medium ac-btn--blue800\" target=\"_blank\" rel=\"noopener\">S&rsquo;incrire<\/a><br \/>\nEt dans les airs\u2009?<\/p>\n<p class=\" wall-content\">La direction g\u00e9n\u00e9rale de l\u2019Aviation civile fait savoir qu\u2019elle pr\u00e9voit des perturbations et des retards \u00ab\u2009sur l\u2019ensemble des a\u00e9roports fran\u00e7ais\u2009\u00bb ce mercredi, jour du mouvement. \u00ab\u2009Afin de limiter les perturbations du trafic\u2009\u00bb, elle \u00ab\u2009appliquera les dispositions du <strong>service minimum<\/strong> en soir\u00e9e dans le centre en route de la navigation a\u00e9rienne d\u2019Aix-en-Provence\u2009\u00bb et dans les services de navigation a\u00e9rienne de l\u2019a\u00e9roport de Marseille-Provence, ajoute-t-elle.<\/p>\n<p class=\" wall-content\">R\u00e9sultat, le trafic \u00ab\u2009sera perturb\u00e9 au d\u00e9part et \u00e0 l\u2019arriv\u00e9e des a\u00e9roports de Marseille-Provence, Nice, Bastia, Ajaccio, Figari et Calvi\u2009\u00bb. Des retards et des annulations sont \u00e0 pr\u00e9voir <strong>entre 18h et minuit.<\/strong> Les voyageurs sont pri\u00e9s de prendre leurs devants.<\/p>\n<p class=\" wall-content\">Personnalisez votre actualit\u00e9 en ajoutant vos villes et m\u00e9dias en favori avec <a href=\"https:\/\/moncompte.actu.fr\" title=\"D\u00e9couvez Mon Actu\" rel=\"nofollow noopener\" data-trk=\"{&quot;cta&quot;:{&quot;action&quot;:&quot;https:\\\/\\\/moncompte.actu.fr&quot;,&quot;category&quot;:&quot;mon compte&quot;,&quot;from&quot;:&quot;article footer&quot;,&quot;name&quot;:&quot;Mon actu&quot;,&quot;type&quot;:&quot;cta&quot;}}\" target=\"_blank\">Mon Actu<\/a>.<\/p>\n","protected":false},"excerpt":{"rendered":"Par Fabien Binacchi Publi\u00e9 le 9 sept. 2025 \u00e0 5h44 \u00ab\u2009Bloquons tout\u2009\u00bb dans les transports de Marseille\u2009? Sur&hellip;\n","protected":false},"author":2,"featured_media":376852,"comment_status":"","ping_status":"","sticky":false,"template":"","format":"standard","meta":{"footnotes":""},"categories":[2814],"tags":[1111,11,1777,674,1011,27,884,12,882,25,10783,2215,104,2803],"class_list":{"0":"post-376851","1":"post","2":"type-post","3":"status-publish","4":"format-standard","5":"has-post-thumbnail","7":"category-marseille","8":"tag-actu","9":"tag-actualites","10":"tag-eu","11":"tag-europe","12":"tag-fr","13":"tag-france","14":"tag-marseille","15":"tag-news","16":"tag-provence-alpes-cote-dazur","17":"tag-republique-francaise","18":"tag-rtm","19":"tag-sncf","20":"tag-societe","21":"tag-transport"},"share_on_mastodon":{"url":"https:\/\/pubeurope.com\/@fr\/115172376820264845","error":""},"_links":{"self":[{"href":"https:\/\/www.europesays.com\/fr\/wp-json\/wp\/v2\/posts\/376851","targetHints":{"allow":["GET"]}}],"collection":[{"href":"https:\/\/www.europesays.com\/fr\/wp-json\/wp\/v2\/posts"}],"about":[{"href":"https:\/\/www.europesays.com\/fr\/wp-json\/wp\/v2\/types\/post"}],"author":[{"embeddable":true,"href":"https:\/\/www.europesays.com\/fr\/wp-json\/wp\/v2\/users\/2"}],"replies":[{"embeddable":true,"href":"https:\/\/www.europesays.com\/fr\/wp-json\/wp\/v2\/comments?post=376851"}],"version-history":[{"count":0,"href":"https:\/\/www.europesays.com\/fr\/wp-json\/wp\/v2\/posts\/376851\/revisions"}],"wp:featuredmedia":[{"embeddable":true,"href":"https:\/\/www.europesays.com\/fr\/wp-json\/wp\/v2\/media\/376852"}],"wp:attachment":[{"href":"https:\/\/www.europesays.com\/fr\/wp-json\/wp\/v2\/media?parent=376851"}],"wp:term":[{"taxonomy":"category","embeddable":true,"href":"https:\/\/www.europesays.com\/fr\/wp-json\/wp\/v2\/categories?post=376851"},{"taxonomy":"post_tag","embeddable":true,"href":"https:\/\/www.europesays.com\/fr\/wp-json\/wp\/v2\/tags?post=376851"}],"curies":[{"name":"wp","href":"https:\/\/api.w.org\/{rel}","templated":true}]}}