{"id":376855,"date":"2025-09-09T04:10:11","date_gmt":"2025-09-09T04:10:11","guid":{"rendered":"https:\/\/www.europesays.com\/fr\/376855\/"},"modified":"2025-09-09T04:10:11","modified_gmt":"2025-09-09T04:10:11","slug":"un-humoriste-lyonnais-dans-la-tourmente","status":"publish","type":"post","link":"https:\/\/www.europesays.com\/fr\/376855\/","title":{"rendered":"un humoriste lyonnais dans la tourmente"},"content":{"rendered":"<p>\u00ab\u00a0D\u00e8s qu\u2019on \u00e9voquait son nom, c\u2018\u00e9tait Voldemort. La moiti\u00e9 des humoristes de Lyon ne veulent pas jouer avec Sofiene El Mekkaoui, de son nom de sc\u00e8ne Soso la Barbe. Il a propos\u00e9 plusieurs fois de venir au Speaker. Pour moi, c\u2019est non\u00a0\u00bb, explique le g\u00e9rant de l\u2019\u00e9tablissement du 1er \u00a0arrondissement. Ce n\u2019est pas la seule salle o\u00f9 le Lyonnais n\u2019est plus le bienvenu\u00a0: \u00e0 l\u2019Alma ou encore au Complexe. Et m\u00eame en dehors du secteur, \u00e0 Nice, les propri\u00e9taires du  Bobar comedy club  \u00e9mettent des r\u00e9serves.<\/p>\n<p>De son c\u00f4t\u00e9 l\u2019humoriste nuance\u00a0: \u00ab\u00a0Il faut arr\u00eater de fantasmer sur les histoires de blacklistage. Au Complexe, ils sont tr\u00e8s nombreux \u00e0 ne pas jouer. Je n\u2019y vais plus, on ne m\u2019a pas donn\u00e9 de raison particuli\u00e8re. Pour l\u2019Alma, j\u2019y jouais souvent, mais avec la personne qui anime le plateau, on ne s\u2019est jamais r\u00e9ellement&#8230;<\/p>\n","protected":false},"excerpt":{"rendered":"\u00ab\u00a0D\u00e8s qu\u2019on \u00e9voquait son nom, c\u2018\u00e9tait Voldemort. La moiti\u00e9 des humoristes de Lyon ne veulent pas jouer avec&hellip;\n","protected":false},"author":2,"featured_media":376856,"comment_status":"","ping_status":"","sticky":false,"template":"","format":"standard","meta":{"footnotes":""},"categories":[1889],"tags":[1111,11,2430,1687,2757,1777,674,274,107,1011,27,2428,2756,12,25,2429,3140],"class_list":{"0":"post-376855","1":"post","2":"type-post","3":"status-publish","4":"format-standard","5":"has-post-thumbnail","7":"category-lyon","8":"tag-actu","9":"tag-actualites","10":"tag-auvergne-rhone-alpes","11":"tag-culture-loisirs","12":"tag-edition-lyon-villeurbanne","13":"tag-eu","14":"tag-europe","15":"tag-faits-divers-justice","16":"tag-fil-info","17":"tag-fr","18":"tag-france","19":"tag-lyon","20":"tag-lyon-bassin","21":"tag-news","22":"tag-republique-francaise","23":"tag-rhone","24":"tag-spectacle"},"share_on_mastodon":{"url":"https:\/\/pubeurope.com\/@fr\/115172385610023160","error":""},"_links":{"self":[{"href":"https:\/\/www.europesays.com\/fr\/wp-json\/wp\/v2\/posts\/376855","targetHints":{"allow":["GET"]}}],"collection":[{"href":"https:\/\/www.europesays.com\/fr\/wp-json\/wp\/v2\/posts"}],"about":[{"href":"https:\/\/www.europesays.com\/fr\/wp-json\/wp\/v2\/types\/post"}],"author":[{"embeddable":true,"href":"https:\/\/www.europesays.com\/fr\/wp-json\/wp\/v2\/users\/2"}],"replies":[{"embeddable":true,"href":"https:\/\/www.europesays.com\/fr\/wp-json\/wp\/v2\/comments?post=376855"}],"version-history":[{"count":0,"href":"https:\/\/www.europesays.com\/fr\/wp-json\/wp\/v2\/posts\/376855\/revisions"}],"wp:featuredmedia":[{"embeddable":true,"href":"https:\/\/www.europesays.com\/fr\/wp-json\/wp\/v2\/media\/376856"}],"wp:attachment":[{"href":"https:\/\/www.europesays.com\/fr\/wp-json\/wp\/v2\/media?parent=376855"}],"wp:term":[{"taxonomy":"category","embeddable":true,"href":"https:\/\/www.europesays.com\/fr\/wp-json\/wp\/v2\/categories?post=376855"},{"taxonomy":"post_tag","embeddable":true,"href":"https:\/\/www.europesays.com\/fr\/wp-json\/wp\/v2\/tags?post=376855"}],"curies":[{"name":"wp","href":"https:\/\/api.w.org\/{rel}","templated":true}]}}