{"id":376857,"date":"2025-09-09T04:11:18","date_gmt":"2025-09-09T04:11:18","guid":{"rendered":"https:\/\/www.europesays.com\/fr\/376857\/"},"modified":"2025-09-09T04:11:18","modified_gmt":"2025-09-09T04:11:18","slug":"metropole-de-lyon-notre-selection-de-concerts-a-ne-pas-rater-jusqua-fin-decembre","status":"publish","type":"post","link":"https:\/\/www.europesays.com\/fr\/376857\/","title":{"rendered":"M\u00e9tropole de Lyon. Notre s\u00e9lection de concerts \u00e0 ne pas rater jusqu\u2019\u00e0 fin d\u00e9cembre"},"content":{"rendered":"<p>  Septembre<\/p>\n<p>Ce mois de rentr\u00e9e est encore calme en mati\u00e8re de concerts. On note la soir\u00e9e des 10 ans du label <strong>Bongo Joe<\/strong> au Transbordeur le samedi 20\u00a0septembre. Et, le m\u00eame jour, les Fran\u00e7ais de <strong>Trois Caf\u00e9s Gourmands<\/strong> au Radiant. On mentionnera aussi le concert du rappeur Ven1 le 24 \u00e0 la Rayonne, o\u00f9 aura lieu le 27 une soir\u00e9e sous les auspices du punk avec le Let Me Jump Fest qui met \u00e0 l\u2019affiche <strong><a href=\"https:\/\/www.leprogres.fr\/culture-loisirs\/2023\/08\/21\/tagada-jones-on-s-est-lance-dans-l-aventure-pensant-que-ca-durerait-deux-ou-trois-ans\" target=\"_blank\" rel=\"noopener\">Tagada Jones<\/a> , Toxic Frogs et Resto Basket<\/strong> , et qui offre un rendez-vous metal avec <strong>Bleed from Within<\/strong> le 30\u00a0septembre.<\/p>\n<p>    &#13;<br \/>\n    &#13;<br \/>\n    &#13;<br \/>\n    <a href=\"https:\/\/cdn-s-www.leprogres.fr\/images\/957ae566-9705-4445-bd44-be2b06552bd6\/NW_raw\/tagada-jones-ici-lors-d-un-concert-en-haute-loire-photo-michel-taffin-1757352750.jpg\" title=\"Tagada Jones, ici lors d\u2019un concert en Haute-Loire. \u00a0 Photo\u00a0Michel Taffin\" class=\"chocolat-image GA-tracking\" data-ga_type=\"click\" data-ga_category=\"D\u00e9tail\" data-ga_action=\"zoomer\" data-ga_label=\"aggrandir image\" target=\"_blank\" rel=\"noopener\">&#13;<br \/>\n        <img src=\"https:\/\/www.europesays.com\/fr\/wp-content\/uploads\/2025\/09\/tagada-jones-ici-lors-d-un-concert-en-haute-loire-photo-michel-taffin-1757352750.jpg\"   alt=\"Tagada Jones, ici lors d\u2019un concert en Haute-Loire. \u00a0 Photo\u00a0Michel Taffin\" fetchpriority=\"high\" decoding=\"async\" data-mobile=\"NW_listA_M|1757352750\" data-base=\"NW_listA|1757352750\"\/>&#13;<br \/>\n    <\/a>&#13;<\/p>\n<p> Tagada Jones, ici lors d\u2019un concert en Haute-Loire. \u00a0 Photo\u00a0Michel Taffin <\/p>\n<p>  Octobre<\/p>\n<p>Les quatre concerts de f\u00e9vrier n\u2019auront pas suffi \u00e0 rassasier leurs fans. <strong><a href=\"https:\/\/www.leprogres.fr\/culture-loisirs\/2025\/02\/06\/indochine-face-aux-lecteurs-du-progres-ce-groupe-s-est-forme-dans-une-sorte-d-inconscience-totale\" target=\"_blank\" rel=\"noopener\">Indochine<\/a><\/strong><a href=\"https:\/\/www.leprogres.fr\/culture-loisirs\/2025\/02\/06\/indochine-face-aux-lecteurs-du-progres-ce-groupe-s-est-forme-dans-une-sorte-d-inconscience-totale\" target=\"_blank\" rel=\"noopener\"> revient \u00e0 la LDLC Arena<\/a> pour 6 dates, les 10, 11, 14, 15, 17 et 18\u00a0octobre. Un Arena Tour spectaculaire et qui affiche complet partout. Dans la m\u00eame salle, on pourra voir le rappeur <strong>Gazo <\/strong> le 24\u00a0octobre et l\u2019ex star-acad\u00e9micienne <strong>Helena <\/strong> le 26.<\/p>\n<p>La nouvelle Fiducial Ast\u00e9ria, install\u00e9e \u00e0 D\u00e9cines \u00e0 c\u00f4t\u00e9 de la LDLC, annonce une soir\u00e9e d\u2019ouverture le 30\u00a0octobre avec une <strong>Ed Banger Party <\/strong> avec le fondateur de ce label et parrain de la french touch Busy P. aka Pedro Winter.<\/p>\n<p>    &#13;<br \/>\n    &#13;<br \/>\n    &#13;<br \/>\n    <a href=\"https:\/\/cdn-s-www.leprogres.fr\/images\/cdf874e2-4326-4042-8875-fc5081b40035\/NW_raw\/apres-quatre-soirees-a-guichets-fermes-en-fevrier-indochine-revient-a-lyon-photo-stephane-guiochon-1757352750.jpg\" title=\"Apr\u00e8s quatre soir\u00e9es \u00e0 Guichets ferm\u00e9s en f\u00e9vrier, Indochine revient \u00e0 Lyon. Photo\u00a0St\u00e9phane Guiochon\" class=\"chocolat-image GA-tracking\" data-ga_type=\"click\" data-ga_category=\"D\u00e9tail\" data-ga_action=\"zoomer\" data-ga_label=\"aggrandir image\" target=\"_blank\" rel=\"noopener\">&#13;<br \/>\n        <img src=\"https:\/\/www.europesays.com\/fr\/wp-content\/uploads\/2025\/09\/apres-quatre-soirees-a-guichets-fermes-en-fevrier-indochine-revient-a-lyon-photo-stephane-guiochon-1.jpeg\"   alt=\"Apr\u00e8s quatre soir\u00e9es \u00e0 Guichets ferm\u00e9s en f\u00e9vrier, Indochine revient \u00e0 Lyon. Photo\u00a0St\u00e9phane Guiochon\" fetchpriority=\"high\" decoding=\"async\" data-mobile=\"NW_listA_M|1757352750\" data-base=\"NW_listA|1757352750\"\/>&#13;<br \/>\n    <\/a>&#13;<\/p>\n<p> Apr\u00e8s quatre soir\u00e9es \u00e0 Guichets ferm\u00e9s en f\u00e9vrier, Indochine revient \u00e0 Lyon. Photo\u00a0St\u00e9phane Guiochon <\/p>\n<p>Le mois sera plus calme \u00e0 la Halle Tony-Garnier mais on peut inscrire sur ses tablettes le spectacle \u00ab\u00a0 <strong>Heritage Goldman 2<\/strong> \u00a0\u00bb et le cin\u00e9-concert <strong>Avatar<\/strong> les 2 et 3\u00a0octobre.<\/p>\n<p>Au Radiant Bellevue, <a href=\"https:\/\/www.leprogres.fr\/culture-loisirs\/2025\/06\/24\/superbus-on-est-addict-aux-concerts\" target=\"_blank\" rel=\"noopener\">on retient <\/a><strong><a href=\"https:\/\/www.leprogres.fr\/culture-loisirs\/2025\/06\/24\/superbus-on-est-addict-aux-concerts\" target=\"_blank\" rel=\"noopener\">Superbus<\/a><\/strong> le 21\u00a0octobre, juste avant <strong>Barbara Pravi<\/strong> le 22, apr\u00e8s le folk-singer australien <strong>Xavier Rudd<\/strong> le 14 et la chanson fran\u00e7aise du Canadien <strong>Pierre Lapointe<\/strong> le 20. Sans oublier le heavy metal de <strong>Arch Enemy <\/strong> (le 23\u00a0octobre), <strong>Zaz<\/strong> (le 27), <strong>Keblack<\/strong> (le 28) et <strong>Jay-Jay Johanson<\/strong> (le 30) et <strong>Lorie<\/strong> (le 31).<\/p>\n<p>    &#13;<br \/>\n    &#13;<br \/>\n    &#13;<br \/>\n    <a href=\"https:\/\/cdn-s-www.leprogres.fr\/images\/17c601af-5212-428d-95f2-db27a9c561d9\/NW_raw\/la-chanteuse-de-superbus-jennifer-ayache-photo-jacky-toinon-1757343570.jpg\" title=\"La chanteuse de Superbus, Jennifer Ayache. \u00a0 Photo\u00a0Jacky Toinon\" class=\"chocolat-image GA-tracking\" data-ga_type=\"click\" data-ga_category=\"D\u00e9tail\" data-ga_action=\"zoomer\" data-ga_label=\"aggrandir image\" target=\"_blank\" rel=\"noopener\">&#13;<br \/>\n        <img src=\"https:\/\/www.europesays.com\/fr\/wp-content\/uploads\/2025\/09\/la-chanteuse-de-superbus-jennifer-ayache-photo-jacky-toinon-1757343570.jpg\"   alt=\"La chanteuse de Superbus, Jennifer Ayache. \u00a0 Photo\u00a0Jacky Toinon\" fetchpriority=\"high\" decoding=\"async\" data-mobile=\"NW_listA_M|1757343570\" data-base=\"NW_listA|1757343570\"\/>&#13;<br \/>\n    <\/a>&#13;<\/p>\n<p> La chanteuse de Superbus, Jennifer Ayache. \u00a0 Photo\u00a0Jacky Toinon <\/p>\n<p>Octobre d\u00e9marre en guitares au Transbordeur avec le punk-rock alternatif de <strong> Nova Twins<\/strong> \u00a0le 1er\u00a0octobre. Le lendemain, on retrouve <a href=\"https:\/\/www.leprogres.fr\/culture-loisirs\/2024\/07\/13\/roman-et-album-solo-stephane-petrier-voyage-en-solitaire\" target=\"_blank\" rel=\"noopener\">le Lyonnais <\/a><strong><a href=\"https:\/\/www.leprogres.fr\/culture-loisirs\/2024\/07\/13\/roman-et-album-solo-stephane-petrier-voyage-en-solitaire\" target=\"_blank\" rel=\"noopener\">St\u00e9phane Petrier<\/a><\/strong> , sans son Voyage de Noz pour une prestation de son side project solo. Rendez-vous avec le gypsy punk de <strong>Gogol Bordello<\/strong> le 7 et avec le blues-funk de <strong>Keziah Jones<\/strong> le 8. Les fans du genre ne voudront pas non plus rater les <strong>soir\u00e9es metal <\/strong> des 16 (Igorrr\u2026) et 17 (Wind Roses\u2026). Les <strong>Young Gods<\/strong> , eux, seront l\u00e0 le 21. Il faudra attendre le 28 pour voir les prometteurs et encens\u00e9s britanniques de <strong>Wet Leg<\/strong> , repr\u00e9sentants de l\u2019indie rock.<\/p>\n<p>    &#13;<br \/>\n    &#13;<br \/>\n    &#13;<br \/>\n    <a href=\"https:\/\/cdn-s-www.leprogres.fr\/images\/e5c951cf-6587-448b-953a-6be83bd3b84d\/NW_raw\/keziah-jones-lors-de-son-passage-a-jazz-a-vienne-en-2017-photo-jean-francois-souchet-1757352750.jpg\" title=\"Keziah Jones lors de son passage \u00e0 Jazz \u00e0 Vienne en 2017. \u00a0 Photo\u00a0Jean Francois Souchet\" class=\"chocolat-image GA-tracking\" data-ga_type=\"click\" data-ga_category=\"D\u00e9tail\" data-ga_action=\"zoomer\" data-ga_label=\"aggrandir image\" target=\"_blank\" rel=\"noopener\">&#13;<br \/>\n        <img src=\"https:\/\/www.europesays.com\/fr\/wp-content\/uploads\/2025\/09\/keziah-jones-lors-de-son-passage-a-jazz-a-vienne-en-2017-photo-jean-francois-souchet-1757352750.jpg\"   alt=\"Keziah Jones lors de son passage \u00e0 Jazz \u00e0 Vienne en 2017. \u00a0 Photo\u00a0Jean Francois Souchet\" fetchpriority=\"high\" decoding=\"async\" data-mobile=\"NW_listA_M|1757352750\" data-base=\"NW_listA|1757352750\"\/>&#13;<br \/>\n    <\/a>&#13;<\/p>\n<p> Keziah Jones lors de son passage \u00e0 Jazz \u00e0 Vienne en 2017. \u00a0 Photo\u00a0Jean Francois Souchet <\/p>\n<p>A La Rayonne, le mois sera bien charg\u00e9 aussi. On citera <strong>Queen Omega &amp; The Royal Souls<\/strong> (world-reggae) le 2\u00a0octobre. Mais aussi <strong>Fredz<\/strong> (rap, pop, trap et soul) le 12, les historiques de la sc\u00e8ne punk alternatif <a href=\"https:\/\/www.leprogres.fr\/loire\/2017\/06\/09\/ludwig-von-88-nostalgie-punk\" target=\"_blank\" rel=\"noopener\">\u00a0 <strong>L<\/strong><\/a><strong><a href=\"https:\/\/www.leprogres.fr\/loire\/2017\/06\/09\/ludwig-von-88-nostalgie-punk\" target=\"_blank\" rel=\"noopener\">udwig Von 88<\/a><\/strong> le 18 ou encore <strong>Ridsa<\/strong> (pop urbaine\/RnB) le 23.<\/p>\n<p>    &#13;<br \/>\n    &#13;<br \/>\n    &#13;<br \/>\n    <a href=\"https:\/\/cdn-s-www.leprogres.fr\/images\/69e258d1-3172-4e5f-9f9d-dc7ab88d9bb3\/NW_raw\/l-energie-toujours-intacte-de-ludwig-von-88-photo-d-archives-celik-erkul-1757352750.jpg\" title=\"L\u2019\u00e9nergie toujours intacte de Ludwig von 88. \u00a0 Photo d\u2019archives Celik Erkul\" class=\"chocolat-image GA-tracking\" data-ga_type=\"click\" data-ga_category=\"D\u00e9tail\" data-ga_action=\"zoomer\" data-ga_label=\"aggrandir image\" target=\"_blank\" rel=\"noopener\">&#13;<br \/>\n        <img src=\"https:\/\/www.europesays.com\/fr\/wp-content\/uploads\/2025\/09\/l-energie-toujours-intacte-de-ludwig-von-88-photo-d-archives-celik-erkul-1757352750.jpg\"   alt=\"L\u2019\u00e9nergie toujours intacte de Ludwig von 88. \u00a0 Photo d\u2019archives Celik Erkul\" fetchpriority=\"high\" decoding=\"async\" data-mobile=\"NW_listA_M|1757352750\" data-base=\"NW_listA|1757352750\"\/>&#13;<br \/>\n    <\/a>&#13;<\/p>\n<p> L\u2019\u00e9nergie toujours intacte de Ludwig von 88. \u00a0 Photo d\u2019archives Celik Erkul <\/p>\n<p>De son c\u00f4t\u00e9 l\u2019Auditorium de Lyon, qui propose de tr\u00e8s nombreuses soir\u00e9es consacr\u00e9es au classique, accueille aussi quelques concerts d\u2019exception. On pourra y voir le l\u00e9gendaire artiste malien <strong>Salif Keita<\/strong> le 10\u00a0octobre. Et les 29, 30 et 31\u00a0octobre, pour des dates d\u00e9j\u00e0 compl\u00e8tes, <strong><a href=\"https:\/\/www.leprogres.fr\/culture-loisirs\/2025\/05\/03\/le-premier-voyage-symphonique-de-zaho-de-sagazan-a-l-auditorium\" target=\"_blank\" rel=\"noopener\">Zaho de Sagazan<\/a><\/strong><a href=\"https:\/\/www.leprogres.fr\/culture-loisirs\/2025\/05\/03\/le-premier-voyage-symphonique-de-zaho-de-sagazan-a-l-auditorium\" target=\"_blank\" rel=\"noopener\"> reviendra apr\u00e8s son concert<\/a> dans le m\u00eame format en mai dernier, en version symphonique accompagn\u00e9e par l\u2019Orchestre National de Lyon.<\/p>\n<p>A l\u2019Amphith\u00e9\u00e2tre 3000, on retiendra <strong>Diana Krall<\/strong> le 12\u00a0octobre et <strong>Asaf Avidan<\/strong> le 30.<\/p>\n<p>    &#13;<br \/>\n    &#13;<br \/>\n    &#13;<br \/>\n    <a href=\"https:\/\/cdn-s-www.leprogres.fr\/images\/cf7f5040-268c-4bf3-9975-255b11c10fc2\/NW_raw\/zaho-de-sagazan-aux-nuits-de-fourviere-2024-a-lyon-photo-joel-philippon-1757343571.jpg\" title=\"Zaho de Sagazan aux Nuits de Fourvi\u00e8re 2024 \u00e0 Lyon. \u00a0 Photo\u00a0Joel Philippon\" class=\"chocolat-image GA-tracking\" data-ga_type=\"click\" data-ga_category=\"D\u00e9tail\" data-ga_action=\"zoomer\" data-ga_label=\"aggrandir image\" target=\"_blank\" rel=\"noopener\">&#13;<br \/>\n        <img src=\"https:\/\/www.europesays.com\/fr\/wp-content\/uploads\/2025\/09\/zaho-de-sagazan-aux-nuits-de-fourviere-2024-a-lyon-photo-joel-philippon-1757343571.jpg\"   alt=\"Zaho de Sagazan aux Nuits de Fourvi\u00e8re 2024 \u00e0 Lyon. \u00a0 Photo\u00a0Joel Philippon\" fetchpriority=\"high\" decoding=\"async\" data-mobile=\"NW_listA_M|1757343571\" data-base=\"NW_listA|1757343571\"\/>&#13;<br \/>\n    <\/a>&#13;<\/p>\n<p> Zaho de Sagazan aux Nuits de Fourvi\u00e8re 2024 \u00e0 Lyon. \u00a0 Photo\u00a0Joel Philippon <\/p>\n<p>  Novembre<\/p>\n<p>Un peu de douceur en ce d\u00e9but de mois avec le 4\u00a0novembre <strong>Vincent Delerm<\/strong> \u00e0 la Bourse du Travail. Un site o\u00f9 la chanson sera encore \u00e0 l\u2019honneur avec <strong>Lynda Lemay<\/strong> le 27 du m\u00eame mois.<\/p>\n<p>    &#13;<br \/>\n    &#13;<br \/>\n    &#13;<br \/>\n    <a href=\"https:\/\/cdn-s-www.leprogres.fr\/images\/03a21844-7f5f-44c9-a5a5-cff43e6f96d7\/NW_raw\/vincent-delerm-lors-du-festival-lumiere-2018-photo-pierre-augros-1757352751.jpg\" title=\"Vincent Delerm lors du Festival Lumi\u00e8re 2018. \u00a0 Photo\u00a0Pierre Augros\" class=\"chocolat-image GA-tracking\" data-ga_type=\"click\" data-ga_category=\"D\u00e9tail\" data-ga_action=\"zoomer\" data-ga_label=\"aggrandir image\" target=\"_blank\" rel=\"noopener\">&#13;<br \/>\n        <img src=\"https:\/\/www.europesays.com\/fr\/wp-content\/uploads\/2025\/09\/vincent-delerm-lors-du-festival-lumiere-2018-photo-pierre-augros-1757352751.jpg\"   alt=\"Vincent Delerm lors du Festival Lumi\u00e8re 2018. \u00a0 Photo\u00a0Pierre Augros\" fetchpriority=\"high\" decoding=\"async\" data-mobile=\"NW_listA_M|1757352751\" data-base=\"NW_listA|1757352751\"\/>&#13;<br \/>\n    <\/a>&#13;<\/p>\n<p> Vincent Delerm lors du Festival Lumi\u00e8re 2018. \u00a0 Photo\u00a0Pierre Augros <\/p>\n<p>Mais on pourra pr\u00e9f\u00e9rer attaquer novembre avec le rap de <strong><a href=\"https:\/\/www.leprogres.fr\/culture-loisirs\/2025\/06\/29\/soprano-en-feu-au-printemps-de-perouges\" target=\"_blank\" rel=\"noopener\">Soprano<\/a><\/strong> \u00e0 la LDLC Arena les 1er et 2 ou le punk celtique des <strong>Dropkick Murphys<\/strong> le 6 au m\u00eame endroit. Une salle qui attend <a href=\"https:\/\/www.leprogres.fr\/culture-loisirs\/2025\/01\/30\/katy-perry-vient-a-la-ldlc-arena\" target=\"_blank\" rel=\"noopener\">la star am\u00e9ricaine <\/a><strong><a href=\"https:\/\/www.leprogres.fr\/culture-loisirs\/2025\/01\/30\/katy-perry-vient-a-la-ldlc-arena\" target=\"_blank\" rel=\"noopener\">Katy Perry<\/a><\/strong> le 7 et <strong>Jamiroquai<\/strong> le 8. Sans oublier les concerts <a href=\"https:\/\/www.leprogres.fr\/faits-divers-justice\/2025\/05\/04\/concert-xxl-de-lady-gaga-a-copacabana-la-police-dit-avoir-dejoue-un-attentat-a-la-bombe\" target=\"_blank\" rel=\"noopener\">d\u2019une autre star\u00a0:<\/a><strong><a href=\"https:\/\/www.leprogres.fr\/faits-divers-justice\/2025\/05\/04\/concert-xxl-de-lady-gaga-a-copacabana-la-police-dit-avoir-dejoue-un-attentat-a-la-bombe\" target=\"_blank\" rel=\"noopener\"> Lady Gaga<\/a><\/strong> qui y pr\u00e9sentera son show les 13 et 14. Dans la suite du mois, on pourra y voir encore <strong>J<\/strong><strong>ean-Louis Aubert, V\u00e9ronique Sanson, Pierre Garnier et Gims<\/strong>.<\/p>\n<p>A la Halle Tony-Garnier, les fans de metal feront le d\u00e9placement pour <strong>Parkway Drive<\/strong> le 5\u00a0novembre. Changement de genre mais belle \u00e9nergie aussi avec les rappeurs <strong>SDM<\/strong> le 20 et <strong>Hamza<\/strong> le 22.<\/p>\n<p><strong><a href=\"https:\/\/www.leprogres.fr\/societe\/2023\/10\/23\/qui-est-sofiane-pamart-le-pianiste-virtuose-que-tout-le-monde-s-arrache\" target=\"_blank\" rel=\"noopener\">Sofiane Pamart<\/a> , <\/strong> sera trois soirs de suite au Radiant les 6, 7 et 8\u00a0novembre. Une salle qui accueillera le dimanche\u00a09 l\u2019inusable <strong>Dany Brillant<\/strong>. Et o\u00f9 chanteront aussi <strong>V<\/strong><strong>incent Dedienne<\/strong> (le 12), <strong>Styleto<\/strong> (le 14), <strong>Hoshi<\/strong> (les 22 et 23). Le Radiant finira le mois avec des monuments vivants de la chanson\u00a0: <strong>Enrico Macias<\/strong> le 25 et <strong>Salvatore Adamo<\/strong> le 29.<\/p>\n<p>    &#13;<br \/>\n    &#13;<br \/>\n    &#13;<br \/>\n    <a href=\"https:\/\/cdn-s-www.leprogres.fr\/images\/aa0cbed7-4c1a-4d7d-8a11-bcc703fd6d97\/NW_raw\/sofiane-pamart-lors-de-son-passage-au-foreztival-photo-charly-jurine-1757352751.jpg\" title=\"Sofiane Pamart lors de son passage au Foreztival \u00a0 Photo\u00a0Charly Jurine\" class=\"chocolat-image GA-tracking\" data-ga_type=\"click\" data-ga_category=\"D\u00e9tail\" data-ga_action=\"zoomer\" data-ga_label=\"aggrandir image\" target=\"_blank\" rel=\"noopener\">&#13;<br \/>\n        <img src=\"https:\/\/www.europesays.com\/fr\/wp-content\/uploads\/2025\/09\/sofiane-pamart-lors-de-son-passage-au-foreztival-photo-charly-jurine-1757352751.jpg\"   alt=\"Sofiane Pamart lors de son passage au Foreztival \u00a0 Photo\u00a0Charly Jurine\" fetchpriority=\"high\" decoding=\"async\" data-mobile=\"NW_listA_M|1757352751\" data-base=\"NW_listA|1757352751\"\/>&#13;<br \/>\n    <\/a>&#13;<\/p>\n<p> Sofiane Pamart lors de son passage au Foreztival \u00a0 Photo\u00a0Charly Jurine <\/p>\n<p><strong>Patrick Watson<\/strong> se pr\u00e9sentera sur la sc\u00e8ne du Transbordeur le 5\u00a0novembre et le lendemain la joyeuse bande de <strong>Deluxe<\/strong> prendra le relais. Le mois sera aussi marqu\u00e9 dans la m\u00eame salle par le passage de <strong>Yann Tiersen<\/strong> (le 8\u00a0novembre), la release party de la Lyonnaise <strong>Jay<\/strong> \u00a0 <strong>Khemeya<\/strong> (le 12), la venue du <a href=\"https:\/\/www.leprogres.fr\/culture-loisirs\/2023\/03\/17\/medine-ramener-de-la-musique-et-des-textes-de-qualite\" target=\"_blank\" rel=\"noopener\">rappeur <\/a><strong><a href=\"https:\/\/www.leprogres.fr\/culture-loisirs\/2023\/03\/17\/medine-ramener-de-la-musique-et-des-textes-de-qualite\" target=\"_blank\" rel=\"noopener\">M\u00e9dine<\/a><\/strong> (le 13), le concert rock alternatif de <strong>Wolf Alice<\/strong> (le 14), ou encore le post-rock de <strong> Zero<\/strong> (le 18). Sans oublier <strong>Yelle<\/strong> le 21, <strong>Les Fatals Picards<\/strong> de retour le 22, <strong>John Butler<\/strong> et son blues-folk le 27, ou encore <strong>Charlie Winston<\/strong> le 28.<\/p>\n<p>    &#13;<br \/>\n    &#13;<br \/>\n    &#13;<br \/>\n    <a href=\"https:\/\/cdn-s-www.leprogres.fr\/images\/02ff54cb-8b19-4d30-82cb-0d795dfca96b\/NW_raw\/le-rappeur-medine-photo-francois-vallee-1757352751.jpg\" title=\"Le rappeur M\u00e9dine. \u00a0 Photo\u00a0Fran\u00e7ois Vall\u00e9e\" class=\"chocolat-image GA-tracking\" data-ga_type=\"click\" data-ga_category=\"D\u00e9tail\" data-ga_action=\"zoomer\" data-ga_label=\"aggrandir image\" target=\"_blank\" rel=\"noopener\">&#13;<br \/>\n        <img src=\"https:\/\/www.europesays.com\/fr\/wp-content\/uploads\/2025\/09\/le-rappeur-medine-photo-francois-vallee-1757352751.jpg\"   alt=\"Le rappeur M\u00e9dine. \u00a0 Photo\u00a0Fran\u00e7ois Vall\u00e9e\" fetchpriority=\"high\" decoding=\"async\" data-mobile=\"NW_listA_M|1757352751\" data-base=\"NW_listA|1757352751\"\/>&#13;<br \/>\n    <\/a>&#13;<\/p>\n<p> Le rappeur M\u00e9dine. \u00a0 Photo\u00a0Fran\u00e7ois Vall\u00e9e <\/p>\n<p>Du c\u00f4t\u00e9 de la Rayonne, apr\u00e8s le reggae de <strong>Ta\u00efro<\/strong> le 15\u00a0novembre et le rap de <strong>Django<\/strong> le 19, on retiendra le set de <strong>The Inspector Cluzo<\/strong> pour lequel les fans de rock se donneront rendez-vous. On citera encore la <strong>soir\u00e9e metalcore<\/strong> avec 4 groupes (Resolve\u2026) du 21\u00a0novembre, l\u2019\u00e9lectro-dub de <strong>THK<\/strong> le 28, et le death metal de <strong> Katatonia<\/strong> le 29.<\/p>\n<p>    &#13;<br \/>\n    &#13;<br \/>\n    &#13;<br \/>\n    <a href=\"https:\/\/cdn-s-www.leprogres.fr\/images\/7e88b599-2ba6-4f05-8da5-e377dafba904\/NW_raw\/the-inspector-cluzo-photo-frederic-chambert-1757352751.jpg\" title=\"The Inspector Cluzo. Photo\u00a0Frederic Chambert\" class=\"chocolat-image GA-tracking\" data-ga_type=\"click\" data-ga_category=\"D\u00e9tail\" data-ga_action=\"zoomer\" data-ga_label=\"aggrandir image\" target=\"_blank\" rel=\"noopener\">&#13;<br \/>\n        <img src=\"https:\/\/www.europesays.com\/fr\/wp-content\/uploads\/2025\/09\/the-inspector-cluzo-photo-frederic-chambert-1757352751.jpg\"   alt=\"The Inspector Cluzo. Photo\u00a0Frederic Chambert\" fetchpriority=\"high\" decoding=\"async\" data-mobile=\"NW_listA_M|1757352751\" data-base=\"NW_listA|1757352751\"\/>&#13;<br \/>\n    <\/a>&#13;<\/p>\n<p> The Inspector Cluzo. Photo\u00a0Frederic Chambert <\/p>\n<p>Les nostalgiques pourront aller voir <strong>Mireille Mathieu<\/strong> le 15\u00a0novembre \u00e0 l\u2019Amphith\u00e9\u00e2tre 3000 de la Cit\u00e9 Internationale. Une salle qui recevra le projet d\u2019 <strong>Aldebert<\/strong> \u00ab\u00a0Helldebert \u2013 Enfantillages 666\u00a0\u00bb le 29 du m\u00eame mois.<\/p>\n<p>  D\u00e9cembre<\/p>\n<p>En ce mois qui ira doucement vers No\u00ebl, d\u00e9cembre r\u00e9servera quelques jolis paquets cadeaux aux amateurs de sons divers et vari\u00e9s. Ainsi \u00e0 la LDLC Arena se succ\u00e9deront les 4, 5 et 6 <strong><a href=\"https:\/\/www.leprogres.fr\/culture-loisirs\/2025\/06\/21\/m-et-lamomali-j-ai-toujours-eu-une-fascination-pour-l-afrique\" target=\"_blank\" rel=\"noopener\">Lamomali<\/a><\/strong><a href=\"https:\/\/www.leprogres.fr\/culture-loisirs\/2025\/06\/21\/m-et-lamomali-j-ai-toujours-eu-une-fascination-pour-l-afrique\" target=\"_blank\" rel=\"noopener\"> (le projet malien de -M- accompagn\u00e9 par Fatoumata Diawara)<\/a> , <strong>Julien Dor\u00e9<\/strong> , de retour, et <strong>Matt Pokora<\/strong>. Enfin, les ph\u00e9nom\u00e8nes fran\u00e7ais du metal, reconnu et salu\u00e9 internationalement, <strong><a href=\"https:\/\/www.leprogres.fr\/culture-loisirs\/2025\/02\/03\/grammy-awards-les-francais-gojira-recompenses-beyonce-et-kendrick-lamar-superstars\" target=\"_blank\" rel=\"noopener\">Gojira<\/a><\/strong><a href=\"https:\/\/www.leprogres.fr\/culture-loisirs\/2025\/02\/03\/grammy-awards-les-francais-gojira-recompenses-beyonce-et-kendrick-lamar-superstars\" target=\"_blank\" rel=\"noopener\"> en investiront<\/a> la sc\u00e8ne le 10\u00a0d\u00e9cembre.<\/p>\n<p>    &#13;<br \/>\n    &#13;<br \/>\n    &#13;<br \/>\n    <a href=\"https:\/\/cdn-s-www.leprogres.fr\/images\/74985ac9-3efd-4c03-aae5-33b89e4b471f\/NW_raw\/mathieu-chedid-et-fatoumata-diawara-reviennent-a-lyon-avec-lamomali-photo-d-archives-philippe-juste-1757343571.jpg\" title=\"Mathieu Chedid et Fatoumata Diawara reviennent \u00e0 Lyon avec Lamomali. \u00a0 Photo d\u2019archives\u00a0Philippe Juste\" class=\"chocolat-image GA-tracking\" data-ga_type=\"click\" data-ga_category=\"D\u00e9tail\" data-ga_action=\"zoomer\" data-ga_label=\"aggrandir image\" target=\"_blank\" rel=\"noopener\">&#13;<br \/>\n        <img src=\"https:\/\/www.europesays.com\/fr\/wp-content\/uploads\/2025\/09\/mathieu-chedid-et-fatoumata-diawara-reviennent-a-lyon-avec-lamomali-photo-d-archives-philippe-juste-.jpeg\"   alt=\"Mathieu Chedid et Fatoumata Diawara reviennent \u00e0 Lyon avec Lamomali. \u00a0 Photo d\u2019archives\u00a0Philippe Juste\" fetchpriority=\"high\" decoding=\"async\" data-mobile=\"NW_listA_M|1757343571\" data-base=\"NW_listA|1757343571\"\/>&#13;<br \/>\n    <\/a>&#13;<\/p>\n<p> Mathieu Chedid et Fatoumata Diawara reviennent \u00e0 Lyon avec Lamomali. \u00a0 Photo d\u2019archives\u00a0Philippe Juste <\/p>\n<p>Du c\u00f4t\u00e9 de la Halle, <strong> Louane<\/strong> sera pr\u00e9sente le 6 et <strong>Amir<\/strong> se produira le 18. Entre les deux, <strong>Chantal Goya<\/strong> f\u00eatera ses 50 ans de sc\u00e8ne le 14\u00a0d\u00e9cembre.<\/p>\n<p>    &#13;<br \/>\n    &#13;<br \/>\n    &#13;<br \/>\n    <a href=\"https:\/\/cdn-s-www.leprogres.fr\/images\/a4d366a4-d266-4f1c-9301-60761b12ece7\/NW_raw\/louane-lors-du-festival-paroles-et-musiques-a-saint-etienne-en-2018-photo-celik-erkul-1757352751.jpg\" title=\"Louane lors du festival Paroles et Musiques \u00e0 Saint-Etienne en \u00a02018. \u00a0 Photo\u00a0Celik Erkul\" class=\"chocolat-image GA-tracking\" data-ga_type=\"click\" data-ga_category=\"D\u00e9tail\" data-ga_action=\"zoomer\" data-ga_label=\"aggrandir image\" target=\"_blank\" rel=\"noopener\">&#13;<br \/>\n        <img src=\"https:\/\/www.europesays.com\/fr\/wp-content\/uploads\/2025\/09\/louane-lors-du-festival-paroles-et-musiques-a-saint-etienne-en-2018-photo-celik-erkul-1757352751.jpg\"   alt=\"Louane lors du festival Paroles et Musiques \u00e0 Saint-Etienne en \u00a02018. \u00a0 Photo\u00a0Celik Erkul\" fetchpriority=\"high\" decoding=\"async\" data-mobile=\"NW_listA_M|1757352751\" data-base=\"NW_listA|1757352751\"\/>&#13;<br \/>\n    <\/a>&#13;<\/p>\n<p> Louane lors du festival Paroles et Musiques \u00e0 Saint-Etienne en \u00a02018. \u00a0 Photo\u00a0Celik Erkul <\/p>\n<p>Les inusables Lyonnais du <strong>Voyage de Noz<\/strong> seront au Radiant le 4\u00a0d\u00e9cembre. Une sc\u00e8ne qui verra passer <strong> Lambert Wilson<\/strong> chantant Kurt Weill le 11, <strong>Jeanne Cherhal<\/strong> le 16 ou encore <strong>Ben Mazu\u00e9<\/strong> le 17. Dans un style tr\u00e8s diff\u00e9rent le metalcore de <strong>LANDMVRKS<\/strong> y d\u00e9boulera le 20\u00a0d\u00e9cembre. Alors que p\u00e9riode oblige, les enfants (petits et grands) ne seront pas oubli\u00e9s avec <strong>Henri D\u00e8s<\/strong> le 21.<\/p>\n<p>    &#13;<br \/>\n    &#13;<br \/>\n    &#13;<br \/>\n    <a href=\"https:\/\/cdn-s-www.leprogres.fr\/images\/33dde33e-10c2-4e3f-92f4-308709948746\/NW_raw\/ben-mazue-en-concert-aux-nuits-de-fourviere-cet-ete-photo-joel-philippon-1757352751.jpg\" title=\"Ben Mazu\u00e9 en concert aux Nuits de Fourvi\u00e8re cet \u00e9t\u00e9. \u00a0 Photo\u00a0Joel Philippon\" class=\"chocolat-image GA-tracking\" data-ga_type=\"click\" data-ga_category=\"D\u00e9tail\" data-ga_action=\"zoomer\" data-ga_label=\"aggrandir image\" target=\"_blank\" rel=\"noopener\">&#13;<br \/>\n        <img src=\"https:\/\/www.europesays.com\/fr\/wp-content\/uploads\/2025\/09\/ben-mazue-en-concert-aux-nuits-de-fourviere-cet-ete-photo-joel-philippon-1757352751.jpg\"   alt=\"Ben Mazu\u00e9 en concert aux Nuits de Fourvi\u00e8re cet \u00e9t\u00e9. \u00a0 Photo\u00a0Joel Philippon\" fetchpriority=\"high\" decoding=\"async\" data-mobile=\"NW_listA_M|1757352751\" data-base=\"NW_listA|1757352751\"\/>&#13;<br \/>\n    <\/a>&#13;<\/p>\n<p> Ben Mazu\u00e9 en concert aux Nuits de Fourvi\u00e8re cet \u00e9t\u00e9. \u00a0 Photo\u00a0Joel Philippon <\/p>\n<p>Au Transbo, les fans de rock ne voudront pas rater <strong>Black Rebel Motorcycle Club<\/strong> , le trio fond\u00e9 \u00e0 San Francisco en 1998, qui s\u2019y produira le 3\u00a0d\u00e9cembre. Ils prendront la suite du rappeur d\u2019origine estonienne, qui m\u00eale hip-hop, techno, rave et musique exp\u00e9rimentale, <strong>Tommy Cash<\/strong> (le 1er) et pr\u00e9c\u00e9deront <strong>Odezenne<\/strong> qui doit jouer dans la m\u00eame salle le 4.<\/p>\n<p>    &#13;<br \/>\n    &#13;<br \/>\n    &#13;<br \/>\n    <a href=\"https:\/\/cdn-s-www.leprogres.fr\/images\/3471230d-ca41-4b5f-b639-5209aa39e463\/NW_raw\/l-energie-rock-de-black-rebel-motorcycle-club-comme-ici-au-paleo-festival-de-nyon-en-2018-photo-dr-1757352751.jpg\" title=\"L\u2019\u00e9nergie rock de Black Rebel Motorcycle Club comme ici au Pal\u00e9o Festival de Nyon en 2018 \u00a0 Photo DR\" class=\"chocolat-image GA-tracking\" data-ga_type=\"click\" data-ga_category=\"D\u00e9tail\" data-ga_action=\"zoomer\" data-ga_label=\"aggrandir image\" target=\"_blank\" rel=\"noopener\">&#13;<br \/>\n        <img src=\"https:\/\/www.europesays.com\/fr\/wp-content\/uploads\/2025\/09\/l-energie-rock-de-black-rebel-motorcycle-club-comme-ici-au-paleo-festival-de-nyon-en-2018-photo-dr-1.jpeg\"   alt=\"L\u2019\u00e9nergie rock de Black Rebel Motorcycle Club comme ici au Pal\u00e9o Festival de Nyon en 2018 \u00a0 Photo DR\" fetchpriority=\"high\" decoding=\"async\" data-mobile=\"NW_listA_M|1757352751\" data-base=\"NW_listA|1757352751\"\/>&#13;<br \/>\n    <\/a>&#13;<\/p>\n<p> L\u2019\u00e9nergie rock de Black Rebel Motorcycle Club comme ici au Pal\u00e9o Festival de Nyon en 2018 \u00a0 Photo DR <\/p>\n<p>Du c\u00f4t\u00e9 de la Rayonne, on passera des musiques urbaines, avec <strong>Still Fresh<\/strong> le 6\u00a0d\u00e9cembre, au funk \u00e0 la sauce frenchie de <strong>Sinclair<\/strong> (le 18).<\/p>\n<p>    &#13;<br \/>\n    &#13;<br \/>\n    &#13;<br \/>\n    <a href=\"https:\/\/cdn-s-www.leprogres.fr\/images\/c0021bc4-46d4-400a-8c43-d6ba198c7583\/NW_raw\/ibrahim-maalouf-ici-a-vienne-avec-angelique-kidjo-photo-d-archives-pierre-augros-1757352751.jpg\" title=\"Ibrahim Maalouf, ici \u00e0 Vienne avec Ang\u00e9lique Kidjo. \u00a0 Photo d\u2019archives Pierre Augros\" class=\"chocolat-image GA-tracking\" data-ga_type=\"click\" data-ga_category=\"D\u00e9tail\" data-ga_action=\"zoomer\" data-ga_label=\"aggrandir image\" target=\"_blank\" rel=\"noopener\">&#13;<br \/>\n        <img src=\"https:\/\/www.europesays.com\/fr\/wp-content\/uploads\/2025\/09\/ibrahim-maalouf-ici-a-vienne-avec-angelique-kidjo-photo-d-archives-pierre-augros-1757352751.jpg\"   alt=\"Ibrahim Maalouf, ici \u00e0 Vienne avec Ang\u00e9lique Kidjo. \u00a0 Photo d\u2019archives Pierre Augros\" fetchpriority=\"high\" decoding=\"async\" data-mobile=\"NW_listA_M|1757352751\" data-base=\"NW_listA|1757352751\"\/>&#13;<br \/>\n    <\/a>&#13;<\/p>\n<p> Ibrahim Maalouf, ici \u00e0 Vienne avec Ang\u00e9lique Kidjo. \u00a0 Photo d\u2019archives Pierre Augros <\/p>\n<p>C\u2019est \u00e0 l\u2019Auditorium que le trompettiste <strong>\u00a0 <a href=\"https:\/\/www.leprogres.fr\/culture-loisirs\/2023\/11\/05\/ibrahim-maalouf-je-me-nourris-des-gens-qui-m-entourent\" target=\"_blank\" rel=\"noopener\">Ibrahim Maalouf<\/a><\/strong> jouera une nouvelle fois \u00e0 Lyon, cette fois pour revisiter, 10 ans apr\u00e8s la sortie de l\u2019album qu\u2019il lui avait consacr\u00e9, son hommage \u00e0 la diva \u00e9gyptienne Oum Kalthoum.<\/p>\n<p>        &#13;<br \/>\n          <a href=\"https:\/\/cdn-s-www.leprogres.fr\/images\/877963fd-cc45-40d4-b9ef-b7623bad60fa\/NW_raw\/jehnny-beth-ici-comedienne-avec-thibaut-evrard-dans-le-film-de-lola-doillon-livre-des-prestations-sceniques-spectaculaires-photo-memento-distribution-1757327880.jpg\" title=\"Jehnny Beth, ici com\u00e9dienne avec Thibaut Evrard dans le film   de Lola Doillon, livre des prestations sc\u00e9niques spectaculaires.\u00a0 Photo\u00a0Memento Distribution\" class=\"chocolat-image GA-tracking\" data-ga_type=\"click\" data-ga_category=\"D\u00e9tail\" data-ga_action=\"zoomer\" data-ga_label=\"agrandir image\" target=\"_blank\" rel=\"noopener\">&#13;<br \/>\n            <img loading=\"lazy\" decoding=\"async\" src=\"https:\/\/www.europesays.com\/fr\/wp-content\/uploads\/2025\/09\/jehnny-beth-ici-comedienne-avec-thibaut-evrard-dans-le-film-de-lola-doillon-livre-des-prestations-sc.jpeg\" alt=\"Jehnny Beth, ici com\u00e9dienne avec Thibaut Evrard dans le film   de Lola Doillon, livre des prestations sc\u00e9niques spectaculaires.\u00a0 Photo\u00a0Memento Distribution\"\/>&#13;<br \/>\n          <\/a>&#13;<br \/>\n          &#13;<\/p>\n<p class=\"insetTitle\">N\u2019oubliez pas les \u00ab\u00a0petites\u00a0\u00bb salles<\/p>\n<p>Ce n\u2019est pas parce qu\u2019elles sont moins vastes en termes de nombre de spectateurs qu\u2019elles peuvent accueillir que les \u00ab\u00a0petites\u00a0\u00bb salles sont \u00e0 ignorer.<\/p>\n<p>C\u2019est souvent l\u00e0 que l\u2019on voit \u00e9clore ceux qui rempliront des jauges plus \u00e9lev\u00e9es quelques ann\u00e9es plus tard. Ou que l\u2019on entend des musiques aussi originales que relativement underground.<\/p>\n<p>En la mati\u00e8re, la M\u00e9tropole de Lyon n\u2019est pas mal lotie. On citera ainsi Le March\u00e9 gare, l\u2019\u00c9picerie Moderne, Bizarre\u00a0!, To\u00ef To\u00ef Le Zinc, le Jack Jack,\u00a0etc. Voire encore plus intimes comme le Trokson, le Sonic ou le Kraspek Myzik, et bien d\u2019autres.<\/p>\n<p>20 ans de l\u2019Epicerie Moderne<\/p>\n<p>On notera ainsi sur son agenda les 20 ans de l\u2019Epicerie Moderne \u00e0 Feyzin qui c\u00e9l\u00e9brera cet anniversaire avec un plateau de groupes, notamment r\u00e9gionaux, prometteurs comme Johnnie Carwash, Antenn.e et bien d\u2019autres. Dans une riche programmation, on rel\u00e8ve aussi les passages de et Herman Dune les 17 et 18\u00a0octobre. Et on peut \u00eatre curieux de voir en live les formations post-punk Shame et She Past Away les 5 et 12\u00a0novembre.<\/p>\n<p>Au March\u00e9 gare, le rappeur lyonnais Okis donne rendez-vous \u00e0 ses fans le 27\u00a0septembre. On pourra aussi d\u00e9couvrir la soul de Nathalie Bergman le 1er\u00a0octobre ou voir la frenchie install\u00e9e \u00e0 Londres Jehnny Beth, aux prestations sc\u00e9niques incandescentes, le 17\u00a0octobre. On peut aussi citer les chansons des St\u00e9phanois de Terrenoire, la world music de Vaudou Game (12\u00a0novembre), le punk-rock de Pogo Car Crash Control (19\u00a0novembre), l\u2019\u00e9lectro de Mokado (29\/11), le metal de Psykup (12\u00a0d\u00e9cembre) ou encore le noise-rock des Lambrini Girls (le 19\u00a0d\u00e9cembre).<\/p>\n<p class=\"insetSignature\">J.P.Z.<\/p>\n","protected":false},"excerpt":{"rendered":"Septembre Ce mois de rentr\u00e9e est encore calme en mati\u00e8re de concerts. On note la soir\u00e9e des 10&hellip;\n","protected":false},"author":2,"featured_media":376858,"comment_status":"","ping_status":"","sticky":false,"template":"","format":"standard","meta":{"footnotes":""},"categories":[1889],"tags":[1111,11,2430,1687,2757,1777,674,1011,27,2428,2756,873,12,25,2429,3151,3140],"class_list":{"0":"post-376857","1":"post","2":"type-post","3":"status-publish","4":"format-standard","5":"has-post-thumbnail","7":"category-lyon","8":"tag-actu","9":"tag-actualites","10":"tag-auvergne-rhone-alpes","11":"tag-culture-loisirs","12":"tag-edition-lyon-villeurbanne","13":"tag-eu","14":"tag-europe","15":"tag-fr","16":"tag-france","17":"tag-lyon","18":"tag-lyon-bassin","19":"tag-musique","20":"tag-news","21":"tag-republique-francaise","22":"tag-rhone","23":"tag-selection-de-la-redaction-69","24":"tag-spectacle"},"share_on_mastodon":{"url":"https:\/\/pubeurope.com\/@fr\/115172389293532402","error":""},"_links":{"self":[{"href":"https:\/\/www.europesays.com\/fr\/wp-json\/wp\/v2\/posts\/376857","targetHints":{"allow":["GET"]}}],"collection":[{"href":"https:\/\/www.europesays.com\/fr\/wp-json\/wp\/v2\/posts"}],"about":[{"href":"https:\/\/www.europesays.com\/fr\/wp-json\/wp\/v2\/types\/post"}],"author":[{"embeddable":true,"href":"https:\/\/www.europesays.com\/fr\/wp-json\/wp\/v2\/users\/2"}],"replies":[{"embeddable":true,"href":"https:\/\/www.europesays.com\/fr\/wp-json\/wp\/v2\/comments?post=376857"}],"version-history":[{"count":0,"href":"https:\/\/www.europesays.com\/fr\/wp-json\/wp\/v2\/posts\/376857\/revisions"}],"wp:featuredmedia":[{"embeddable":true,"href":"https:\/\/www.europesays.com\/fr\/wp-json\/wp\/v2\/media\/376858"}],"wp:attachment":[{"href":"https:\/\/www.europesays.com\/fr\/wp-json\/wp\/v2\/media?parent=376857"}],"wp:term":[{"taxonomy":"category","embeddable":true,"href":"https:\/\/www.europesays.com\/fr\/wp-json\/wp\/v2\/categories?post=376857"},{"taxonomy":"post_tag","embeddable":true,"href":"https:\/\/www.europesays.com\/fr\/wp-json\/wp\/v2\/tags?post=376857"}],"curies":[{"name":"wp","href":"https:\/\/api.w.org\/{rel}","templated":true}]}}