{"id":376859,"date":"2025-09-09T04:13:10","date_gmt":"2025-09-09T04:13:10","guid":{"rendered":"https:\/\/www.europesays.com\/fr\/376859\/"},"modified":"2025-09-09T04:13:10","modified_gmt":"2025-09-09T04:13:10","slug":"quels-transports-seront-perturbes-par-des-travaux-en-ile-de-france-en-septembre","status":"publish","type":"post","link":"https:\/\/www.europesays.com\/fr\/376859\/","title":{"rendered":"quels transports seront perturb\u00e9s par des travaux en \u00cele-de-France en septembre ?"},"content":{"rendered":"<p>Parmi les axes concern\u00e9s, la ligne 10 du m\u00e9tro sera ferm\u00e9e du dimanche au jeudi, chaque soir, \u00e0 partir de 22h30, sur quatre p\u00e9riodes, indique la RATP.<\/p>\n<p class=\"fig-paragraph\">Passagers des\u00a0<a href=\"http:\/\/www.lefigaro.fr\/conso\/telepherique-mf19-fin-des-tickets-cartons-ces-nouveautes-attendues-d-ici-decembre-dans-les-transports-d-ile-de-france-20250901\" data-fig-type=\"NewsFlash\" data-gtm-custom-categorie=\"navigation\" data-gtm-custom-action=\"crossclick\" data-gtm-custom-label=\"Contextuel\" data-gtm-event=\"customEventSPE\" data-fig-domain=\"LEFIGARO\" target=\"_blank\" rel=\"noopener\">transports en commun franciliens<\/a>, attention. Ces prochaines semaines, plusieurs lignes seront perturb\u00e9es par des travaux, qui s\u2019\u00e9taleront parfois jusqu\u2019en octobre. Des interruptions de service sont pr\u00e9vues, ainsi que des modifications de desserte, selon les axes concern\u00e9s. Le Figaro fait le point.<\/p>\n<p>M\u00e9tro<\/p>\n<p class=\"fig-paragraph\">Sur le\u00a0<a href=\"http:\/\/www.lefigaro.fr\/conso\/musique-et-appels-sur-haut-parleur-le-metro-de-londres-durcit-le-ton-contre-les-passagers-bruyants-20250827\" target=\"_blank\" data-fig-type=\"Article\" rel=\"noopener\" data-gtm-custom-categorie=\"navigation\" data-gtm-custom-action=\"crossclick\" data-gtm-custom-label=\"Contextuel\" data-gtm-event=\"customEventSPE\" data-fig-domain=\"LEFIGARO\">m\u00e9tro<\/a>, la station Cambronne sur <strong>la ligne 6<\/strong> est ferm\u00e9e \u00abjusqu\u2019au 28 septembre 2025 inclus\u00bb, rapporte la RATP. Et ce, afin de \u00abremplacer les escaliers et d\u2019assurer le confort des voyageurs face aux intemp\u00e9ries et aux usures li\u00e9es au temps\u00bb, alors que la station est marqu\u00e9e par de la corrosion et des \u00abd\u00e9gradations caus\u00e9es par les infiltrations d\u2019eau\u00bb. Dans le d\u00e9tail, les \u00e9quipes de la r\u00e9gie vont notamment remplacer des colonnes en fonte, et utiliser de l\u2019acier qui doit r\u00e9sister un si\u00e8cle.<\/p>\n<p>                                    <a class=\"fig-a11y-skip a11y-hidden\" href=\"#fig-a11y-skip-main-inarticle\"><br \/>\n        Passer la publicit\u00e9<br \/>\n    <\/a><\/p>\n<p class=\"fig-paragraph\">De son c\u00f4t\u00e9, <strong>la ligne 10<\/strong> sera ferm\u00e9e du dimanche au jeudi, chaque soir, \u00e0 partir de 22h30, sur quatre p\u00e9riodes\u00a0: du 7 au 11 septembre, du 14 au 18 septembre, du 21 au 25 septembre et du 28 septembre au 2 octobre. Ces interruptions nocturnes visent \u00e0 pr\u00e9parer l\u2019arriv\u00e9e des futurs m\u00e9tros, les MF19, qui \u00abseront mis en service \u00e0 l\u2019horizon fin 2025\u00bb sur la ligne. En guise de compensation, la RATP va renforcer, lors de ces p\u00e9riodes, les bus 52, 63 et 88.<\/p>\n<p class=\"fig-paragraph\">D\u00e9j\u00e0 interrompue en partie cet \u00e9t\u00e9 pour d\u2019importants travaux, <strong>la ligne 14<\/strong>, automatis\u00e9e, devra \u00e0 nouveau s\u2019arr\u00eater \u00e0 certains moments jusqu\u2019en d\u00e9cembre. Dans le d\u00e9tail, la ligne ouvrira plus tard quatre dimanches\u00a0: les 26 octobre et 7 d\u00e9cembre \u00e0 10h du matin, ainsi que les 9 et 23 novembre \u00e0 14h. Quelques heures de d\u00e9calage par rapport aux horaires d\u2019ouverture classiques, mais qui visent \u00e0 moderniser la ligne, selon la RATP.<\/p>\n<p>Tramway<\/p>\n<p class=\"fig-paragraph\">L\u2019interruption la plus longue du r\u00e9seau RATP a lieu sur <strong>le tramway T2<\/strong>, qui relie Pont de Bezons \u00e0 Porte de Versailles. Afin de restructurer \u00able terminus de Porte de Versailles\u00bb, la circulation s\u2019arr\u00eate \u00e0 Suzanne Lenglen jusqu\u2019\u00e0 fin f\u00e9vrier 2026. \u00abUn cheminement pi\u00e9ton est mis en place\u00bb afin de parcourir les quinze minutes de trajet qui s\u00e9parent cet arr\u00eat de Porte d\u2019Issy, puis du terminus habituel.<\/p>\n<p class=\"fig-paragraph\">Ces travaux doivent notamment permettre de cr\u00e9er des \u00abvoies de retournement\u00bb au terminus, en d\u00e9calant la station \u00abd\u2019une centaine de m\u00e8tres\u00bb, et en am\u00e9liorant l\u2019organisation du lieu, pr\u00e9cise l\u2019entreprise publique.<\/p>\n<p>RER<\/p>\n<p class=\"fig-paragraph\">Sur le\u00a0<a href=\"http:\/\/www.lefigaro.fr\/histoire\/archives\/25-juillet-1995-l-attentat-du-rer-b-a-saint-michel-ou-le-retour-du-terrorisme-aveugle-20250725\" target=\"_blank\" data-fig-type=\"Article\" rel=\"noopener\" data-gtm-custom-categorie=\"navigation\" data-gtm-custom-action=\"crossclick\" data-gtm-custom-label=\"Contextuel\" data-gtm-event=\"customEventSPE\" data-fig-domain=\"LEFIGARO\">RER<\/a>, <strong>le RER B<\/strong> sera touch\u00e9 par des travaux durant le mois de septembre. La circulation est interrompue tout septembre entre Gare du Nord et Charles de Gaulle 2-TGV\/Mitry-Claye, du lundi au vendredi, \u00e0 partir de 22h45. Les 13 et 14 septembre, aucun RER n\u2019ira de Gare du Nord \u00e0 l\u2019a\u00e9roport Charles de Gaulle toute la journ\u00e9e dans les deux sens de circulation, de m\u00eame qu\u2019aucun train ne fonctionnera entre Gare du Nord et Aulnay-sous-Bois le 21. Enfin, le week-end du 27-28, aucun train n\u2019est pr\u00e9vu entre Denfert-Rochereau et La Croix de Berny\/Robinson.<\/p>\n<p>                                    <a class=\"fig-a11y-skip a11y-hidden\" href=\"#fig-a11y-skip-main-inarticle_mtf\"><br \/>\n        Passer la publicit\u00e9<br \/>\n    <\/a><\/p>\n<p class=\"fig-paragraph\">Ces travaux importants doivent permettre de \u00abmaintenir, moderniser et pr\u00e9parer la ligne \u00e0 l\u2019arriv\u00e9e des futurs trains\u00bb, pr\u00e9cise la RATP.<\/p>\n","protected":false},"excerpt":{"rendered":"Parmi les axes concern\u00e9s, la ligne 10 du m\u00e9tro sera ferm\u00e9e du dimanche au jeudi, chaque soir, \u00e0&hellip;\n","protected":false},"author":2,"featured_media":376860,"comment_status":"","ping_status":"","sticky":false,"template":"","format":"standard","meta":{"footnotes":""},"categories":[1592],"tags":[1111,11,1777,674,1011,27,662,12,626,625,25,800],"class_list":{"0":"post-376859","1":"post","2":"type-post","3":"status-publish","4":"format-standard","5":"has-post-thumbnail","7":"category-ile-de-france","8":"tag-actu","9":"tag-actualites","10":"tag-eu","11":"tag-europe","12":"tag-fr","13":"tag-france","14":"tag-ile-de-france","15":"tag-news","16":"tag-paris","17":"tag-ratp","18":"tag-republique-francaise","19":"tag-transports"},"share_on_mastodon":{"url":"","error":""},"_links":{"self":[{"href":"https:\/\/www.europesays.com\/fr\/wp-json\/wp\/v2\/posts\/376859","targetHints":{"allow":["GET"]}}],"collection":[{"href":"https:\/\/www.europesays.com\/fr\/wp-json\/wp\/v2\/posts"}],"about":[{"href":"https:\/\/www.europesays.com\/fr\/wp-json\/wp\/v2\/types\/post"}],"author":[{"embeddable":true,"href":"https:\/\/www.europesays.com\/fr\/wp-json\/wp\/v2\/users\/2"}],"replies":[{"embeddable":true,"href":"https:\/\/www.europesays.com\/fr\/wp-json\/wp\/v2\/comments?post=376859"}],"version-history":[{"count":0,"href":"https:\/\/www.europesays.com\/fr\/wp-json\/wp\/v2\/posts\/376859\/revisions"}],"wp:featuredmedia":[{"embeddable":true,"href":"https:\/\/www.europesays.com\/fr\/wp-json\/wp\/v2\/media\/376860"}],"wp:attachment":[{"href":"https:\/\/www.europesays.com\/fr\/wp-json\/wp\/v2\/media?parent=376859"}],"wp:term":[{"taxonomy":"category","embeddable":true,"href":"https:\/\/www.europesays.com\/fr\/wp-json\/wp\/v2\/categories?post=376859"},{"taxonomy":"post_tag","embeddable":true,"href":"https:\/\/www.europesays.com\/fr\/wp-json\/wp\/v2\/tags?post=376859"}],"curies":[{"name":"wp","href":"https:\/\/api.w.org\/{rel}","templated":true}]}}